{"id":583348,"date":"2025-12-07T02:33:34","date_gmt":"2025-12-07T02:33:34","guid":{"rendered":"https:\/\/www.europesays.com\/fr\/583348\/"},"modified":"2025-12-07T02:33:34","modified_gmt":"2025-12-07T02:33:34","slug":"une-lutte-contre-le-budget-gouvernemental-et-deux-anniversaires","status":"publish","type":"post","link":"https:\/\/www.europesays.com\/fr\/583348\/","title":{"rendered":"une lutte contre le budget gouvernemental et deux anniversaires"},"content":{"rendered":"<p>\u00ab\u00a0Nous sommes en opposition aux orientations budg\u00e9taires du gouvernement Lecornu \u00bb, lance Mireille Carrot, secr\u00e9taire g\u00e9n\u00e9rale de l\u2019Union d\u00e9partementale CGT de la Loire, quelques minutes avant que la manifestation st\u00e9phanoise du 2\u00a0d\u00e9cembre ne s\u2019\u00e9lance.<\/p>\n<p>\u00ab\u00a0Ce sont des mesures d\u2019aust\u00e9rit\u00e9, continue-t-elle. Il faut aller prendre l\u2019argent l\u00e0 o\u00f9 il est. Par exemple, avec les exon\u00e9rations pour les entreprises\u00a0: 80\u00a0milliards de cotisations en moins et plus de 211\u00a0milliards d\u2019aides publiques. Il n\u2019y a pas d\u2019aust\u00e9rit\u00e9 pour les actionnaires.\u00a0\u00bb<\/p>\n<p>L\u00e9a Pierret, la co-secr\u00e9taire d\u00e9partementale FSU-SNUipp 42, abonde\u00a0: \u00ab\u00a0Nous sommes mobilis\u00e9s sur le budget depuis septembre et il n\u2019y a pas d\u2019\u00e9volution. Le recul sur les jours f\u00e9ri\u00e9s et la suspension de la r\u00e9forme des retraites, \u00e7a ne suffit pas. On demande des moyens pour de vraies mesures. L\u2019enjeu, c\u2019est de peser sur les d\u00e9put\u00e9s.\u00a0\u00bb<\/p>\n<p>Elle fustige \u00ab\u00a0les recettes qui baissent\u00a0\u00bb alors qu\u2019il est possible d\u2019aller chercher de l\u2019argent avec \u00ab\u00a0l\u2019ISF ou <a href=\"https:\/\/www.leprogres.fr\/politique\/2025\/10\/31\/zucman-patrimoine-retraites-une-journee-majeure-debute-ce-vendredi-a-l-assemblee-nationale\" target=\"_blank\" rel=\"noopener\">la taxe Zucman<\/a> \u00bb.<\/p>\n<p>  Anniversaire de la CGT et de la S\u00e9curit\u00e9 sociale<\/p>\n<p>Avant de faire entendre ces revendications dans les rues st\u00e9phanoises, la CGT a organis\u00e9 deux anniversaires sur les marches de la Bourse du travail. Le premier, celui des 130 ans de l\u2019organisation syndicale. Une longue banderole \u00ab\u00a0130 ans de combat pour la dignit\u00e9 humaine\u00a0\u00bb a \u00e9t\u00e9 d\u00e9ploy\u00e9e. Derri\u00e8re, dix portraits de syndicalistes locaux, femmes et hommes, ont \u00e9t\u00e9 brandis pour rappeler leur histoire.<\/p>\n<p>Au balcon, c\u2019est le portrait d\u2019Ambroise Croizat qui a \u00e9t\u00e9 affich\u00e9 et applaudi, pour les 80 ans de la cr\u00e9ation de la S\u00e9curit\u00e9 sociale, dont il a \u00e9t\u00e9 un artisan. Deux anniversaires f\u00eat\u00e9s \u00e0 grand renfort de torches en guise de bougies.<\/p>\n","protected":false},"excerpt":{"rendered":"\u00ab\u00a0Nous sommes en opposition aux orientations budg\u00e9taires du gouvernement Lecornu \u00bb, lance Mireille Carrot, secr\u00e9taire g\u00e9n\u00e9rale de l\u2019Union&hellip;\n","protected":false},"author":2,"featured_media":583349,"comment_status":"","ping_status":"","sticky":false,"template":"","format":"standard","meta":{"footnotes":""},"categories":[9653],"tags":[1111,11,2430,9671,7539,1777,674,1011,27,3367,12,316,25,137,4001,7538,801],"class_list":{"0":"post-583348","1":"post","2":"type-post","3":"status-publish","4":"format-standard","5":"has-post-thumbnail","7":"category-saint-etienne","8":"tag-actu","9":"tag-actualites","10":"tag-auvergne-rhone-alpes","11":"tag-conflit-social","12":"tag-edition-loire-sud","13":"tag-eu","14":"tag-europe","15":"tag-fr","16":"tag-france","17":"tag-loire","18":"tag-news","19":"tag-politique","20":"tag-republique-francaise","21":"tag-retraite","22":"tag-saint-etienne","23":"tag-saint-etienne-ville","24":"tag-social"},"share_on_mastodon":{"url":"https:\/\/pubeurope.com\/@fr\/115675948998861943","error":""},"_links":{"self":[{"href":"https:\/\/www.europesays.com\/fr\/wp-json\/wp\/v2\/posts\/583348","targetHints":{"allow":["GET"]}}],"collection":[{"href":"https:\/\/www.europesays.com\/fr\/wp-json\/wp\/v2\/posts"}],"about":[{"href":"https:\/\/www.europesays.com\/fr\/wp-json\/wp\/v2\/types\/post"}],"author":[{"embeddable":true,"href":"https:\/\/www.europesays.com\/fr\/wp-json\/wp\/v2\/users\/2"}],"replies":[{"embeddable":true,"href":"https:\/\/www.europesays.com\/fr\/wp-json\/wp\/v2\/comments?post=583348"}],"version-history":[{"count":0,"href":"https:\/\/www.europesays.com\/fr\/wp-json\/wp\/v2\/posts\/583348\/revisions"}],"wp:featuredmedia":[{"embeddable":true,"href":"https:\/\/www.europesays.com\/fr\/wp-json\/wp\/v2\/media\/583349"}],"wp:attachment":[{"href":"https:\/\/www.europesays.com\/fr\/wp-json\/wp\/v2\/media?parent=583348"}],"wp:term":[{"taxonomy":"category","embeddable":true,"href":"https:\/\/www.europesays.com\/fr\/wp-json\/wp\/v2\/categories?post=583348"},{"taxonomy":"post_tag","embeddable":true,"href":"https:\/\/www.europesays.com\/fr\/wp-json\/wp\/v2\/tags?post=583348"}],"curies":[{"name":"wp","href":"https:\/\/api.w.org\/{rel}","templated":true}]}}