{"id":583350,"date":"2025-12-07T02:34:30","date_gmt":"2025-12-07T02:34:30","guid":{"rendered":"https:\/\/www.europesays.com\/fr\/583350\/"},"modified":"2025-12-07T02:34:30","modified_gmt":"2025-12-07T02:34:30","slug":"les-reactions-a-chaud-des-joueurs-4","status":"publish","type":"post","link":"https:\/\/www.europesays.com\/fr\/583350\/","title":{"rendered":"Les r\u00e9actions \u00e0 chaud des joueurs !"},"content":{"rendered":"<p><strong>Le stade Marcel-Tribut accueillait ce samedi soir une affiche attendue entre Dunkerque et l\u2019AS Saint-\u00c9tienne, \u00e0 l\u2019occasion de la 16\u1d49 journ\u00e9e de Ligue 2. Dans ce match entre \u00e9quipes en forme, <a href=\"https:\/\/peuple-vert.fr\/asse-actualite\/dunkerque-asse-les-verts-victimes-du-realisme-des-nordistes\/\" target=\"_blank\" rel=\"noopener\">c&rsquo;est Dunkerque qui est sorti vainqueur (1-0)<\/a>.\u00a0\u00c0 l\u2019issue de la rencontre, quelques joueurs ont livr\u00e9 leurs premi\u00e8res impressions au micro de <a href=\"https:\/\/www.beinsports.com\/fr-fr\" target=\"_blank\" rel=\"noopener\">beIN Sports<\/a>. R\u00e9actions \u00e0 chaud c\u00f4t\u00e9 USLD et ASSE.<\/strong><\/p>\n<p data-start=\"740\" data-end=\"1018\"><strong>Enzo Bardeli (Dunkerque) :\u00a0 <\/strong>\u00ab\u00a0C\u2019est s\u00fbr que \u00e7a a \u00e9t\u00e9 tr\u00e8s difficile. On s\u2019y attendait : c\u2019est une tr\u00e8s belle \u00e9quipe, avec de grands joueurs qui veulent avoir le ballon comme nous. Donc oui, c\u2019\u00e9tait un match compliqu\u00e9. Je pense qu\u2019on a eu quelques moments de possession qui leur ont fait mal. En deuxi\u00e8me p\u00e9riode, on a un peu plus subi. On conc\u00e8de une barre transversale qui aurait pu changer le match, mais on a aussi eu des occasions. La victoire n\u2019est pas d\u00e9m\u00e9rit\u00e9e. On est tr\u00e8s contents, et je pense que c\u2019est vraiment une victoire collective. \u00c0 la fin, quand on d\u00e9fend tous ensemble comme \u00e7a, c\u2019est vraiment bien.<\/p>\n<p data-start=\"832\" data-end=\"1315\">Sur le but, je ne m\u2019y attends pas forc\u00e9ment, mais je me dis que c\u2019est possible que les d\u00e9fenseurs ne se comprennent pas tr\u00e8s bien, parce que le ballon arrive vraiment entre les deux. C\u2019est compliqu\u00e9 de savoir qui doit le prendre, donc j\u2019y crois un peu. \u00c7a me permet d\u2019encha\u00eener avec un contr\u00f4le tr\u00e8s proche de moi et une frappe qui n\u2019est pas tr\u00e8s puissante, mais que j\u2019essaie de mettre en hauteur pour l\u2019\u00e9loigner du gardien. Je parviens \u00e0 bien la placer, donc je suis tr\u00e8s content.\u00a0\u00bb<\/p>\n<p>Vincent Sasso (Dunkerque) : \u00a0\u00bb<\/p>\n<p data-start=\"469\" data-end=\"724\"><strong>Vincent Sasso (Dunkerque) :\u00a0<\/strong>\u00ab\u00a0C\u2019\u00e9tait important de ne pas prendre de but, surtout contre une \u00e9quipe aussi performante offensivement. Ils ont \u00e9norm\u00e9ment de qualit\u00e9, c\u2019est pour moi la meilleure \u00e9quipe du championnat. Mais on a r\u00e9ussi, avec nos armes et par s\u00e9quences, \u00e0 faire jeu \u00e9gal. On a su \u00eatre solides, et c\u2019\u00e9tait vraiment essentiel. On a serr\u00e9 les dents, parce qu\u2019on a aussi eu peur sur certaines situations. Bravo aux supporters, \u00e0 toute l\u2019\u00e9quipe, \u00e0 ceux qui sont entr\u00e9s : tout le monde a contribu\u00e9. C\u2019est vraiment une victoire collective.<\/p>\n<p>Oui, je pense qu\u2019il faut qu\u2019on soit le plus polyvalents possible. En Ligue 2, Saint-\u00c9tienne est une \u00e9quipe qui joue, comme Troyes ou le Red Star, mais il y a aussi des \u00e9quipes qui misent beaucoup sur la transition. Donc c\u2019est important d\u2019avoir plusieurs cordes \u00e0 notre arc : \u00eatre capables de jouer avec le ballon mais aussi d\u2019\u00eatre efficaces en transition. Aujourd\u2019hui, je pense qu\u2019on l\u2019a bien fait.\u00a0\u00bb<\/p>\n<p>Florian Tardieu (ASSE) : \u00ab\u00a0Excusez-moi du terme, mais \u00e7a fait chier\u00a0\u00bb<\/p>\n<p data-start=\"740\" data-end=\"1018\"><strong><a href=\"https:\/\/peuple-vert.fr\/joueurs\/florian-tardieu\/\" target=\"_blank\" rel=\"noopener\">Florian Tardieu<\/a> (ASSE) : <\/strong>\u00ab\u00a0Excusez-moi du terme, mais \u00e7a fait chier. Je pense qu\u2019on est bien, qu\u2019on a les situations pour marquer. Et voil\u00e0 : contre une \u00e9quipe comme \u00e7a, qui aime jouer et qui a de la qualit\u00e9, si on ne concr\u00e9tise pas, on se fait punir. On est un peu passifs sur le but. Aujourd\u2019hui, on s\u2019en mord les doigts. On a les occasions, et ce qu\u2019on retiendra, c\u2019est la d\u00e9faite. Donc oui, ce soir, \u00e7a fait chier.<\/p>\n<p data-start=\"1739\" data-end=\"2077\">C\u2019est dans les deux surfaces que \u00e7a se joue, d\u00e9fensivement comme offensivement. On l\u2019a encore vu lors du dernier match \u00e0 domicile : on m\u00e8ne 2-0 contre Nancy, on se fait peur jusqu\u2019\u00e0 la fin parce qu\u2019on ne marque pas le troisi\u00e8me. Aujourd\u2019hui, on doit mener 1-0 avant Dunkerque. Au final, on ne marque pas, et apr\u00e8s, on se tue tout seuls.\u00a0\u00bb<\/p>\n","protected":false},"excerpt":{"rendered":"Le stade Marcel-Tribut accueillait ce samedi soir une affiche attendue entre Dunkerque et l\u2019AS Saint-\u00c9tienne, \u00e0 l\u2019occasion de&hellip;\n","protected":false},"author":2,"featured_media":583351,"comment_status":"","ping_status":"","sticky":false,"template":"","format":"standard","meta":{"footnotes":""},"categories":[9653],"tags":[1111,11,2430,1777,674,1011,27,12,25,4001],"class_list":{"0":"post-583350","1":"post","2":"type-post","3":"status-publish","4":"format-standard","5":"has-post-thumbnail","7":"category-saint-etienne","8":"tag-actu","9":"tag-actualites","10":"tag-auvergne-rhone-alpes","11":"tag-eu","12":"tag-europe","13":"tag-fr","14":"tag-france","15":"tag-news","16":"tag-republique-francaise","17":"tag-saint-etienne"},"share_on_mastodon":{"url":"https:\/\/pubeurope.com\/@fr\/115675952814524670","error":""},"_links":{"self":[{"href":"https:\/\/www.europesays.com\/fr\/wp-json\/wp\/v2\/posts\/583350","targetHints":{"allow":["GET"]}}],"collection":[{"href":"https:\/\/www.europesays.com\/fr\/wp-json\/wp\/v2\/posts"}],"about":[{"href":"https:\/\/www.europesays.com\/fr\/wp-json\/wp\/v2\/types\/post"}],"author":[{"embeddable":true,"href":"https:\/\/www.europesays.com\/fr\/wp-json\/wp\/v2\/users\/2"}],"replies":[{"embeddable":true,"href":"https:\/\/www.europesays.com\/fr\/wp-json\/wp\/v2\/comments?post=583350"}],"version-history":[{"count":0,"href":"https:\/\/www.europesays.com\/fr\/wp-json\/wp\/v2\/posts\/583350\/revisions"}],"wp:featuredmedia":[{"embeddable":true,"href":"https:\/\/www.europesays.com\/fr\/wp-json\/wp\/v2\/media\/583351"}],"wp:attachment":[{"href":"https:\/\/www.europesays.com\/fr\/wp-json\/wp\/v2\/media?parent=583350"}],"wp:term":[{"taxonomy":"category","embeddable":true,"href":"https:\/\/www.europesays.com\/fr\/wp-json\/wp\/v2\/categories?post=583350"},{"taxonomy":"post_tag","embeddable":true,"href":"https:\/\/www.europesays.com\/fr\/wp-json\/wp\/v2\/tags?post=583350"}],"curies":[{"name":"wp","href":"https:\/\/api.w.org\/{rel}","templated":true}]}}