{"id":583352,"date":"2025-12-07T02:36:44","date_gmt":"2025-12-07T02:36:44","guid":{"rendered":"https:\/\/www.europesays.com\/fr\/583352\/"},"modified":"2025-12-07T02:36:44","modified_gmt":"2025-12-07T02:36:44","slug":"photos-bicentenaire-de-lecole-forestiere-de-nancy-600-arbres-plantes","status":"publish","type":"post","link":"https:\/\/www.europesays.com\/fr\/583352\/","title":{"rendered":"Photos. Bicentenaire de l\u2019\u00e9cole foresti\u00e8re de Nancy\u00a0: 600 arbres plant\u00e9s"},"content":{"rendered":"<p>\u00c0 l\u2019occasion de son anniversaire, l\u2019\u00e9cole foresti\u00e8re de Nancy a rassembl\u00e9 \u00e9tudiants, enseignants et professionnels dans la for\u00eat de la Reine \u00e0 Gerb\u00e9viller pour une plantation symbolique de 600 arbres. Cette initiative collective souligne l\u2019engagement d\u2019AgroParis Tech et de ses partenaires en faveur d\u2019une gestion durable des for\u00eats et de leur adaptation aux changements climatiques.<\/p>\n","protected":false},"excerpt":{"rendered":"\u00c0 l\u2019occasion de son anniversaire, l\u2019\u00e9cole foresti\u00e8re de Nancy a rassembl\u00e9 \u00e9tudiants, enseignants et professionnels dans la for\u00eat&hellip;\n","protected":false},"author":2,"featured_media":583353,"comment_status":"","ping_status":"","sticky":false,"template":"","format":"standard","meta":{"footnotes":""},"categories":[9635],"tags":[1111,11,1707,4854,436,1777,674,1011,27,2798,69680,775,1702,12,25],"class_list":{"0":"post-583352","1":"post","2":"type-post","3":"status-publish","4":"format-standard","5":"has-post-thumbnail","7":"category-nancy","8":"tag-actu","9":"tag-actualites","10":"tag-edition-luneville","11":"tag-enseignement-superieur","12":"tag-environnement","13":"tag-eu","14":"tag-europe","15":"tag-fr","16":"tag-france","17":"tag-galerie-photo","18":"tag-gerbeviller","19":"tag-grand-est","20":"tag-nancy","21":"tag-news","22":"tag-republique-francaise"},"share_on_mastodon":{"url":"https:\/\/pubeurope.com\/@fr\/115675960687111280","error":""},"_links":{"self":[{"href":"https:\/\/www.europesays.com\/fr\/wp-json\/wp\/v2\/posts\/583352","targetHints":{"allow":["GET"]}}],"collection":[{"href":"https:\/\/www.europesays.com\/fr\/wp-json\/wp\/v2\/posts"}],"about":[{"href":"https:\/\/www.europesays.com\/fr\/wp-json\/wp\/v2\/types\/post"}],"author":[{"embeddable":true,"href":"https:\/\/www.europesays.com\/fr\/wp-json\/wp\/v2\/users\/2"}],"replies":[{"embeddable":true,"href":"https:\/\/www.europesays.com\/fr\/wp-json\/wp\/v2\/comments?post=583352"}],"version-history":[{"count":0,"href":"https:\/\/www.europesays.com\/fr\/wp-json\/wp\/v2\/posts\/583352\/revisions"}],"wp:featuredmedia":[{"embeddable":true,"href":"https:\/\/www.europesays.com\/fr\/wp-json\/wp\/v2\/media\/583353"}],"wp:attachment":[{"href":"https:\/\/www.europesays.com\/fr\/wp-json\/wp\/v2\/media?parent=583352"}],"wp:term":[{"taxonomy":"category","embeddable":true,"href":"https:\/\/www.europesays.com\/fr\/wp-json\/wp\/v2\/categories?post=583352"},{"taxonomy":"post_tag","embeddable":true,"href":"https:\/\/www.europesays.com\/fr\/wp-json\/wp\/v2\/tags?post=583352"}],"curies":[{"name":"wp","href":"https:\/\/api.w.org\/{rel}","templated":true}]}}