{"id":583354,"date":"2025-12-07T02:38:41","date_gmt":"2025-12-07T02:38:41","guid":{"rendered":"https:\/\/www.europesays.com\/fr\/583354\/"},"modified":"2025-12-07T02:38:41","modified_gmt":"2025-12-07T02:38:41","slug":"baptiste-valette-lex-gardien-de-lasnl-et-du-fc-sochaux-sera-rejuge-en-appel","status":"publish","type":"post","link":"https:\/\/www.europesays.com\/fr\/583354\/","title":{"rendered":"Baptiste Valette, l&rsquo;ex-gardien de l&rsquo;ASNL et du FC Sochaux,\u00a0sera rejug\u00e9 en appel"},"content":{"rendered":"<p>Le parquet g\u00e9n\u00e9ral de Nancy a fait appel de l&rsquo;acquittement du joueur de football Baptiste Valette, ancien gardien de but de l&rsquo;ASNL (L2) et du FC Sochaux prononc\u00e9 mercredi par la cour criminelle apr\u00e8s un proc\u00e8s pour viol aggrav\u00e9.<\/p>\n<p>Le joueur de 33 ans, qui \u00e9volue d\u00e9sormais \u00e0 Grasse (National 2), <a href=\"https:\/\/www.estrepublicain.fr\/faits-divers-justice\/2025\/12\/03\/l-ex-gardien-de-but-de-l-asnl-baptiste-valette-juge-pour-viol-acquitte\" target=\"_blank\" rel=\"noopener\">a comparu devant la cour criminelle de lundi \u00e0 mercredi pour le viol<\/a>, fin 2019, d&rsquo;une jeune fille de 18 ans \u00e0 la sortie d&rsquo;une bo\u00eete de nuit, des faits qu&rsquo;il a pr\u00e9sent\u00e9s comme un rapport consenti.<\/p>\n<p>L&rsquo;avocat g\u00e9n\u00e9ral Mohager Benmerouche <a href=\"https:\/\/www.estrepublicain.fr\/faits-divers-justice\/2025\/12\/03\/viol-a-nancy-8-ans-ferme-avec-mandat-de-depot-requis-a-l-encontre-de-baptiste-valette\" target=\"_blank\" rel=\"noopener\">avait requis huit ans d&#8217;emprisonnement et un mandat de d\u00e9p\u00f4t<\/a> contre le joueur, qui \u00e9tait en \u00e9tat d&rsquo;\u00e9bri\u00e9t\u00e9 le soir des faits.<\/p>\n<p>L&rsquo;annonce de l&rsquo;appel du parquet g\u00e9n\u00e9ral constitue \u00ab un soulagement \u00bb pour la partie civile, a r\u00e9agi aupr\u00e8s de l&rsquo;AFP Me St\u00e9phane Mass\u00e9. \u00ab Ce n&rsquo;\u00e9tait pas \u00e9vident que le parquet fasse un appel sur un acquittement surtout quand ce dernier a \u00e9t\u00e9 rendu par une cour criminelle, compos\u00e9e de magistrats professionnels \u00bb, a poursuivi l&rsquo;avocat.<\/p>\n<p>Jur\u00e9s populaires<\/p>\n<p>\u00ab Au vu de la mani\u00e8re dont les d\u00e9bats ont \u00e9t\u00e9 men\u00e9s, j&rsquo;estime \u00e7a bien qu&rsquo;une nouvelle juridiction se prononce, qu&rsquo;on ne reste pas sur une impression d&rsquo;une justice qui a pu donner le sentiment d&rsquo;\u00eatre bienveillante avec l&rsquo;accus\u00e9 \u00bb, a d\u00e9clar\u00e9 Me St\u00e9phane Mass\u00e9.<\/p>\n<p>Caroline Toby, avocate du footballeur, n&rsquo;a pas souhait\u00e9 faire de commentaire.<\/p>\n<p>M. Valette sera cette fois jug\u00e9 par une cour d&rsquo;assises compos\u00e9e de jur\u00e9s populaires.<\/p>\n<p>Les faits s\u2019\u00e9taient d\u00e9roul\u00e9s le 15 d\u00e9cembre 2019 \u00e0 la sortie d&rsquo;une discoth\u00e8que pr\u00e8s de la <a href=\"https:\/\/www.estrepublicain.fr\/p\/place-stanislas\" target=\"_blank\" rel=\"noopener\">place Stanislas<\/a> \u00e0 Nancy, o\u00f9 un jeu de s\u00e9duction avait d\u00e9but\u00e9 entre les deux protagonistes. Baptiste Valette n\u2019a jamais ni\u00e9 avoir eu une relation sexuelle avec une jeune fille.<\/p>\n<p>\u00ab\u00a0Liaison consentie\u00a0\u00bb<\/p>\n<p>Depuis le d\u00e9but de l&rsquo;affaire, selon son avocate Caroline Toby, \u00ab il \u00e9voque le fait que <a href=\"https:\/\/www.estrepublicain.fr\/faits-divers-justice\/2025\/12\/01\/juge-pour-viol-baptiste-valette-l-ex-goal-de-l-asnl-evoque-une-relation-consentie\" target=\"_blank\" rel=\"noopener\">cette liaison \u00e9tait consentie<\/a> \u00bb.<\/p>\n<p>De son c\u00f4t\u00e9, la jeune fille \u00e2g\u00e9e de 18 ans \u00e0 l&rsquo;\u00e9poque raconte que \u00ab plusieurs fois elle a manifest\u00e9 son refus \u00bb.<\/p>\n<p>Depuis sa mise en examen, le joueur \u00e9tait sous contr\u00f4le judiciaire. Parti de Nancy en 2022, Baptiste Valette a depuis jou\u00e9 \u00e0 Cholet, Sochaux puis Grasse (Nationale 2), o\u00f9 il est actuellement en poste.<\/p>\n","protected":false},"excerpt":{"rendered":"Le parquet g\u00e9n\u00e9ral de Nancy a fait appel de l&rsquo;acquittement du joueur de football Baptiste Valette, ancien gardien&hellip;\n","protected":false},"author":2,"featured_media":583355,"comment_status":"","ping_status":"","sticky":false,"template":"","format":"standard","meta":{"footnotes":""},"categories":[9635],"tags":[1111,11,3703,1777,674,274,14186,1011,27,775,3457,1702,12,3456,25,14185,1700],"class_list":{"0":"post-583354","1":"post","2":"type-post","3":"status-publish","4":"format-standard","5":"has-post-thumbnail","7":"category-nancy","8":"tag-actu","9":"tag-actualites","10":"tag-asnl","11":"tag-eu","12":"tag-europe","13":"tag-faits-divers-justice","14":"tag-fc-sochaux-montbeliard","15":"tag-fr","16":"tag-france","17":"tag-grand-est","18":"tag-meurthe-et-moselle","19":"tag-nancy","20":"tag-news","21":"tag-region-lorraine","22":"tag-republique-francaise","23":"tag-sport-franc-comtois","24":"tag-sport-lorrain"},"share_on_mastodon":{"url":"https:\/\/pubeurope.com\/@fr\/115675968492465754","error":""},"_links":{"self":[{"href":"https:\/\/www.europesays.com\/fr\/wp-json\/wp\/v2\/posts\/583354","targetHints":{"allow":["GET"]}}],"collection":[{"href":"https:\/\/www.europesays.com\/fr\/wp-json\/wp\/v2\/posts"}],"about":[{"href":"https:\/\/www.europesays.com\/fr\/wp-json\/wp\/v2\/types\/post"}],"author":[{"embeddable":true,"href":"https:\/\/www.europesays.com\/fr\/wp-json\/wp\/v2\/users\/2"}],"replies":[{"embeddable":true,"href":"https:\/\/www.europesays.com\/fr\/wp-json\/wp\/v2\/comments?post=583354"}],"version-history":[{"count":0,"href":"https:\/\/www.europesays.com\/fr\/wp-json\/wp\/v2\/posts\/583354\/revisions"}],"wp:featuredmedia":[{"embeddable":true,"href":"https:\/\/www.europesays.com\/fr\/wp-json\/wp\/v2\/media\/583355"}],"wp:attachment":[{"href":"https:\/\/www.europesays.com\/fr\/wp-json\/wp\/v2\/media?parent=583354"}],"wp:term":[{"taxonomy":"category","embeddable":true,"href":"https:\/\/www.europesays.com\/fr\/wp-json\/wp\/v2\/categories?post=583354"},{"taxonomy":"post_tag","embeddable":true,"href":"https:\/\/www.europesays.com\/fr\/wp-json\/wp\/v2\/tags?post=583354"}],"curies":[{"name":"wp","href":"https:\/\/api.w.org\/{rel}","templated":true}]}}