{"id":583358,"date":"2025-12-07T02:41:20","date_gmt":"2025-12-07T02:41:20","guid":{"rendered":"https:\/\/www.europesays.com\/fr\/583358\/"},"modified":"2025-12-07T02:41:20","modified_gmt":"2025-12-07T02:41:20","slug":"on-a-vu-m-pokora-a-la-sud-de-france-arena-lambition-dingue-dun-artiste-au-top-de-sa-forme","status":"publish","type":"post","link":"https:\/\/www.europesays.com\/fr\/583358\/","title":{"rendered":"On a vu M.Pokora \u00e0 la Sud de France Arena\u00a0: l\u2019ambition dingue d\u2019un artiste au top de sa forme\u00a0!"},"content":{"rendered":"<p>\n                                                                M.\u00a0Pokora s\u2019est produit vendredi \u00e0 la Sud de France Arena \u00e0 Montpellier, pas devant 7\u00a0000 spectateurs, mais avec eux, et a offert avec son \u00ab\u00a0Adr\u00e9naline tour\u00a0\u00bb, sans doute le spectacle le plus grandiose de sa carri\u00e8re (\u00e0 ce jour). On y \u00e9tait, on vous raconte mais attention, on spoile\u00a0!\n                            <\/p>\n<p>Pendant un bon quart d\u2019heure, il ne s\u2019est rien pass\u00e9, mais rien de rien, puis, pendant deux bonnes heures, \u00e7a n\u2019a plus arr\u00eat\u00e9, mais alors plus du tout\u00a0! Vendredi soir, l&rsquo;<a href=\"https:\/\/mpokora.shop\/\" target=\"_self\" rel=\"noopener\">\u00ab\u00a0Adr\u00e9naline tour\u00a0\u00bb de M. Pokora<\/a> s\u2019est arr\u00eat\u00e9\u00a0la Sud de France Arena, \u00e0 Montpellier, et les 7\u00a0000 t\u00e9moins de son escale vous le confirmeront\u00a0: c\u2019\u00e9tait \u00e9norme\u00a0!<\/p>\n<p>Or donc, apr\u00e8s la\u00a0premi\u00e8re partie assur\u00e9e (joliment assur\u00e9e) par Ha\u00efl\u00e9\u00a0D\u00e4sta, la sc\u00e8ne a-t-elle replong\u00e9 dans l\u2019obscurit\u00e9. On n\u2019entend plus que le chuintement des r\u00e9acteurs d\u2019une fus\u00e9e sur son\u00a0pas de tir et les bips num\u00e9riques des machines. Deux myst\u00e9rieux personnages, tout de blanc sap\u00e9s, masqu\u00e9s, fa\u00e7on Assassin\u2019s creed, font un court passage dans le parterre, sinon rien pendant plus d\u2019un quart d\u2019heure. C\u2019est un peu long.<\/p>\n<p>Adr\u00e9naline, tout un concept<\/p>\n<p>Enfin, une voix robotique se fait entendre et nous explique, en s\u2019appuyant sur les deux \u00e9crans g\u00e9ants verticaux de la sc\u00e8ne, le concept du spectacle, \u00ab\u00a0un test\u00a0\u00bb\u00a0: M.\u00a0Pokora est \u00ab\u00a0le prototype\u00a0\u00bb qui va \u00eatre exp\u00e9riment\u00e9\u00a0\u00ab\u00a0dans Adr\u00e9naline\u00a0\u00bb.\u00a0On le voit sur les \u00e9crans, courir sur tapis roulant, masque \u00e0 oxyg\u00e8ne sur le nez, constantes affich\u00e9es, fa\u00e7on L\u2019\u00e9toffe des h\u00e9ros. On baigne en pleine science-fiction\u00a0! Ce n\u2019est que le d\u00e9but\u00a0!<\/p>\n<p>Le voil\u00e0 qui appara\u00eet vraiment, reli\u00e9 \u00e0 moult tuyaux dans un d\u00e9cor de n\u00e9ons virtuels, tout en haut du gigantesque escalier que forme la sc\u00e8ne. Car dans la lumi\u00e8re (le pluriel sera toujours plus pertinent durant ce show, gigantesque s\u00e9ance de zumba pour pupilles\u00a0: dilatation\/r\u00e9tr\u00e9cissement, et plus vite que \u00e7a\u00a0!), on voit beaucoup mieux que celle-ci distribue les quatre musiciens \u00e0 jardin et cour, laissant son vaste c\u0153ur \u00e0 une impressionnante vol\u00e9e de marches qui descend jusqu\u2019\u00e0 la fosse\u00a0de l\u2019Arena, et son parterre assis. Pas la moindre trace de barri\u00e8re de s\u00e9curit\u00e9 donc pas de s\u00e9paration entre la sc\u00e8ne et la salle, autrement dit entre la star et son public.<\/p>\n<p>\u00ab\u00a0Regards braqu\u00e9s sur moi, le pouls s\u2019acc\u00e9l\u00e8re, vos c\u0153urs au bout des doigts, cette fois, c\u2019est la\u2026 derni\u00e8re\u00a0\u00bb, chante M. Pokora, tout en dansant \u00e9videmment. \u00ab\u00a0Par la grande porte, je veux m\u2019en aller.\u00a0Et mes enfants\u00a0Seront fiers d\u2019ma \u00ab\u00a0life\u00a0\u00bb.\u00a0Quoi qu\u2019\u2019il arrive, j\u2019aurai tout donn\u00e9.\u00a0Adr\u00e9naline jusqu\u2019au bout d\u2019la \u00ab\u00a0life\u00a0\u00bb\u00a0\u00bb. Comme d\u00e9claration d\u2019intention, difficile de faire\u00a0pas mieux\u00a0!<\/p>\n<p>Une exploration de son r\u00e9pertoire<\/p>\n<p>Ainsi, son\u00a0spectacle, pour futuriste que soit son d\u00e9corum, va-t-il \u00eatre \u00e9galement une mani\u00e8re de r\u00e9trospective. Pas tout \u00e0 fait une conclusion mais un bilan tout de m\u00eame, significatif\u00a0d\u2019un changement (de direction\u00a0? d\u2019envergure\u00a0? de paradigme\u00a0? d\u2019\u00e2ge\u00a0?). Ainsi, encha\u00eene-t-il avec Dangerous, une\u00a0chanson de 2008 ultra efficace, dans un style proche de Justin\u00a0Timberlake, au d\u2019une douzaine de danseuses et danseurs mont\u00e9s sur ressorts (et sur ascenseurs\u00a0: ils surgissent de l\u2019int\u00e9rieur m\u00eame du grand escalier\u00a0!).\u00a0Apr\u00e8s un nouveau morceau, plus sentimental\u00a0Reflet, qui lui offre d\u2019enlever sa veste, et de montrer ses musculeux bras tatou\u00e9s dans un soupir unanime de la salle, il offre une version explosive, dop\u00e9 au reggaeton, d\u2019Elle me contr\u00f4le, un tube vingtenaire\u00a0!<\/p>\n<p>Retournement temporel pour la nouvelle Suis-moi je te fuis avec tuto de la chor\u00e9graphie fourni par deux silhouettes b\u00e2tons sur les \u00e9crans\u2026 avant qu\u2019un \u00ab\u00a0authentique\u00a0\u00bb Stickman apparaisse sur sc\u00e8ne pour un pas de deux avec la star\u00a0! Si on se disait est plus calme, servie avec une nouvelle \u00ab\u00a0chor\u00e9\u00a0\u00bb joliment \u00e9clair\u00e9e par de petites loupiotes dans la main des danseurs. \u00ab\u00a0Intensification requise\u00a0\u00bb, gr\u00e9sille la voix robotique. Donc acte\u00a0: Alexandrie, Alexandra, pieds au plancher, bras au sommet\u00a0! La salle danse, exulte, mais elle n\u2019est pas au bout de ses peines (de ses joies, plut\u00f4t\u00a0!)\u00a0: pour Toute ma life, M.\u00a0Pokora descend (enfin\u00a0!) dans le parterre avec ses danseuses\u00a0! Avec son gimmick rythmique proche du Thriller de Michael Jackson, Complice (1,2,3) ach\u00e8ve de rendre dingue le public.<\/p>\n<p>        <img decoding=\"async\" class=\"std-img__img responsive-img\" src=\"https:\/\/www.europesays.com\/fr\/wp-content\/uploads\/2025\/12\/1765075279_921_image.jpg\" alt=\"Quand on dit que M.Pokora est proche de son public, ce n\u2019est pas un vain mot\u00a0!\"\/><\/p>\n<p>                Quand on dit que M.Pokora est proche de son public, ce n\u2019est pas un vain mot\u00a0!<br \/>\n                                    J.BE<\/p>\n<p>Le \u00ab\u00a0prototype\u00a0\u00bb est victime d\u2019un bug\u00a0; ce qui nous offre un interm\u00e8de vid\u00e9o rigolo fa\u00e7on r\u00e9initialisation de Robocop. Quand M. Pokora revient, il a chang\u00e9 de tenu, et de tempo. Il roucoule\u00a0Juste une photo de toi\u00a0dans une cabine t\u00e9l\u00e9phonique \u00e0 pi\u00e8ces (souvenez-vous).\u00a0\u00ab\u00a0\u00c7a ne nous rajeunit pas, cette chanson\u00a0! Quinze ans, d\u00e9j\u00e0\u00a0!, soupire l\u2019artiste, visant une enfant dans le parterre. Je l\u2019ai vue qui la chantait, alors qu\u2019elle n\u2019\u00e9tait m\u00eame pas n\u00e9e. Je suis hyper reconnaissant de cela\u00a0! Pour un artiste, il n\u2019y a rien de plus beau que de faire partie de vos vies, de vos familles, gr\u00e2ce \u00e0 ses chansons. Merci du fond du c\u0153ur\u00a0!\u00a0\u00bb\u00a0Et de\u00a0poursuit dans le \u00ab\u00a0lover\u00a0\u00bb, limite lacrymal, avec Quand m\u00eame.<\/p>\n<p>Quatre spectateurs en guest stars<\/p>\n<p>Il se ressaisit sur Tomb\u00e9, qui lui offre l\u2019occasion de retourner dans le public, cette fois en grimpant (tr\u00e8s haut, tr\u00e8s loin) dans les gradins (ce qu\u2019il refera une nouvelle fois, pour la partie de la salle qu\u2019il n\u2019a pas eu le temps de saluer \u2013 avec rafales de check \u2013 durant ce titre). S\u2019il revient ensuite sur sc\u00e8ne, c\u2019est pour mieux y convier quatre spectateurs choisis par ses danseuses pour leur faire passer le test \u00ab\u00a0Adr\u00e9naline max\u00a0\u00bb\u00a0: Terry (du golf de Saint-Tropez), Emmanuelle (dont c\u2019est l\u2019anniversaire, un an de moins que Matt\u00a0!), Kathleen (de Quissac, mais n\u00e9e \u00e0 Metz) et Jennifer (de l\u2019Aveyron, originaire de P\u00e9rols) sont \u00e9quip\u00e9s de bracelets mesurant leurs pulsations cardiaques. Il chante A nos actes manqu\u00e9s, de JJ Goldman, et fort de ces quatre danseurs suppl\u00e9mentaires, invite la salle \u00e0 le suivre dans une nouvelle chor\u00e9graphie facile et\u00a0joyeuse. Diagnostic de M. Pokora\u00a0: \u00ab\u00a0Dis donc, Terry, tu as l\u2019air moins perturb\u00e9 de danser face \u00e0 7000 personnes que par la proximit\u00e9 des danseuses\u00a0!\u00a0\u00bb<\/p>\n<p>        <img decoding=\"async\" class=\"std-img__img responsive-img\" src=\"https:\/\/www.europesays.com\/fr\/wp-content\/uploads\/2025\/12\/1765075280_771_image.jpg\" alt=\"Le lightshow du spectacle de la tourn\u00e9e &quot;Adr\u00e9naline&quot; en met plein la vue\u2026 litt\u00e9ralement\u00a0!\"\/><\/p>\n<p>                Le lightshow du spectacle de la tourn\u00e9e \u00ab\u00a0Adr\u00e9naline\u00a0\u00bb en met plein la vue\u2026 litt\u00e9ralement\u00a0!<br \/>\n                                    PIXELINE PHOTOGRAPHIE &#8211; PIXELINE PHOTOGRAPHIE<\/p>\n<p>Apr\u00e8s On est l\u00e0, il s\u2019offre une s\u00e9quence acoustique sur les plus basses marches, au pied de la sc\u00e8ne (il y a un \u00e9norme \u00e9cran en fond de sc\u00e8ne \u2013 au passage, il faut saluer l\u2019op\u00e9rateur steadycam qui n\u2019a pas arr\u00eat\u00e9 pendant deux heures\u00a0!). Il\u00a0encha\u00eene Pas sans toi, Qui on est\u2026 Et contre toute attente, le public commence de chanter la version r\u00e9vis\u00e9e des Plan\u00e8tes, avec le texte fourni par la production (on l\u2019a trouv\u00e9 sur notre place en arrivant) qui fait l\u2019\u00e9loge de M. Pokora qui, surpris ou feignant de l\u2019\u00eatre, \u00e9crase en tout cas une larmichette. \u00ab\u00a0Merci pour l\u2019initiative, la famille, je ne peux pas vous promettre d\u2019\u00eatre l\u00e0 jusqu\u2019\u00e0\u2026 pffff\u2026 Mais d\u2019une mani\u00e8re ou d\u2019une autre, je serai toujours l\u00e0, je prendrai peut-\u00eatre un peu plus de temps \u00e0 l\u2019avenir mais jamais je ne vous laisserai tomber\u00a0!\u00a0\u00bb Et de reprendre le cours de son set acoustique\u00a0: Juste un instant, Chaque seconde (son duo avec Pierre Garnier, excus\u00e9).<\/p>\n<p>Un final et un message<\/p>\n<p>Retour vers l\u2019\u00e9lectrique, et vers le futur avec Mille fois avec une animation vid\u00e9o de choeur gospel, Le monde\u00a0serti d\u2019un \u00e9norme solo de guitare, \u00e9pique, logorrh\u00e9ique, de Ha\u00efl\u00e9 D\u00e4sta\u00a0\u00e0 la Flying-V, et Eclipse dans un impressionnant show\u00a0laser \u00e0 la Matrix. La version des Plan\u00e8tes qui suit est encore plus magnifique, qui d\u00e9ploie son d\u00e9cor et son lightshow\u00a0dans une succession de visions d\u2019un espace dor\u00e9 \u00e0 l\u2019or fin.<\/p>\n<p>Le spectacle touche alors \u00e0 sa fin et avant d\u2019entonner En haut des marches, Matt Pokora tient \u00e0 expliciter le sens de sa sc\u00e8ne en escalier. Il se souvient en effet qu\u2019\u00e0 ses tout d\u00e9buts, \u00e0 l\u2019\u00e9poque du t\u00e9l\u00e9-crochet Popstars, avant donc le d\u00e9collage avec son band Linkup, on l\u2019avait pr\u00e9venu\u00a0: \u00ab\u00a0N\u2019oublie pas que les gens que tu vas croiser sur ton chemin en grimpant, tu les recroiseras en redescendant.\u00a0\u00bb\u00a0Aussi, voit-il sa carri\u00e8re comme cet escalier, \u00ab\u00a0ce qui relie les r\u00eaves d\u2019en bas aux promesses d\u2019en haut\u00a0\u00bb. Dans son \u00e9lan, il se fend d\u2019un message, son message pour ce monde d\u00e9senchant\u00e9\u00a0: \u00ab\u00a0Il faut soutenir les r\u00eaves des enfants\u00a0! Oui, les enfants, personne ne r\u00eavera \u00e0 votre place alors r\u00eavez grand, n\u2019\u00e9coutez que votre c\u0153ur, et les parents, donnez-leur des ailes\u00a0! Quel que soit votre domaine, levez-vous tous les jours avec un petit objectif \u00e0 atteindre, une lumi\u00e8re \u00e0 viser\u00a0! Votre r\u00eave n\u2019est pas si loin que \u00e7a\u00a0!\u00a0\u00bb Pour beaucoup, ce vendredi soir, le r\u00eave, effectivement, \u00e9tait juste \u00e0 quelques marches. Waouh\u00a0!<\/p>\n<p>    Ha\u00efl\u00e9 D\u00e4sta en premi\u00e8re partie<\/p>\n<p>Impressionnante voix baryton, falsetto de malade, Ha\u00efl\u00e9 D\u00e4sta a assur\u00e9 la premi\u00e8re partie de M. Pokora, en solo et sans trembler. S\u2019accompagnant \u00e0 la guitare acoustique et de quelques boucles d\u00e9clench\u00e9es au pied, il a d\u00e9livr\u00e9 un set plut\u00f4t sentimental et m\u00e9lancolique (eh, les amours, \u00e7a ne marche pas tout le temps\u00a0!), dans un style mixant soul, R\u00a0&amp; B et vari\u00e9t\u00e9 urbaine, que l\u2019on peut retrouver sur son EP M\u00e9decine. On a pu appr\u00e9cier sa dext\u00e9rit\u00e9 \u00e0 la six-cordes d\u00e9branch\u00e9e, avant qu\u2019il ne fasse parler la poudre durant le set de M. Pokora dont il est le guitariste attitr\u00e9, \u00e0 la fois omnipr\u00e9sent et discret. Enfin, sauf le temps d\u2019un solo fluide et titanesque\u00a0!<\/p>\n","protected":false},"excerpt":{"rendered":"M.\u00a0Pokora s\u2019est produit vendredi \u00e0 la Sud de France Arena \u00e0 Montpellier, pas devant 7\u00a0000 spectateurs, mais avec&hellip;\n","protected":false},"author":2,"featured_media":583359,"comment_status":"","ping_status":"","sticky":false,"template":"","format":"standard","meta":{"footnotes":""},"categories":[9599],"tags":[1111,11,69492,872,1777,674,1011,27,7089,2208,12,2680,25],"class_list":{"0":"post-583358","1":"post","2":"type-post","3":"status-publish","4":"format-standard","5":"has-post-thumbnail","7":"category-montpellier","8":"tag-actu","9":"tag-actualites","10":"tag-concerts-spectacles","11":"tag-culture-et-loisirs","12":"tag-eu","13":"tag-europe","14":"tag-fr","15":"tag-france","16":"tag-herault","17":"tag-montpellier","18":"tag-news","19":"tag-occitanie","20":"tag-republique-francaise"},"share_on_mastodon":{"url":"https:\/\/pubeurope.com\/@fr\/115675981094833393","error":""},"_links":{"self":[{"href":"https:\/\/www.europesays.com\/fr\/wp-json\/wp\/v2\/posts\/583358","targetHints":{"allow":["GET"]}}],"collection":[{"href":"https:\/\/www.europesays.com\/fr\/wp-json\/wp\/v2\/posts"}],"about":[{"href":"https:\/\/www.europesays.com\/fr\/wp-json\/wp\/v2\/types\/post"}],"author":[{"embeddable":true,"href":"https:\/\/www.europesays.com\/fr\/wp-json\/wp\/v2\/users\/2"}],"replies":[{"embeddable":true,"href":"https:\/\/www.europesays.com\/fr\/wp-json\/wp\/v2\/comments?post=583358"}],"version-history":[{"count":0,"href":"https:\/\/www.europesays.com\/fr\/wp-json\/wp\/v2\/posts\/583358\/revisions"}],"wp:featuredmedia":[{"embeddable":true,"href":"https:\/\/www.europesays.com\/fr\/wp-json\/wp\/v2\/media\/583359"}],"wp:attachment":[{"href":"https:\/\/www.europesays.com\/fr\/wp-json\/wp\/v2\/media?parent=583358"}],"wp:term":[{"taxonomy":"category","embeddable":true,"href":"https:\/\/www.europesays.com\/fr\/wp-json\/wp\/v2\/categories?post=583358"},{"taxonomy":"post_tag","embeddable":true,"href":"https:\/\/www.europesays.com\/fr\/wp-json\/wp\/v2\/tags?post=583358"}],"curies":[{"name":"wp","href":"https:\/\/api.w.org\/{rel}","templated":true}]}}