{"id":583360,"date":"2025-12-07T02:42:10","date_gmt":"2025-12-07T02:42:10","guid":{"rendered":"https:\/\/www.europesays.com\/fr\/583360\/"},"modified":"2025-12-07T02:42:10","modified_gmt":"2025-12-07T02:42:10","slug":"previsions-du-dimanche-7-decembre-2025-4","status":"publish","type":"post","link":"https:\/\/www.europesays.com\/fr\/583360\/","title":{"rendered":"pr\u00e9visions du dimanche 7 d\u00e9cembre 2025"},"content":{"rendered":"<p>\u00c0 Montpellier, les maximales pourront atteindre 16\u00b0C dans la journ\u00e9e tandis que les minimales seront de 11\u00b0C. Le soleil appara\u00eet l\u00e9g\u00e8rement le matin. Ces \u00e9claircies devraient ravir les habitants. Il fera environ 12\u00b0C. Une brise de nord-ouest soufflera l\u00e9g\u00e8rement. C&rsquo;est un soleil \u00e9clatant qui va briller l&rsquo;apr\u00e8s-midi. Les valeurs s&rsquo;\u00e9chelonneront entre 13 et 16\u00b0C. Apr\u00e8s un bref passage nuageux, le temps devrait s&rsquo;am\u00e9liorer pendant la soir\u00e9e. Il va faire 13\u00b0C en moyenne. Une nuit claire vous attendra entre dimanche et lundi.<\/p>\n<p>Demain, les Montpelli\u00e9rains vont pouvoir b\u00e9n\u00e9ficier d&rsquo;un soleil radieux. Les temp\u00e9ratures vont descendre de quelques degr\u00e9s. Les valeurs afficheront entre 11 et 14\u00b0C. Les valeurs seront de 12\u00b0C au cours de la matin\u00e9e. Un petit vent de nord-ouest soufflera. Demain apr\u00e8s-midi, les temp\u00e9ratures seront comprises entre 12 et 14\u00b0C. Le ciel sera relativement lumineux, avec quelques \u00e9claircies demain soir. Les valeurs s&rsquo;\u00e9chelonneront entre 11\u00b0C et 12\u00b0C. Une l\u00e9g\u00e8re brise de nord-est sera ressentie par les habitants.<\/p>\n<p>Une d\u00e9gradation est \u00e0 pr\u00e9voir les jours qui suivent. Le temps sera pluvieux avec des temp\u00e9ratures autour de 13\u00b0C.<\/p>\n<p><\/p>\n","protected":false},"excerpt":{"rendered":"\u00c0 Montpellier, les maximales pourront atteindre 16\u00b0C dans la journ\u00e9e tandis que les minimales seront de 11\u00b0C. Le&hellip;\n","protected":false},"author":2,"featured_media":583361,"comment_status":"","ping_status":"","sticky":false,"template":"","format":"standard","meta":{"footnotes":""},"categories":[9599],"tags":[1111,11,1777,674,1011,27,2208,12,2680,2119,25],"class_list":{"0":"post-583360","1":"post","2":"type-post","3":"status-publish","4":"format-standard","5":"has-post-thumbnail","7":"category-montpellier","8":"tag-actu","9":"tag-actualites","10":"tag-eu","11":"tag-europe","12":"tag-fr","13":"tag-france","14":"tag-montpellier","15":"tag-news","16":"tag-occitanie","17":"tag-previsions-meteo","18":"tag-republique-francaise"},"share_on_mastodon":{"url":"https:\/\/pubeurope.com\/@fr\/115675984244054559","error":""},"_links":{"self":[{"href":"https:\/\/www.europesays.com\/fr\/wp-json\/wp\/v2\/posts\/583360","targetHints":{"allow":["GET"]}}],"collection":[{"href":"https:\/\/www.europesays.com\/fr\/wp-json\/wp\/v2\/posts"}],"about":[{"href":"https:\/\/www.europesays.com\/fr\/wp-json\/wp\/v2\/types\/post"}],"author":[{"embeddable":true,"href":"https:\/\/www.europesays.com\/fr\/wp-json\/wp\/v2\/users\/2"}],"replies":[{"embeddable":true,"href":"https:\/\/www.europesays.com\/fr\/wp-json\/wp\/v2\/comments?post=583360"}],"version-history":[{"count":0,"href":"https:\/\/www.europesays.com\/fr\/wp-json\/wp\/v2\/posts\/583360\/revisions"}],"wp:featuredmedia":[{"embeddable":true,"href":"https:\/\/www.europesays.com\/fr\/wp-json\/wp\/v2\/media\/583361"}],"wp:attachment":[{"href":"https:\/\/www.europesays.com\/fr\/wp-json\/wp\/v2\/media?parent=583360"}],"wp:term":[{"taxonomy":"category","embeddable":true,"href":"https:\/\/www.europesays.com\/fr\/wp-json\/wp\/v2\/categories?post=583360"},{"taxonomy":"post_tag","embeddable":true,"href":"https:\/\/www.europesays.com\/fr\/wp-json\/wp\/v2\/tags?post=583360"}],"curies":[{"name":"wp","href":"https:\/\/api.w.org\/{rel}","templated":true}]}}