{"id":583364,"date":"2025-12-07T02:47:21","date_gmt":"2025-12-07T02:47:21","guid":{"rendered":"https:\/\/www.europesays.com\/fr\/583364\/"},"modified":"2025-12-07T02:47:21","modified_gmt":"2025-12-07T02:47:21","slug":"marche-de-noel-de-grenoble","status":"publish","type":"post","link":"https:\/\/www.europesays.com\/fr\/583364\/","title":{"rendered":"March\u00e9 de No\u00ebl de Grenoble"},"content":{"rendered":"<p>A quelques jours du R\u00e9veillon, depuis le 21 novembre et jusqu&rsquo;au 24 d\u00e9cembre, plongez-vous dans l&rsquo;ambiance de No\u00ebl sur la Place Victor-Hugo avec un bon vin chaud au March\u00e9 de No\u00ebl de Grenoble.<\/p>\n<p>Depuis le 21 novembre dans le centre-ville de Grenoble, venez profiter d&rsquo;un moment convivial\u00a0dans l&rsquo;ambiance de No\u00ebl propice \u00e0 l&rsquo;achat de cadeaux originaux pour toute la famille.\u00a0Le march\u00e9 de No\u00ebl de Grenoble 2025 se tient sur la <strong>place Victor-Hugo jusqu&rsquo;au 24 d\u00e9cembre 2025<\/strong>, en partenariat avec ICI Is\u00e8re.<\/p>\n<p>Au programme\u00a0: artisanat local, sp\u00e9cialit\u00e9s gourmandes, animations pour petits et grands et d\u00e9ambulations. Le march\u00e9 de No\u00ebl de Grenoble s\u00e9duit chaque ann\u00e9e des milliers de visiteurs venus profiter de cette parenth\u00e8se enchant\u00e9e au pied des Alpes.<\/p>\n<p>Pour les petites et les grandes faims, \u00e7a sent bon le vin chaud, le chocolat chaud, les cr\u00eapes et les sp\u00e9cialit\u00e9s montagnardes. L\u2019espace restauration est <strong>ouvert tous les jours de 10h \u00e0 22h<\/strong> (jusqu\u2019\u00e0 minuit en salle assise), pour un moment convivial dans une ambiance de chalet alpin.<\/p>\n<p><strong>Et il passera quand le P\u00e8re No\u00ebl\u00a0?<\/strong><\/p>\n<ul>\n<li>Retrouvez-le les mercredis, samedis et dimanches de 14h \u00e0 16h dans son chalet place Victor-Hugo. Le lundi 22\u00a0d\u00e9cembre de 14h \u00e0 16h et mardi 23\u00a0d\u00e9cembre de 10h \u00e0 12h et de 14h \u00e0 16h. Mais aussi des animations maquillage, des ateliers, des contes de No\u00ebl\u2026<\/li>\n<\/ul>\n<p><strong>INFORMATIONS PRATIQUES\u00a0:<\/strong><\/p>\n<p><strong>\ud83d\ude8c Transports en commun\u00a0:<\/strong><\/p>\n<ul>\n<li>Tram\u00a0: lignes A, B et C desservent le centre-ville, avec arr\u00eat \u00e0 Victor Hugo\u00a0;<\/li>\n<li>Bus\u00a0: C4, C3, C1 et C8 desservent le centre-ville, avec arr\u00eat \u00e0 Victor Hugo.<\/li>\n<\/ul>\n<p><strong>\ud83c\udd7f Parking\u00a0:<\/strong><\/p>\n<p>Il est conseill\u00e9 de se garer dans l&rsquo;un des parkings couverts, payants, ou parcs relais tout proche.<\/p>\n<p><strong>\ud83d\udeb4\u200d A v\u00e9lo\u00a0:<\/strong><\/p>\n<p>Des arceaux de stationnement sont disponibles tout autour de la place Victor-Hugo et pr\u00e8s du Jardin de Ville.<\/p>\n<p><strong>Tarifs\u00a0:<\/strong><\/p>\n<p>Gratuit<\/p>\n","protected":false},"excerpt":{"rendered":"A quelques jours du R\u00e9veillon, depuis le 21 novembre et jusqu&rsquo;au 24 d\u00e9cembre, plongez-vous dans l&rsquo;ambiance de No\u00ebl&hellip;\n","protected":false},"author":2,"featured_media":583365,"comment_status":"","ping_status":"","sticky":false,"template":"","format":"standard","meta":{"footnotes":""},"categories":[9566],"tags":[1111,11,2430,1777,674,1011,27,2731,12,25],"class_list":{"0":"post-583364","1":"post","2":"type-post","3":"status-publish","4":"format-standard","5":"has-post-thumbnail","7":"category-grenoble","8":"tag-actu","9":"tag-actualites","10":"tag-auvergne-rhone-alpes","11":"tag-eu","12":"tag-europe","13":"tag-fr","14":"tag-france","15":"tag-grenoble","16":"tag-news","17":"tag-republique-francaise"},"share_on_mastodon":{"url":"https:\/\/pubeurope.com\/@fr\/115676003985990450","error":""},"_links":{"self":[{"href":"https:\/\/www.europesays.com\/fr\/wp-json\/wp\/v2\/posts\/583364","targetHints":{"allow":["GET"]}}],"collection":[{"href":"https:\/\/www.europesays.com\/fr\/wp-json\/wp\/v2\/posts"}],"about":[{"href":"https:\/\/www.europesays.com\/fr\/wp-json\/wp\/v2\/types\/post"}],"author":[{"embeddable":true,"href":"https:\/\/www.europesays.com\/fr\/wp-json\/wp\/v2\/users\/2"}],"replies":[{"embeddable":true,"href":"https:\/\/www.europesays.com\/fr\/wp-json\/wp\/v2\/comments?post=583364"}],"version-history":[{"count":0,"href":"https:\/\/www.europesays.com\/fr\/wp-json\/wp\/v2\/posts\/583364\/revisions"}],"wp:featuredmedia":[{"embeddable":true,"href":"https:\/\/www.europesays.com\/fr\/wp-json\/wp\/v2\/media\/583365"}],"wp:attachment":[{"href":"https:\/\/www.europesays.com\/fr\/wp-json\/wp\/v2\/media?parent=583364"}],"wp:term":[{"taxonomy":"category","embeddable":true,"href":"https:\/\/www.europesays.com\/fr\/wp-json\/wp\/v2\/categories?post=583364"},{"taxonomy":"post_tag","embeddable":true,"href":"https:\/\/www.europesays.com\/fr\/wp-json\/wp\/v2\/tags?post=583364"}],"curies":[{"name":"wp","href":"https:\/\/api.w.org\/{rel}","templated":true}]}}