{"id":583374,"date":"2025-12-07T02:55:17","date_gmt":"2025-12-07T02:55:17","guid":{"rendered":"https:\/\/www.europesays.com\/fr\/583374\/"},"modified":"2025-12-07T02:55:17","modified_gmt":"2025-12-07T02:55:17","slug":"fete-nationale-de-commemoration-de-labolition-de-lesclavage-a-nice","status":"publish","type":"post","link":"https:\/\/www.europesays.com\/fr\/583374\/","title":{"rendered":"F\u00eate nationale de comm\u00e9moration de l&rsquo;abolition de l&rsquo;esclavage \u00e0 Nice"},"content":{"rendered":"<p><img fetchpriority=\"high\" decoding=\"async\" class=\" alignleft size-full wp-image-106062\" src=\"data:image\/svg+xml,%3Csvg%20xmlns=\" http:=\"\" alt=\"jpg_esclavage.jpg\" align=\"left\" width=\"251\" height=\"202\" data-lazy- data-lazy- data-lazy-src=\"https:\/\/www.europesays.com\/fr\/wp-content\/uploads\/2025\/12\/jpg_esclavage.jpg\"\/> A l\u2019initiative de Christian Estrosi, Ministre charg\u00e9 de l\u2019Industrie, Maire de Nice, Pr\u00e9sident de Nice C\u00f4te d\u2019Azur et sous l\u2019impulsion de Maty Diouf, Conseill\u00e8re Municipale D\u00e9l\u00e9gu\u00e9e \u00e0 l\u2019Etat Civil, Subd\u00e9l\u00e9gu\u00e9e \u00e0 l\u2019int\u00e9gration et lutte contre les discriminations, la ville de Nice organise \u00e0 l\u2019occasion de cette journ\u00e9e nationale six jours de c\u00e9l\u00e9bration sous le th\u00e8me du \u00ab Mieux Vivre ensemble \u00bb.<\/p>\n<p>Affirmant son devoir de m\u00e9moire et son attachement aux principes fondamentaux de la R\u00e9publique que sont la Libert\u00e9, l\u2019Egalit\u00e9 et la Fraternit\u00e9, la ville de Nice souhaite ainsi rendre hommage \u00e0 toutes celles et ceux qui ont \u00e9t\u00e9 victimes de l\u2019esclavage jusqu\u2019\u00e0 son abolition, en France, en 1848.<\/p>\n<p>Dans une ambiance conviviale, o\u00f9 les mots \u00e9change et fraternit\u00e9 prennent toute leur valeur, plusieurs manifestations se d\u00e9rouleront sous la forme de concerts, conf\u00e9rences, expositions, films et animations, mettant \u00e0 l\u2019honneur la diversit\u00e9 et les apports culturels de chacun.<\/p>\n<p><strong>LE PROGRAMME COMPLET<\/strong><\/p>\n<p><strong>Vendredi 7 mai 2010 \u00e0 15h30 <br \/>Biblioth\u00e8que Louis Nuc\u00e9ra<\/strong><\/p>\n<p><strong>Conf\u00e9rences<\/strong><\/p>\n<p>Un d\u00e9bat avec le public cl\u00f4turera cette s\u00e9rie de conf\u00e9rences.<\/p>\n<p>La pr\u00e9sentation de l\u2019ensemble des conf\u00e9renciers sera assur\u00e9e par  Basile Ngangue Ebelle, journaliste et animateur.<\/p>\n<p><strong>Dimanche 9 mai 2010 <br \/>A partir de 18 heures <br \/>Th\u00e9\u00e2tre de Verdure<br \/><\/strong><\/p>\n<p>Concert gratuit \u00ab Musique du monde \u00bb<\/p>\n<ul>\n<li>Association caresse des Antilles (groupe visant \u00e0 promouvoir le folklore antillais avec des danses telles que la Biguine, la Kalida\u2026).\n<\/li>\n<li>\n<p>Indian Dance Navrasa, (l\u2019univers de Bollywood avec cette association compos\u00e9e de 7 danseuses aux milles couleurs de l\u2019Inde).<\/p>\n<\/li>\n<li>\n<p>Lina Lewis (chanteuse Franco Congolaise auteur-compositeur-interpr\u00e8te)<\/p>\n<\/li>\n<li>\n<p>Compagnie de f\u00e9erie Cr\u00e9ole (association ni\u00e7oise qui a pour but de promouvoir le folklore Antillais).<\/p>\n<\/li>\n<li>\n<p>Comptoir de l\u2019Outre Mer Ballet<\/p>\n<\/li>\n<li>\n<p>Mickael Mendes chant<\/p>\n<\/li>\n<li>\n<p>Brasuca show<\/p>\n<\/li>\n<li>\n<p>Tamari Tahiti (porteur de la culture polyn\u00e9sienne, Tamari Tahiti vous fera voyager vers ses \u00eeles lointaines avec de la danse, du chant et des percussions traditionnelles)<\/p>\n<\/li>\n<li>\n<p>Compagnie des enfants du spectacle (compagnie sp\u00e9cialis\u00e9e en com\u00e9die musicale, compos\u00e9e d\u2019enfants de 11 \u00e0 22 ans).<\/p>\n<\/li>\n<li>\n<p>Orchestre de l\u2019Outre Mer (compos\u00e9 de 7 membres venus de l\u2019Ile Maurice, la R\u00e9union, le Cameroun, le Cap Vert et la Martinique).<\/p>\n<\/li>\n<li>\n<p>Vladimir Payen<\/p>\n<\/li>\n<li>\n<p>Root La Kaz (influences reggae et inspirations carib\u00e9ennes)<\/p>\n<\/li>\n<\/ul>\n<p><strong>Lundi 10 mai 2010<br \/>11h30 au CUM<\/strong><\/p>\n<p>Exposition sur l\u2019abolition de l\u2019esclavage <br \/>Art premier <br \/>R\u00e9serve de la Mairie de Nice.<\/p>\n<p>Collection personnelle de Monsieur le Maire.<\/p>\n<p><strong>14h30 <br \/>Cin\u00e9math\u00e8que de Nice<br \/><\/strong><\/p>\n<p>Projection du film \u00ab  Rue cases n\u00e8gres \u00bb d\u2019Euzhan Palcy.<\/p>\n<p>Les joies et les douleurs d\u2019une famille martiniquaise des ann\u00e9es trente, employ\u00e9e dans une plantation de canne \u00e0 sucre.<br \/>(Entr\u00e9e libre pour les scolaires).<\/p>\n<p><strong>Mardi 11 mai 2010 <br \/>13h30 \/ 17 heures<br \/>Biblioth\u00e8que Louis Nuc\u00e9ra<br \/><\/strong><\/p>\n<p>Lectures de contes pour enfants. <br \/>Virginia Vieira Silva \u00ab la Mulatresse solitude \u00bb.<\/p>\n<p><strong>14 heures <br \/>Cin\u00e9math\u00e8que de Nice <br \/><\/strong><br \/>Projection du film \u00ab Amistad \u00bb de Steven Spielberg.<\/p>\n<p>En 1839, apr\u00e8s une temp\u00eate au large de Cuba, les esclaves transport\u00e9s \u00e0 bord de l\u2019Amistad, un navire espagnol, parviennent \u00e0 se lib\u00e9rer. Apr\u00e8s avoir pass\u00e9 leurs bourreaux par les armes, Cinqu\u00e9, leur leader, exige du capitaine de faire route vers l\u2019Afrique. Mais celui-ci, profitant de l\u2019ignorance des mutins, met le cap sur l\u2019Am\u00e9rique o\u00f9 ils seront jet\u00e9s en prison. Deux abolitionnistes, Theodore Joadson et Lewis Tappan, engagent un jeune avocat, Roger Baldwin, pour assurer leur d\u00e9fense\u2026<\/p>\n<p>Tarif abonn\u00e9 : 1 \u20ac. Tout public : 2 \u20ac. Scolaires : 1.5 \u20ac<\/p>\n<p><strong>Mercredi 12 mai 2010 <br \/>13h30 \/ 17h 30<br \/>Biblioth\u00e8que Louis Nuc\u00e9ra<\/strong><\/p>\n<p>Lecture de contes pour enfants.<br \/>Modibo Sangare \u00ab  Si l\u2019esclavage m\u2019\u00e9tait cont\u00e9 \u00bb.<\/p>\n<p>\t\t\t\t<a href=\"https:\/\/www.europesays.com\/fr\/wp-content\/uploads\/2025\/12\/jpg_esclavage.jpg\"><img loading=\"lazy\" decoding=\"async\" width=\"150\" height=\"121\" src=\"data:image\/svg+xml,%3Csvg%20xmlns=\" http:=\"\" class=\"attachment-thumbnail size-thumbnail\" alt=\"jpg_esclavage.jpg\" data-lazy- data-lazy- data-lazy-src=\"https:\/\/www.europesays.com\/fr\/wp-content\/uploads\/2025\/12\/jpg_esclavage-150x121.jpg\"\/><\/a><\/p>\n<p><strong>NicePremium est un m\u00e9dia local ind\u00e9pendant et gratuit.<\/strong><br \/>Pour nous aider \u00e0 continuer, vous pouvez soutenir notre travail \u00e0 partir de 5 \u20ac par mois.<\/p>\n<p><a class=\"np-soutien-btn\" href=\"https:\/\/www.nicepremium.fr\/faire-un-don\/\" target=\"_blank\" rel=\"noopener\">Soutenir NicePremium<\/a><\/p>\n","protected":false},"excerpt":{"rendered":"A l\u2019initiative de Christian Estrosi, Ministre charg\u00e9 de l\u2019Industrie, Maire de Nice, Pr\u00e9sident de Nice C\u00f4te d\u2019Azur et&hellip;\n","protected":false},"author":2,"featured_media":583375,"comment_status":"","ping_status":"","sticky":false,"template":"","format":"standard","meta":{"footnotes":""},"categories":[2819],"tags":[1111,11,1777,674,1011,27,12,2401,882,25],"class_list":{"0":"post-583374","1":"post","2":"type-post","3":"status-publish","4":"format-standard","5":"has-post-thumbnail","7":"category-nice","8":"tag-actu","9":"tag-actualites","10":"tag-eu","11":"tag-europe","12":"tag-fr","13":"tag-france","14":"tag-news","15":"tag-nice","16":"tag-provence-alpes-cote-dazur","17":"tag-republique-francaise"},"share_on_mastodon":{"url":"https:\/\/pubeurope.com\/@fr\/115676035403129466","error":""},"_links":{"self":[{"href":"https:\/\/www.europesays.com\/fr\/wp-json\/wp\/v2\/posts\/583374","targetHints":{"allow":["GET"]}}],"collection":[{"href":"https:\/\/www.europesays.com\/fr\/wp-json\/wp\/v2\/posts"}],"about":[{"href":"https:\/\/www.europesays.com\/fr\/wp-json\/wp\/v2\/types\/post"}],"author":[{"embeddable":true,"href":"https:\/\/www.europesays.com\/fr\/wp-json\/wp\/v2\/users\/2"}],"replies":[{"embeddable":true,"href":"https:\/\/www.europesays.com\/fr\/wp-json\/wp\/v2\/comments?post=583374"}],"version-history":[{"count":0,"href":"https:\/\/www.europesays.com\/fr\/wp-json\/wp\/v2\/posts\/583374\/revisions"}],"wp:featuredmedia":[{"embeddable":true,"href":"https:\/\/www.europesays.com\/fr\/wp-json\/wp\/v2\/media\/583375"}],"wp:attachment":[{"href":"https:\/\/www.europesays.com\/fr\/wp-json\/wp\/v2\/media?parent=583374"}],"wp:term":[{"taxonomy":"category","embeddable":true,"href":"https:\/\/www.europesays.com\/fr\/wp-json\/wp\/v2\/categories?post=583374"},{"taxonomy":"post_tag","embeddable":true,"href":"https:\/\/www.europesays.com\/fr\/wp-json\/wp\/v2\/tags?post=583374"}],"curies":[{"name":"wp","href":"https:\/\/api.w.org\/{rel}","templated":true}]}}