{"id":583378,"date":"2025-12-07T02:58:27","date_gmt":"2025-12-07T02:58:27","guid":{"rendered":"https:\/\/www.europesays.com\/fr\/583378\/"},"modified":"2025-12-07T02:58:27","modified_gmt":"2025-12-07T02:58:27","slug":"le-fc-nantes-battu-2-1-on-a-besoin-de-renfort","status":"publish","type":"post","link":"https:\/\/www.europesays.com\/fr\/583378\/","title":{"rendered":"Le FC Nantes battu (2-1) : \u00ab\u00a0on a besoin de renfort !\u00a0\u00bb"},"content":{"rendered":"\n<p>Apr\u00e8s la nouvelle d\u00e9faite du FC Nantes face \u00e0 Lens (2-1) en Ligue 1 samedi soir, le coach Luis Castro semble plus que jamais fragilis\u00e9 sur son banc. Nantes est certain d\u2019\u00eatre 17e et donc rel\u00e9gable \u00e0 l\u2019issue de cette journ\u00e9e, quel que soit le r\u00e9sultat du match Auxerre \u2013 Metz \u00e0 17h15 ce dimanche. Du c\u00f4t\u00e9 des joueurs, certains r\u00e9clament du renfort lors du prochain mercato et tirent la sonnette d&rsquo;alarme, \u00e0 l&rsquo;image du buteur sur p\u00e9nalty Youseff El Arabi :<\/p>\n<p>\u00a0<\/p>\n<blockquote><p>\nC&rsquo;est vrai qu&rsquo;on a besoin de renfort, \u00e7a se voit !\n<\/p><\/blockquote>\n<p>\u00a0<\/p>\n<p> \u00ab\u00a0La sonnette d&rsquo;alarme, elle \u00e9tait d\u00e9j\u00e0 tir\u00e9e parce qu&rsquo;on n&rsquo;est pas l\u00e0 o\u00f9 on voudrait \u00eatre. Bien s\u00fbr, \u00e7a joue sur le moral, mais le plus important, c&rsquo;est que tout le monde est conscient de la situation. Mentalement, certains joueurs doutent un peu, il y a un peu de d\u00e9ception. C&rsquo;est vrai que \u00e7a fait beaucoup pour certains parce que c&rsquo;est une premi\u00e8re pour certains joueurs. On manque un peu de cr\u00e9ativit\u00e9, on d\u00e9fend tr\u00e8s bas, on a du mal \u00e0 arriver dans la surface. C&rsquo;est vrai qu&rsquo;on a besoin de renfort, \u00e7a se voit. Apr\u00e8s, c&rsquo;est \u00e0 la direction de faire les bons choix, de voir dans quel domaine on a besoin\u00a0\u00bb<\/p>\n<p>\u00a0<\/p>\n<p>Pour le milieu de terrain Johan Lepenant, renforcer cet effectif peut \u00eatre salutaire :<\/p>\n<p>\u00a0<\/p>\n<blockquote><p>\nOn va s&rsquo;accrocher et attendre du renfort !\n<\/p><\/blockquote>\n<p>\u00a0<\/p>\n<p>\u00ab\u00a0On attend aussi du renfort, \u00e7a ne peut que nous faire du bien ! A tous points de vue, notamment au niveau psychologique. Car oui c&rsquo;est dur pour tout le club, les supporters, mais pour nous aussi c&rsquo;est dur de repartir de chaque match avec un ou z\u00e9ro point. C&rsquo;est dur mentalement. J&rsquo;esp\u00e8re que \u00e7a va nous redonner un \u00e9lan pour la deuxi\u00e8me partie de saison. On a une \u00e9quipe jeune, pas mal de nouveaux joueurs qui d\u00e9butent en Ligue 1 cette saison. Et forc\u00e9ment qu&rsquo;avec des \u00e9quipes en face avec un peu plus d&rsquo;exp\u00e9rience, peut-\u00eatre que dans les matchs \u00e7a paye. Il va falloir s&rsquo;accrocher. On va le faire, on va s&rsquo;accrocher et attendre du renfort !\u00a0\u00bb<\/p>\n<p>Un premier joueur doit arriver dans les prochains jours en qualit\u00e9 de joker, le Lensois Deiver Machado. Les Canaris qui ont un rendez-vous d\u00e9cisif \u00e0 Angers vendredi prochain pour la derni\u00e8re rencontre de Ligue 1 en 2025, avant un rendez-vous \u00e0 Concarneau en Coupe de France.<\/p>\n","protected":false},"excerpt":{"rendered":"Apr\u00e8s la nouvelle d\u00e9faite du FC Nantes face \u00e0 Lens (2-1) en Ligue 1 samedi soir, le coach&hellip;\n","protected":false},"author":2,"featured_media":583379,"comment_status":"","ping_status":"","sticky":false,"template":"","format":"standard","meta":{"footnotes":""},"categories":[2818],"tags":[1111,11,13292,1438,1465,13293,3450,829,4356,2171,4357,3472,434,1777,674,9593,3337,3321,2257,1011,27,9518,848,1114,13289,2693,66,3047,1781,13291,13290,3729,766,12,9144,2636,3319,584,25,4937,3728,3272,60,3087,3165,2546],"class_list":{"0":"post-583378","1":"post","2":"type-post","3":"status-publish","4":"format-standard","5":"has-post-thumbnail","7":"category-nantes","8":"tag-actu","9":"tag-actualites","10":"tag-aeroport-notre-dame-des-landes","11":"tag-angers","12":"tag-basket","13":"tag-bonnets-rouges","14":"tag-brest","15":"tag-bretagne","16":"tag-coronavirus","17":"tag-cotes-darmor","18":"tag-covid-19","19":"tag-dinan","20":"tag-epidemie","21":"tag-eu","22":"tag-europe","23":"tag-fcn","24":"tag-festivals","25":"tag-finistere","26":"tag-foot","27":"tag-fr","28":"tag-france","29":"tag-hand","30":"tag-ille-et-vilaine","31":"tag-infos","32":"tag-la-roche-sur-yon","33":"tag-laval","34":"tag-ligue-1","35":"tag-loire-atlantique","36":"tag-lorient","37":"tag-maine-et-loire","38":"tag-mayenne","39":"tag-morbihan","40":"tag-nantes","41":"tag-news","42":"tag-ouest","43":"tag-pays-de-la-loire","44":"tag-quimper","45":"tag-rennes","46":"tag-republique-francaise","47":"tag-saint-brieuc","48":"tag-saint-malo","49":"tag-saint-nazaire","50":"tag-sports","51":"tag-stade-rennais","52":"tag-vannes","53":"tag-vendee"},"share_on_mastodon":{"url":"","error":"Validation failed: Text character limit of 500 exceeded"},"_links":{"self":[{"href":"https:\/\/www.europesays.com\/fr\/wp-json\/wp\/v2\/posts\/583378","targetHints":{"allow":["GET"]}}],"collection":[{"href":"https:\/\/www.europesays.com\/fr\/wp-json\/wp\/v2\/posts"}],"about":[{"href":"https:\/\/www.europesays.com\/fr\/wp-json\/wp\/v2\/types\/post"}],"author":[{"embeddable":true,"href":"https:\/\/www.europesays.com\/fr\/wp-json\/wp\/v2\/users\/2"}],"replies":[{"embeddable":true,"href":"https:\/\/www.europesays.com\/fr\/wp-json\/wp\/v2\/comments?post=583378"}],"version-history":[{"count":0,"href":"https:\/\/www.europesays.com\/fr\/wp-json\/wp\/v2\/posts\/583378\/revisions"}],"wp:featuredmedia":[{"embeddable":true,"href":"https:\/\/www.europesays.com\/fr\/wp-json\/wp\/v2\/media\/583379"}],"wp:attachment":[{"href":"https:\/\/www.europesays.com\/fr\/wp-json\/wp\/v2\/media?parent=583378"}],"wp:term":[{"taxonomy":"category","embeddable":true,"href":"https:\/\/www.europesays.com\/fr\/wp-json\/wp\/v2\/categories?post=583378"},{"taxonomy":"post_tag","embeddable":true,"href":"https:\/\/www.europesays.com\/fr\/wp-json\/wp\/v2\/tags?post=583378"}],"curies":[{"name":"wp","href":"https:\/\/api.w.org\/{rel}","templated":true}]}}