{"id":583387,"date":"2025-12-07T03:07:19","date_gmt":"2025-12-07T03:07:19","guid":{"rendered":"https:\/\/www.europesays.com\/fr\/583387\/"},"modified":"2025-12-07T03:07:19","modified_gmt":"2025-12-07T03:07:19","slug":"lille-om-je-ne-mattendais-pas-a-ce-quon-fasse-un-match-pareil-de-zerbi-tres-enerve-apres-ses-joueurs","status":"publish","type":"post","link":"https:\/\/www.europesays.com\/fr\/583387\/","title":{"rendered":"Lille-OM: \u00ab\u00a0Je ne m\u2019attendais pas \u00e0 ce qu\u2019on fasse un match pareil\u00a0\u00bb, De Zerbi \u00ab\u00a0tr\u00e8s \u00e9nerv\u00e9\u00a0\u00bb apr\u00e8s ses joueurs"},"content":{"rendered":"<p class=\"mb-4 text-lg md:leading-8 break-words\">Quatri\u00e8me d\u00e9faite en Ligue 1 pour l\u2019OM. Les Marseillais qui restaient sur quatre matchs sans d\u00e9faite toutes comp\u00e9titions confondues ont chut\u00e9 \u00e0 Lille vendredi soir lors de la 15e journ\u00e9e de Ligue 1.<a href=\"https:\/\/rmcsport.bfmtv.com\/football\/ligue-1\/direct-lille-marseille-suivez-en-live-le-match-de-la-15e-journee-de-ligue-1_LS-202512050826.html\" rel=\"nofollow noopener\" target=\"_blank\" data-ylk=\"slk:Ils ont \u00e9t\u00e9 logiquement battus 1-0;elm:context_link;itc:0;sec:content-canvas\" class=\"link \"> Ils ont \u00e9t\u00e9 logiquement battus 1-0<\/a>, Ethan Mbapp\u00e9 se chargeant de crucifier les Olympiens en d\u00e9but de match. Pour le reste, il n\u2019y a pas grand-chose \u00e0 retenir d\u2019une prestation de l\u2019OM sans relief et c\u2019est bien \u00e7a qui contrariait Roberto De Zerbi apr\u00e8s la rencontre : \u00ab\u00a0On a mal jou\u00e9 et on m\u00e9rite de perdre\u00a0\u00bb, r\u00e9sumait l\u2019Italien avant de d\u00e9velopper.<\/p>\n<p>\u00ab\u00a0On a \u00e9t\u00e9 passif de la 1ere \u00e0 la derni\u00e8re minute\u00a0\u00bb<\/p>\n<p class=\"mb-4 text-lg md:leading-8 break-words\">\u00ab\u00a0On n\u2019a pas fait trois passes de suite. On a perdu tous les deuxi\u00e8mes ballons. M\u00eame par le dribble on arrivait \u00e0 \u00e9liminer personne. En phase d\u00e9fensive, on n\u2019a jamais \u00e9t\u00e9 agressif comme on peut l\u2019\u00eatre d\u2019habitude. On a \u00e9t\u00e9 passif de la 1ere \u00e0 la derni\u00e8re minute. Un tir cadr\u00e9 pour un joueur comme <a href=\"https:\/\/fr.news.yahoo.com\/sport\/coupe-monde-2026-serait-injuste-170917921.html\" data-ylk=\"slk:Greenwood;elm:context_link;itc:0;sec:content-canvas;outcm:mb_qualified_link;_E:mb_qualified_link;ct:story;\" class=\"link  yahoo-link\" target=\"_blank\" rel=\"noopener\">Greenwood<\/a>, pour lui ce n\u2019est pas assez. Frapper aussi peu n\u2019est pas suffisant.\u00a0\u00bb<\/p>\n<p class=\"mb-4 text-lg md:leading-8 break-words\">S\u2019il ne connaissait pas le terme de \u00ab\u00a0col\u00e8re froide\u00a0\u00bb, De Zerbi a imm\u00e9diatement acquiesc\u00e9 apr\u00e8s la traduction : \u00ab\u00a0Oui, c\u2019est vrai, je suis tr\u00e8s \u00e9nerv\u00e9, je ne m\u2019attendais pas \u00e0 ce qu\u2019on fasse un match pareil. Mauvais, mauvais. Je le prends pour moi mais tout le monde doit le prendre pour soi. Quand vous jouez \u00e0 l\u2019OM vous ne pouvez pas livrer un match pareil. Je n\u2019ai pas d\u2019autre explication.\u00a0\u00bb L\u2019OM tentera de montrer un autre visage mardi face l\u2019Union Saint-Gilloise en Ligue des champions.<\/p>\n<p class=\"mb-4 text-lg md:leading-8 break-words\"><a href=\"https:\/\/rmcsport.bfmtv.com\/football\/ligue-1\/je-ne-m-attendais-pas-a-ce-qu-on-fasse-un-match-pareil-de-zerbi-enerve-apres-ses-joueurs-apres-lille-om_AV-202512051024.html#xtor=AL-68\" rel=\"nofollow noopener\" target=\"_blank\" data-ylk=\"slk:Article original publi\u00e9 sur RMC Sport;elm:context_link;itc:0;sec:content-canvas\" class=\"link \">Article original publi\u00e9 sur RMC Sport<\/a><\/p>\n","protected":false},"excerpt":{"rendered":"Quatri\u00e8me d\u00e9faite en Ligue 1 pour l\u2019OM. Les Marseillais qui restaient sur quatre matchs sans d\u00e9faite toutes comp\u00e9titions&hellip;\n","protected":false},"author":2,"featured_media":583388,"comment_status":"","ping_status":"","sticky":false,"template":"","format":"standard","meta":{"footnotes":""},"categories":[2815],"tags":[1111,11,1777,674,1011,27,4016,811,4056,12434,66,1307,955,12,25,968],"class_list":{"0":"post-583387","1":"post","2":"type-post","3":"status-publish","4":"format-standard","5":"has-post-thumbnail","7":"category-lille","8":"tag-actu","9":"tag-actualites","10":"tag-eu","11":"tag-europe","12":"tag-fr","13":"tag-france","14":"tag-greenwood","15":"tag-hauts-de-france","16":"tag-lom","17":"tag-les-marseillais","18":"tag-ligue-1","19":"tag-lille","20":"tag-match","21":"tag-news","22":"tag-republique-francaise","23":"tag-roberto-de-zerbi"},"share_on_mastodon":{"url":"https:\/\/pubeurope.com\/@fr\/115676082739365854","error":""},"_links":{"self":[{"href":"https:\/\/www.europesays.com\/fr\/wp-json\/wp\/v2\/posts\/583387","targetHints":{"allow":["GET"]}}],"collection":[{"href":"https:\/\/www.europesays.com\/fr\/wp-json\/wp\/v2\/posts"}],"about":[{"href":"https:\/\/www.europesays.com\/fr\/wp-json\/wp\/v2\/types\/post"}],"author":[{"embeddable":true,"href":"https:\/\/www.europesays.com\/fr\/wp-json\/wp\/v2\/users\/2"}],"replies":[{"embeddable":true,"href":"https:\/\/www.europesays.com\/fr\/wp-json\/wp\/v2\/comments?post=583387"}],"version-history":[{"count":0,"href":"https:\/\/www.europesays.com\/fr\/wp-json\/wp\/v2\/posts\/583387\/revisions"}],"wp:featuredmedia":[{"embeddable":true,"href":"https:\/\/www.europesays.com\/fr\/wp-json\/wp\/v2\/media\/583388"}],"wp:attachment":[{"href":"https:\/\/www.europesays.com\/fr\/wp-json\/wp\/v2\/media?parent=583387"}],"wp:term":[{"taxonomy":"category","embeddable":true,"href":"https:\/\/www.europesays.com\/fr\/wp-json\/wp\/v2\/categories?post=583387"},{"taxonomy":"post_tag","embeddable":true,"href":"https:\/\/www.europesays.com\/fr\/wp-json\/wp\/v2\/tags?post=583387"}],"curies":[{"name":"wp","href":"https:\/\/api.w.org\/{rel}","templated":true}]}}