{"id":583393,"date":"2025-12-07T03:11:16","date_gmt":"2025-12-07T03:11:16","guid":{"rendered":"https:\/\/www.europesays.com\/fr\/583393\/"},"modified":"2025-12-07T03:11:16","modified_gmt":"2025-12-07T03:11:16","slug":"linvite-politique-du-samedi-veronique-sarselli","status":"publish","type":"post","link":"https:\/\/www.europesays.com\/fr\/583393\/","title":{"rendered":"L&rsquo;invit\u00e9 politique du samedi : V\u00e9ronique Sarselli"},"content":{"rendered":"<p>Ce samedi 6 d\u00e9cembre 2025, V\u00e9ronique Sarselli, Maire LR de Sainte- Foy-l\u00e8s-Lyon et candidate \u00e0 la pr\u00e9sidence de la m\u00e9tropole de Lyon pour les \u00e9lections de mars 2026<\/p>\n<p>L\u2019invit\u00e9 politique, c\u2019est le rendez-vous politique hebdomadaire de Lyon 1\u00e8re : tous les samedis matin de 11h00 \u00e0 12h00, au micro de Wilfried Delacour.<\/p>\n<p>Chaque semaine Wilfried Delacour re\u00e7oit un acteur politique de notre m\u00e9tropole et revient sur les sujets du moment et les raisons de l\u2019engagement dans la vie publique de son invit\u00e9.<\/p>\n<p>Ce samedi, Wilfried Delacour a choisi d\u2019inviter celle qui a fait alliance il y a une dizaine de jours avec le mouvement \u00ab\u00a0Grand C\u0153ur Lyonnais\u00a0\u00bb de Jean-Michel Aulas, et qui brigue le poste de pr\u00e9sidente de la m\u00e9tropole de Lyon pour les prochaines \u00e9lections m\u00e9tropolitaines de mars 2026. Elle sera donc oppos\u00e9e au pr\u00e9sident \u00e9cologiste sortant : Bruno Bernard, lui-m\u00eame candidat d\u00e9clar\u00e9 la semaine derni\u00e8re \u00e0 sa propre succession. <\/p>\n<p><img fetchpriority=\"high\" decoding=\"async\" width=\"768\" height=\"1024\" src=\"https:\/\/www.europesays.com\/fr\/wp-content\/uploads\/2025\/12\/20251205_075656-768x1024.jpg\" alt=\"\" class=\"wp-image-115817\" style=\"width:505px;height:auto\"  \/><\/p>\n<p>L\u2019occasion pour nous d\u2019en savoir un peu plus sur ses motivations et sur sa vision de la m\u00e9tropole. Cette alliance \u00e9tant r\u00e9cente, nous n\u2019en saurons pas davantage sur les t\u00eates de listes et V\u00e9ronique Sarselli promet de venir nous revoir en d\u00e9but d\u2019ann\u00e9e d\u00e8s que le programme et les listes auront \u00e9t\u00e9 rendues publiques.<\/p>\n<p>Une chose est certaine, elle travaillera avec l\u2019ensemble des maires dans la transparence et la concertation contrairement \u00e0 la politique de son opposant, qu\u2019elle juge autoritaire et parfois m\u00eame m\u00e9prisante vis \u00e0 vis des maires de la m\u00e9tropole.<\/p>\n<p>Mobilit\u00e9s, Logements, Attractivit\u00e9 \u00e9conomique et commerciale, elle nous d\u00e9voile quelques th\u00e9matiques qui seront au c\u0153ur du programme aux c\u00f4t\u00e9s de Jean-Michel Aulas qui serait son vice-pr\u00e9sident \u00e0 la m\u00e9tropole si elle est \u00e9lue. Elle en profite pour tacler l\u2019absence de Gr\u00e9gory Doucet \u00e0 la vice-pr\u00e9sidence de la m\u00e9tropole. Une chose est s\u00fbre, V\u00e9ronique Sarselli est d\u00e9termin\u00e9e a tourner la page de l\u2019exp\u00e9rience des \u00e9cologistes et entend redonner \u00e0 notre m\u00e9tropole tout le rayonnement et l\u2019attractivit\u00e9 qu\u2019elle m\u00e9rite.<\/p>\n<p>En fin d\u2019\u00e9mission, l\u2019invit\u00e9 par t\u00e9l\u00e9phone de V\u00e9ronique Sarselli est Christelle Bardet qui vient de co-organiser la 4e \u00e9dition du gala de la fondation recherche alzheimer aux th\u00e9\u00e2tre des c\u00e9lestins et qui vient nous parler de cette maladie qui touche de plus en plus de monde. Elle est par ailleurs administratrice de l\u2019association France Alzheimer.<\/p>\n<p>Retrouvez l\u2019interview compl\u00e8te de V\u00e9ronique Sarselli :<\/p>\n<p><img loading=\"lazy\" decoding=\"async\" width=\"1024\" height=\"576\" data-id=\"115818\" src=\"https:\/\/www.europesays.com\/fr\/wp-content\/uploads\/2025\/12\/IMG_6148-1024x576.jpg\" alt=\"\" class=\"wp-image-115818\"  \/><\/p>\n","protected":false},"excerpt":{"rendered":"Ce samedi 6 d\u00e9cembre 2025, V\u00e9ronique Sarselli, Maire LR de Sainte- Foy-l\u00e8s-Lyon et candidate \u00e0 la pr\u00e9sidence de&hellip;\n","protected":false},"author":2,"featured_media":583394,"comment_status":"","ping_status":"","sticky":false,"template":"","format":"standard","meta":{"footnotes":""},"categories":[1889],"tags":[1111,11,2430,5921,69686,69687,1777,674,1011,27,69688,5227,2428,59719,10510,3434,12,25,15673,69689,59721],"class_list":{"0":"post-583393","1":"post","2":"type-post","3":"status-publish","4":"format-standard","5":"has-post-thumbnail","7":"category-lyon","8":"tag-actu","9":"tag-actualites","10":"tag-auvergne-rhone-alpes","11":"tag-bruno-bernard","12":"tag-christelle-bardet","13":"tag-coeur-lyonnais","14":"tag-eu","15":"tag-europe","16":"tag-fr","17":"tag-france","18":"tag-grand-coeur-lyonnais","19":"tag-jean-michel-aulas","20":"tag-lyon","21":"tag-lyon-politique","22":"tag-metropole-de-lyon","23":"tag-municipales-2026","24":"tag-news","25":"tag-republique-francaise","26":"tag-sainte-foy-les-lyon","27":"tag-veronique-sarselli","28":"tag-wilfried-delacour"},"share_on_mastodon":{"url":"https:\/\/pubeurope.com\/@fr\/115676101580539120","error":""},"_links":{"self":[{"href":"https:\/\/www.europesays.com\/fr\/wp-json\/wp\/v2\/posts\/583393","targetHints":{"allow":["GET"]}}],"collection":[{"href":"https:\/\/www.europesays.com\/fr\/wp-json\/wp\/v2\/posts"}],"about":[{"href":"https:\/\/www.europesays.com\/fr\/wp-json\/wp\/v2\/types\/post"}],"author":[{"embeddable":true,"href":"https:\/\/www.europesays.com\/fr\/wp-json\/wp\/v2\/users\/2"}],"replies":[{"embeddable":true,"href":"https:\/\/www.europesays.com\/fr\/wp-json\/wp\/v2\/comments?post=583393"}],"version-history":[{"count":0,"href":"https:\/\/www.europesays.com\/fr\/wp-json\/wp\/v2\/posts\/583393\/revisions"}],"wp:featuredmedia":[{"embeddable":true,"href":"https:\/\/www.europesays.com\/fr\/wp-json\/wp\/v2\/media\/583394"}],"wp:attachment":[{"href":"https:\/\/www.europesays.com\/fr\/wp-json\/wp\/v2\/media?parent=583393"}],"wp:term":[{"taxonomy":"category","embeddable":true,"href":"https:\/\/www.europesays.com\/fr\/wp-json\/wp\/v2\/categories?post=583393"},{"taxonomy":"post_tag","embeddable":true,"href":"https:\/\/www.europesays.com\/fr\/wp-json\/wp\/v2\/tags?post=583393"}],"curies":[{"name":"wp","href":"https:\/\/api.w.org\/{rel}","templated":true}]}}