{"id":583403,"date":"2025-12-07T03:20:30","date_gmt":"2025-12-07T03:20:30","guid":{"rendered":"https:\/\/www.europesays.com\/fr\/583403\/"},"modified":"2025-12-07T03:20:30","modified_gmt":"2025-12-07T03:20:30","slug":"le-maire-de-clichy-impose-le-film-sacre-coeur-au-cinema-municipal-et-pousse-son-directeur-a-la-demission","status":"publish","type":"post","link":"https:\/\/www.europesays.com\/fr\/583403\/","title":{"rendered":"Le maire de Clichy impose le film \u00ab\u00a0Sacr\u00e9 C\u0153ur\u00a0\u00bb au cin\u00e9ma municipal et pousse son directeur \u00e0 la d\u00e9mission"},"content":{"rendered":"<p class=\"paragraph text_align_left lp-f-body-02\">\u00ab Dimanche soir, j\u2019y serai ! \u00bb L\u2019esprit de No\u00ebl n\u2019est pas encore descendu \u00e0 <a href=\"https:\/\/www.leparisien.fr\/hauts-de-seine-92\/clichy-92110\/\" target=\"_blank\" rel=\"noreferrer noopener\">Clichy<\/a> : pour finir le week-end, R\u00e9mi Muzeau (DVD) va se faire une toile. Et pas n\u2019importe laquelle. Le maire de la ville a pr\u00e9vu d\u2019assister \u00e0 la seconde et avant-derni\u00e8re projection du film \u00ab Sacr\u00e9 C\u0153ur \u00bb au <a href=\"https:\/\/www.leparisien.fr\/culture-loisirs\/cinema\/\" target=\"_blank\" rel=\"noreferrer noopener\">cin\u00e9ma<\/a> municipal Le Rutebeuf. Apr\u00e8s Marseille (<a href=\"https:\/\/www.leparisien.fr\/bouches-du-rhone-13\/\" target=\"_blank\" rel=\"noreferrer noopener\">Bouches-du-Rh\u00f4ne<\/a>) et <a href=\"https:\/\/www.leparisien.fr\/seine-et-marne-77\/melun-77000\/\" target=\"_blank\" rel=\"noreferrer noopener\">Melun<\/a> (<a href=\"https:\/\/www.leparisien.fr\/seine-et-marne-77\/\" target=\"_blank\" rel=\"noreferrer noopener\">Seine-et-Marne<\/a>), c\u2019est \u00e0 Clichy (<a href=\"https:\/\/www.leparisien.fr\/hauts-de-seine-92\/\" target=\"_blank\" rel=\"noreferrer noopener\">Hauts-de-Seine<\/a>) que <a href=\"https:\/\/www.leparisien.fr\/culture-loisirs\/cinema\/il-peut-atteindre-les-400-000-entrees-le-film-chretien-sacre-coeur-fait-polemique-mais-remplit-les-salles-26-10-2025-OWJ4SRWAKJA2RNDNFZLIIB5XNU.php\" target=\"_self\" rel=\"noopener\">ce \u00ab documentaire chr\u00e9tien \u00bb fait souffler un vent de pol\u00e9mique<\/a>. Oppos\u00e9 \u00e0 cette projection, Thomas Petit, le directeur du Rutebeuf, a pr\u00e9sent\u00e9 sa d\u00e9mission en d\u00e9but de semaine. Ce docu-fiction r\u00e9alis\u00e9 par Sabrina et Steven J. Gunnell est consacr\u00e9 \u00e0 des \u00ab visitations \u00bb de J\u00e9sus.<\/p>\n<p class=\"paragraph text_align_left lp-f-body-02\">Produit par des filiales du groupe Bollor\u00e9, ce long-m\u00e9trage sorti le 1er octobre a imm\u00e9diatement provoqu\u00e9 une temp\u00eate dans un b\u00e9nitier. Mediatransports, la r\u00e9gie publicitaire de la <a href=\"https:\/\/www.leparisien.fr\/economie\/sncf\/\" target=\"_blank\" rel=\"noreferrer noopener\">SNCF<\/a> et de la <a href=\"https:\/\/www.leparisien.fr\/info-paris-ile-de-france-oise\/transports\/ratp\/\" target=\"_blank\" rel=\"noreferrer noopener\">RATP<\/a>, a refus\u00e9 la campagne d\u2019affichage dans le m\u00e9tro et les gares et mis en avant le \u00ab caract\u00e8re confessionnel et pros\u00e9lyte \u00bb du film. Le maire de Marseille en a interdit la projection avant que le tribunal administratif ne lui donne tort le 25 octobre, estimant qu\u2019il a \u00ab port\u00e9 atteinte \u00e0 la libert\u00e9 d\u2019expression et \u00e0 celle de cr\u00e9ation et de diffusion artistique \u00bb.<\/p>\n","protected":false},"excerpt":{"rendered":"\u00ab Dimanche soir, j\u2019y serai ! \u00bb L\u2019esprit de No\u00ebl n\u2019est pas encore descendu \u00e0 Clichy : pour&hellip;\n","protected":false},"author":2,"featured_media":583404,"comment_status":"","ping_status":"","sticky":false,"template":"","format":"standard","meta":{"footnotes":""},"categories":[1888],"tags":[11,872,1777,674,1011,27,3314,1944,12,626,25],"class_list":{"0":"post-583403","1":"post","2":"type-post","3":"status-publish","4":"format-standard","5":"has-post-thumbnail","7":"category-paris","8":"tag-actualites","9":"tag-culture-et-loisirs","10":"tag-eu","11":"tag-europe","12":"tag-fr","13":"tag-france","14":"tag-hauts-de-seine","15":"tag-ma-ville","16":"tag-news","17":"tag-paris","18":"tag-republique-francaise"},"share_on_mastodon":{"url":"https:\/\/pubeurope.com\/@fr\/115676133690693528","error":""},"_links":{"self":[{"href":"https:\/\/www.europesays.com\/fr\/wp-json\/wp\/v2\/posts\/583403","targetHints":{"allow":["GET"]}}],"collection":[{"href":"https:\/\/www.europesays.com\/fr\/wp-json\/wp\/v2\/posts"}],"about":[{"href":"https:\/\/www.europesays.com\/fr\/wp-json\/wp\/v2\/types\/post"}],"author":[{"embeddable":true,"href":"https:\/\/www.europesays.com\/fr\/wp-json\/wp\/v2\/users\/2"}],"replies":[{"embeddable":true,"href":"https:\/\/www.europesays.com\/fr\/wp-json\/wp\/v2\/comments?post=583403"}],"version-history":[{"count":0,"href":"https:\/\/www.europesays.com\/fr\/wp-json\/wp\/v2\/posts\/583403\/revisions"}],"wp:featuredmedia":[{"embeddable":true,"href":"https:\/\/www.europesays.com\/fr\/wp-json\/wp\/v2\/media\/583404"}],"wp:attachment":[{"href":"https:\/\/www.europesays.com\/fr\/wp-json\/wp\/v2\/media?parent=583403"}],"wp:term":[{"taxonomy":"category","embeddable":true,"href":"https:\/\/www.europesays.com\/fr\/wp-json\/wp\/v2\/categories?post=583403"},{"taxonomy":"post_tag","embeddable":true,"href":"https:\/\/www.europesays.com\/fr\/wp-json\/wp\/v2\/tags?post=583403"}],"curies":[{"name":"wp","href":"https:\/\/api.w.org\/{rel}","templated":true}]}}