{"id":583415,"date":"2025-12-07T03:26:29","date_gmt":"2025-12-07T03:26:29","guid":{"rendered":"https:\/\/www.europesays.com\/fr\/583415\/"},"modified":"2025-12-07T03:26:29","modified_gmt":"2025-12-07T03:26:29","slug":"la-reforme-des-retraites-de-merz-adoptee-au-parlement","status":"publish","type":"post","link":"https:\/\/www.europesays.com\/fr\/583415\/","title":{"rendered":"la r\u00e9forme des retraites de Merz adopt\u00e9e au Parlement"},"content":{"rendered":"<p>\n    Un groupe de jeunes d\u00e9put\u00e9s mena\u00e7aient de ne pas voter cette r\u00e9forme jug\u00e9e trop d\u00e9favorable envers leur g\u00e9n\u00e9ration.<\/p>\n<p class=\"fig-paragraph\">Avec 318\u00a0voix sur 598 exprim\u00e9es,\u00a0<a href=\"http:\/\/www.lefigaro.fr\/economie\/allemagne-la-fronde-des-jeunes-conservateurs-contre-friedrich-merz-20251201\" data-fig-type=\"Article\" data-gtm-custom-categorie=\"navigation\" data-gtm-custom-action=\"crossclick\" data-gtm-custom-label=\"Contextuel\" data-gtm-event=\"customEventSPE\" data-fig-domain=\"LEFIGARO\" target=\"_blank\" rel=\"noopener\">la r\u00e9forme des retraites du chancelier conservateur<\/a>\u00a0est pass\u00e9e ce vendredi au Parlement allemand. Friedrich Merz ne craignait pas des d\u00e9fections du c\u00f4t\u00e9 des sociaux-d\u00e9mocrates, avec qui il a form\u00e9 une coalition, mais bien au sein de ses troupes. Dix-huit jeunes \u00e9lus mena\u00e7aient en effet de s\u2019opposer \u00e0 cette r\u00e9forme, qu\u2019ils jugent trop d\u00e9favorable \u00e0 leur g\u00e9n\u00e9ration. Le texte vise \u00e0 garantir les pensions l\u00e9gales \u00e0\u00a048\u00a0% du revenu ant\u00e9rieur jusqu\u2019en 2031 et non 2025, comme initialement pr\u00e9vu. Cette concession du chancelier conservateur \u00e0 ses partenaires de coalition annule donc les anciennes r\u00e8gles qui pr\u00e9voyaient une baisse automatique du taux de remplacement \u00e0 partir de 2026. Le retour en arri\u00e8re co\u00fbterait plus de 120\u00a0milliards d\u2019euros d\u2019ici 2040, selon les jeunes conservateurs.<\/p>\n<p class=\"fig-paragraph\">Au terme d\u2019une semaine de\u00a0<a href=\"http:\/\/www.lefigaro.fr\/social\/qui-est-johannes-volkmann-le-petit-fils-de-helmut-kohl-qui-s-oppose-a-friedrich-merz-sur-les-retraites-20251201\" data-fig-type=\"Article\" data-gtm-custom-categorie=\"navigation\" data-gtm-custom-action=\"crossclick\" data-gtm-custom-label=\"Contextuel\" data-gtm-event=\"customEventSPE\" data-fig-domain=\"LEFIGARO\" target=\"_blank\" rel=\"noopener\">tractations intenses<\/a>, Friedrich Merz et son \u00e9tat-major ont visiblement r\u00e9ussi \u00e0 convaincre la moiti\u00e9 de ces rebelles trentenaires\u00a0: seulement sept d\u00e9put\u00e9s du groupe parlementaire ont en effet vot\u00e9 contre le texte. La pression avait, il est vrai, baiss\u00e9 d\u2019un cran mercredi dernier car la gauche radicale, Die Linke, une force de l\u2019opposition, avait annonc\u00e9, \u00e0 la surprise g\u00e9n\u00e9rale, qu\u2019elle s\u2019abstiendrait pour \u00ab\u00a0emp\u00eacher que le niveau des retraites soit encore abaiss\u00e9\u00a0\u00bb.<\/p>\n<p class=\"fig-body-link\">\n            \u00c0 lire aussi<br \/>\n        <a class=\"fig-body-link__link fig-premium-mark\" href=\"http:\/\/www.lefigaro.fr\/international\/une-premiere-visite-delicate-en-israel-pour-le-chancelier-allemand-friedrich-merz-20251205\" target=\"_blank\" data-fig-type=\"NewsFlash\" rel=\"noopener\" data-gtm-custom-categorie=\"navigation\" data-gtm-custom-action=\"crossclick\" data-gtm-custom-label=\"Contextuel\" data-gtm-event=\"customEventSPE\" data-fig-domain=\"LEFIGARO\"><\/p>\n<p>        Une premi\u00e8re visite d\u00e9licate en Isra\u00ebl pour le chancelier allemand Friedrich Merz<br \/>\n    <\/a>\n<\/p>\n<p>                                            <a class=\"fig-a11y-skip\" href=\"#fig-a11y-skip-main-inarticle\" data-module=\"a11y-skip\" data-context=\"was @visible\"><br \/>\n    Passer la publicit\u00e9<br \/>\n<\/a>            <\/p>\n<p>                                            \u00ab\u00a0Le travail nous attend\u00a0\u00bb<\/p>\n<p class=\"fig-paragraph\">Un premier \u00e9chec sur les retraites aurait eu un effet d\u00e9vastateur sur le chancelier qui promet, pour l\u2019instant sans vraiment convaincre ses concitoyens, une modernisation de l\u2019\u00c9tat-providence allemand. \u00c9lu en juin dernier, Friedrich Merz porte la lourde responsabilit\u00e9 de redresser l\u2019\u00e9conomie allemande, englu\u00e9e dans une profonde crise de son mod\u00e8le. \u00ab\u00a0Le\u00a0travail nous attend maintenant et le premier pas dans la bonne direction a \u00e9t\u00e9 fait aujourd\u2019hui\u00a0\u00bb, a-t-il d\u00e9clar\u00e9 apr\u00e8s le vote.<\/p>\n","protected":false},"excerpt":{"rendered":"Un groupe de jeunes d\u00e9put\u00e9s mena\u00e7aient de ne pas voter cette r\u00e9forme jug\u00e9e trop d\u00e9favorable envers leur g\u00e9n\u00e9ration.&hellip;\n","protected":false},"author":2,"featured_media":583416,"comment_status":"","ping_status":"","sticky":false,"template":"","format":"standard","meta":{"footnotes":""},"categories":[1587],"tags":[11,672,1804,1805,1803,1777,674,4710,1801,12,1802,137],"class_list":{"0":"post-583415","1":"post","2":"type-post","3":"status-publish","4":"format-standard","5":"has-post-thumbnail","7":"category-allemagne","8":"tag-actualites","9":"tag-allemagne","10":"tag-bundesrepublik-deutschland","11":"tag-de","12":"tag-deutschland","13":"tag-eu","14":"tag-europe","15":"tag-friedrich-merz","16":"tag-germany","17":"tag-news","18":"tag-republique-federale-dallemagne","19":"tag-retraite"},"share_on_mastodon":{"url":"https:\/\/pubeurope.com\/@fr\/115676157345352407","error":""},"_links":{"self":[{"href":"https:\/\/www.europesays.com\/fr\/wp-json\/wp\/v2\/posts\/583415","targetHints":{"allow":["GET"]}}],"collection":[{"href":"https:\/\/www.europesays.com\/fr\/wp-json\/wp\/v2\/posts"}],"about":[{"href":"https:\/\/www.europesays.com\/fr\/wp-json\/wp\/v2\/types\/post"}],"author":[{"embeddable":true,"href":"https:\/\/www.europesays.com\/fr\/wp-json\/wp\/v2\/users\/2"}],"replies":[{"embeddable":true,"href":"https:\/\/www.europesays.com\/fr\/wp-json\/wp\/v2\/comments?post=583415"}],"version-history":[{"count":0,"href":"https:\/\/www.europesays.com\/fr\/wp-json\/wp\/v2\/posts\/583415\/revisions"}],"wp:featuredmedia":[{"embeddable":true,"href":"https:\/\/www.europesays.com\/fr\/wp-json\/wp\/v2\/media\/583416"}],"wp:attachment":[{"href":"https:\/\/www.europesays.com\/fr\/wp-json\/wp\/v2\/media?parent=583415"}],"wp:term":[{"taxonomy":"category","embeddable":true,"href":"https:\/\/www.europesays.com\/fr\/wp-json\/wp\/v2\/categories?post=583415"},{"taxonomy":"post_tag","embeddable":true,"href":"https:\/\/www.europesays.com\/fr\/wp-json\/wp\/v2\/tags?post=583415"}],"curies":[{"name":"wp","href":"https:\/\/api.w.org\/{rel}","templated":true}]}}