{"id":583419,"date":"2025-12-07T03:28:20","date_gmt":"2025-12-07T03:28:20","guid":{"rendered":"https:\/\/www.europesays.com\/fr\/583419\/"},"modified":"2025-12-07T03:28:20","modified_gmt":"2025-12-07T03:28:20","slug":"donald-trump-confirme-son-divorce-avec-lunion-europeenne","status":"publish","type":"post","link":"https:\/\/www.europesays.com\/fr\/583419\/","title":{"rendered":"Donald Trump confirme son divorce avec l&rsquo;Union europ\u00e9enne"},"content":{"rendered":"<p>      lire plus tard<\/p>\n<p id=\"dialog__title\" class=\"dialog__title\">Pour sauvegarder cet article, connectez-vous ou cr\u00e9ez un compte franceinfo<\/p>\n<p class=\"dialog__description\">Sans paiement. Sans abonnement.<\/p>\n<p>        Fermer la fen\u00eatre d\u2019activation des notifications France Info<\/p>\n<p>      cr\u00e9er votre compte<\/p>\n<p>      se connecter<\/p>\n<p>        Fermer la fen\u00eatre de pr\u00e9sentation<\/p>\n<p>    Publi\u00e9 le 06\/12\/2025 20:27<\/p>\n<p>      Mis \u00e0 jour le 06\/12\/2025 22:50<\/p>\n<p>        Temps de lecture : 2min &#8211; vid\u00e9o : 2min<\/p>\n<p>    <img decoding=\"async\" class=\"francetv-player-wrapper__image\" alt=\"&quot;Strat\u00e9gie de s\u00e9curit\u00e9 nationale&quot; des Etats-Unis : Donald Trump confirme son divorce avec l'Union europ\u00e9enne\"  width=\"432\" height=\"243\" src=\"https:\/\/www.europesays.com\/fr\/wp-content\/uploads\/2025\/12\/video-1-6934823540cb3436598810.jpg\" fetchpriority=\"high\"\/><\/p>\n<p>              \u00ab\u00a0Strat\u00e9gie de s\u00e9curit\u00e9 nationale\u00a0\u00bb des Etats-Unis : Donald Trump confirme son divorce avec l&rsquo;Union europ\u00e9enne<br \/>\n                    (France 2)<\/p>\n<p>      2min<\/p>\n<p>\n  Dans un document de 33 pages publi\u00e9 vendredi 5 d\u00e9cembre, Donald Trump d\u00e9finit sa ligne politique et strat\u00e9gique, faisant le choix du nationalisme et de la lutte contre l\u2019immigration. Il n\u2019\u00e9voque pas la menace russe mais charge et confirme son divorce avec l\u2019Union europ\u00e9enne.\n<\/p>\n<p><strong>Ce texte correspond \u00e0 une partie de la retranscription du reportage ci-dessus. Cliquez sur la vid\u00e9o pour la regarder en int\u00e9gralit\u00e9.<\/strong><\/p>\n<p>Un document de la Maison Blanche et un tournant historique :<a href=\"https:\/\/www.franceinfo.fr\/monde\/usa\/presidentielle\/donald-trump\/l-administration-trump-predit-l-effacement-civilisationnel-de-l-europe_7660426.html\" rel=\"noopener noreferrer nofollow\" data-tooltip-url=\"https:\/\/www.franceinfo.fr\/monde\/usa\/presidentielle\/donald-trump\/l-administration-trump-predit-l-effacement-civilisationnel-de-l-europe_7660426.html\" target=\"_blank\"> 33 pages sur la strat\u00e9gie de s\u00e9curit\u00e9 nationale de Donald Trump<\/a>. Elles actent le divorce entre les \u00c9tats-Unis et l&rsquo;alli\u00e9 traditionnel europ\u00e9en. Selon la publication, l&rsquo;Europe sera \u00ab\u00a0m\u00e9connaissable dans 20 ans, au moins\u00a0\u00bb. Elle serait, entre autres, menac\u00e9e d'\u00a0\u00bbeffacement civilisationnel\u00a0\u00bb, en cause, selon le texte, nos politiques migratoires. \u00ab\u00a0On a ouvert, dit-il, nos fronti\u00e8res aux migrants et donc l&rsquo;Europe va se perdre, et notamment la civilisation jud\u00e9o-chr\u00e9tienne, les valeurs transatlantiques\u00a0\u00bb, d\u00e9taille Yves Doutriaux, ancien ambassadeur de France aupr\u00e8s de l\u2019Organisation pour la s\u00e9curit\u00e9 et la coop\u00e9ration en Europe (OSCE).<\/p>\n<p>La charge est brutale \u00e0 l&rsquo;\u00e9gard de l&rsquo;Europe, pourtant peu de ses dirigeants ont r\u00e9agi. Ils m\u00e9nagent en fait Donald Trump, parce que des n\u00e9gociations entre Ukrainiens et Am\u00e9ricains ont lieu samedi 6 d\u00e9cembre en Floride pour tenter de mettre fin \u00e0 la guerre.<\/p>\n<p>Les Allemands ont tout de m\u00eame fait part de leur exasp\u00e9ration. \u00ab\u00a0Nous ne pensons pas que quiconque doit nous donner de le\u00e7ons\u00a0\u00bb, a fustig\u00e9 Johann Wadephul, ministre allemand des Affaires \u00e9trang\u00e8res. Des Allemands, ulc\u00e9r\u00e9s par le texte, expliquent qu&rsquo;il n&rsquo;y aurait pas de libert\u00e9 d&rsquo;expression en Europe. C&rsquo;est d&rsquo;ailleurs exactement ce que disait d\u00e9j\u00e0 J. D. Vance en f\u00e9vrier \u00e0 Munich. Le vice-pr\u00e9sident am\u00e9ricain sermonnait le Vieux Continent. \u00ab\u00a0En Grande-Bretagne et \u00e0 travers l&rsquo;Europe, la libert\u00e9 d&rsquo;expression, je le crains, est en retrait\u00a0\u00bb, d\u00e9clare-t-il.<\/p>\n<p>Le document se dit aussi satisfait de \u00ab\u00a0l&rsquo;influence croissante de partis europ\u00e9ens patriotiques\u00a0\u00bb, en clair, des partis ultra-conservateurs comme ceux de Meloni en Italie ou d&rsquo;Orb\u00e1n en Hongrie. Une forme d&rsquo;ing\u00e9rence d\u00e9nonc\u00e9e par certains eurod\u00e9put\u00e9s. \u00ab\u00a0C&rsquo;est du m\u00e9pris, c&rsquo;est du \u2018on ne veut pas d&rsquo;alli\u00e9s, on veut des align\u00e9s, et puis on reviendra vous voir quand vous serez tous d\u2019extr\u00eame droite\u2019\u00a0\u00bb, a r\u00e9agi Nathalie Loiseau, eurod\u00e9put\u00e9e, ancienne ministre charg\u00e9e des Affaires europ\u00e9ennes. <\/p>\n<p>33 pages, pour un condens\u00e9 de la vision du monde selon Donald Trump.<\/p>\n","protected":false},"excerpt":{"rendered":"lire plus tard Pour sauvegarder cet article, connectez-vous ou cr\u00e9ez un compte franceinfo Sans paiement. Sans abonnement. Fermer&hellip;\n","protected":false},"author":2,"featured_media":583420,"comment_status":"","ping_status":"","sticky":false,"template":"","format":"standard","meta":{"footnotes":""},"categories":[1586],"tags":[11,1777,674,1779,1011,27,12,25,1778,364],"class_list":{"0":"post-583419","1":"post","2":"type-post","3":"status-publish","4":"format-standard","5":"has-post-thumbnail","7":"category-europe","8":"tag-actualites","9":"tag-eu","10":"tag-europe","11":"tag-european-union","12":"tag-fr","13":"tag-france","14":"tag-news","15":"tag-republique-francaise","16":"tag-ue","17":"tag-union-europeenne"},"share_on_mastodon":{"url":"https:\/\/pubeurope.com\/@fr\/115676166394563425","error":""},"_links":{"self":[{"href":"https:\/\/www.europesays.com\/fr\/wp-json\/wp\/v2\/posts\/583419","targetHints":{"allow":["GET"]}}],"collection":[{"href":"https:\/\/www.europesays.com\/fr\/wp-json\/wp\/v2\/posts"}],"about":[{"href":"https:\/\/www.europesays.com\/fr\/wp-json\/wp\/v2\/types\/post"}],"author":[{"embeddable":true,"href":"https:\/\/www.europesays.com\/fr\/wp-json\/wp\/v2\/users\/2"}],"replies":[{"embeddable":true,"href":"https:\/\/www.europesays.com\/fr\/wp-json\/wp\/v2\/comments?post=583419"}],"version-history":[{"count":0,"href":"https:\/\/www.europesays.com\/fr\/wp-json\/wp\/v2\/posts\/583419\/revisions"}],"wp:featuredmedia":[{"embeddable":true,"href":"https:\/\/www.europesays.com\/fr\/wp-json\/wp\/v2\/media\/583420"}],"wp:attachment":[{"href":"https:\/\/www.europesays.com\/fr\/wp-json\/wp\/v2\/media?parent=583419"}],"wp:term":[{"taxonomy":"category","embeddable":true,"href":"https:\/\/www.europesays.com\/fr\/wp-json\/wp\/v2\/categories?post=583419"},{"taxonomy":"post_tag","embeddable":true,"href":"https:\/\/www.europesays.com\/fr\/wp-json\/wp\/v2\/tags?post=583419"}],"curies":[{"name":"wp","href":"https:\/\/api.w.org\/{rel}","templated":true}]}}