{"id":583424,"date":"2025-12-07T03:31:24","date_gmt":"2025-12-07T03:31:24","guid":{"rendered":"https:\/\/www.europesays.com\/fr\/583424\/"},"modified":"2025-12-07T03:31:24","modified_gmt":"2025-12-07T03:31:24","slug":"les-plus-belles-photos-de-miss-tahiti-hinaupoko-deveze","status":"publish","type":"post","link":"https:\/\/www.europesays.com\/fr\/583424\/","title":{"rendered":"les plus belles photos de Miss Tahiti, Hinaupoko Dev\u00e8ze"},"content":{"rendered":"<p class=\"article-p mdl\">Un titre de plus pour Tahiti ! Apr\u00e8s les Miss France 1974, 1980, 1991, 1999 et 2019,\u00a0Hinaupoko Dev\u00e8ze d\u00e9croche la sixi\u00e8me couronne de Miss France pour l&rsquo;\u00eele polyn\u00e9sienne. \u00c2g\u00e9e de 23 ans,\u00a0<a class=\"link\" href=\"https:\/\/www.rtl.fr\/culture\/medias-people\/miss-france-2026-hinaupoko-deveze-miss-tahiti-remporte-le-concours-7900574907\" target=\"_blank\" rel=\"noopener\">la Tahitienne a \u00e9t\u00e9 \u00e9lue Miss France 2026<\/a>, dans la nuit du 6 au 7 d\u00e9cembre, en direct du Z\u00e9nith d&rsquo;Amiens.\u00a0<\/p>\n<p class=\"article-p mdl\">\u00ab\u00a0J&rsquo;ai un cocktail d&rsquo;\u00e9motions, je n&rsquo;arrive pas \u00e0 r\u00e9aliser ce qu&rsquo;il se passe, mais j&rsquo;aimerais remercier toutes les personnes qui ont \u00e9t\u00e9 sur mon chemin pour en arriver, a r\u00e9agi\u00a0Hinaupoko Dev\u00e8ze apr\u00e8s son sacre.\u00a0C\u2019est une victoire pour tout un peuple, pour toutes les personnes qui m\u2019ont encourag\u00e9e \u00e0 \u00eatre ici\u00a0\u00bb.\u00a0<\/p>\n<p class=\"article-p mdl\">Elle succ\u00e8de \u00e0\u00a0Ang\u00e9lique Angarni-Filopon, Miss Martinique, sacr\u00e9e l&rsquo;ann\u00e9e pass\u00e9e.\u00a0<a class=\"link\" href=\"https:\/\/www.rtl.fr\/culture\/medias-people\/en-direct-miss-france-2026-suivez-la-ceremonie-decouvrez-les-portraits-et-la-gagnante-7900574884\" target=\"_blank\" rel=\"noopener\">Hinaupoko Dev\u00e8ze est n\u00e9e \u00e0 Tahiti\u00a0<\/a>mais a grandi entre la Polyn\u00e9sie et le sud de l&rsquo;Hexagone. Apr\u00e8s deux ann\u00e9es pass\u00e9es en Nouvelle-Cal\u00e9donie et 15 ans dans le sud, la native de Papeete (Tahiti) est retourn\u00e9e sur sa terre natale en 2023.<\/p>\n<p>            \u00ab\u00a0Mon enfance a autant \u00e9t\u00e9 berc\u00e9e par le chant des cigales que par la m\u00e9lodie du ukul\u00e9l\u00e9\u00a0\u00bb<\/p>\n<p class=\"article-p mdl\">Lors des discours des 12 demi-finalistes, Miss France 2026 a expliqu\u00e9 qu&rsquo;<a class=\"link\" href=\"https:\/\/www.rtl.fr\/culture\/medias-people\/miss-france-2026-qui-est-hinaupoko-deveze-elue-miss-tahiti-7900531999\" target=\"_blank\" rel=\"noopener\">elle \u00e9tait \u00ab\u00a0le fruit d&rsquo;une histoire d&rsquo;amour entre la Polyn\u00e9sie et le sud de la France<\/a>\u00ab\u00a0. \u00ab\u00a0Mon enfance a autant \u00e9t\u00e9 berc\u00e9e par le chant des cigales que par la m\u00e9lodie du ukul\u00e9l\u00e9\u00a0\u00bb, a-t-elle ajout\u00e9. Interrog\u00e9e plus tard sur les valeurs les plus importantes selon elle en France, elle a \u00e9voqu\u00e9 la \u00ab\u00a0libert\u00e9, l&rsquo;\u00e9galit\u00e9, la fraternit\u00e9\u00a0\u00bb, mais aussi \u00ab\u00a0le respect\u00a0\u00bb.<\/p>\n<p class=\"article-p mdl\">Avant de se lancer dans cette aventure Miss France, Hinaupoko Dev\u00e8ze, dont le nom signifie \u00ab\u00a0Grande d\u00e9esse\u00a0\u00bb, \u00e9tudiait la psychologie dans le cadre d&rsquo;une licence. \u00c0 c\u00f4t\u00e9, elle \u00e9tait aussi secr\u00e9taire administrative dans une entreprise touristique mais \u00e9galement mannequin.<\/p>\n<p class=\"article-p mdl\">Cette \u00e9dition introduit un accompagnement in\u00e9dit : pour la premi\u00e8re fois, Miss France sera \u00e9paul\u00e9e par une ancienne laur\u00e9ate, une mission confi\u00e9e \u00e0 Camille Cerf, Miss France 2015.<\/p>\n<p>    La r\u00e9daction vous recommande<\/p>\n<p class=\"s-newsletter__title\">\n                L\u2019actualit\u00e9 par la r\u00e9daction de RTL dans votre bo\u00eete mail.\n            <\/p>\n<p class=\"s-newsletter__subtitle\">\n                Gr\u00e2ce \u00e0 votre compte RTL abonnez-vous \u00e0 la newsletter RTL info pour suivre toute l&rsquo;actualit\u00e9 au quotidien\n            <\/p>\n<p>\n                                    Lire la suite\n                                <\/p>\n","protected":false},"excerpt":{"rendered":"Un titre de plus pour Tahiti ! Apr\u00e8s les Miss France 1974, 1980, 1991, 1999 et 2019,\u00a0Hinaupoko Dev\u00e8ze&hellip;\n","protected":false},"author":2,"featured_media":583425,"comment_status":"","ping_status":"","sticky":false,"template":"","format":"standard","meta":{"footnotes":""},"categories":[4],"tags":[11,15908,5949,2414,107,1011,27,3034,12,973,2189,25,24932],"class_list":{"0":"post-583424","1":"post","2":"type-post","3":"status-publish","4":"format-standard","5":"has-post-thumbnail","7":"category-france","8":"tag-actualites","9":"tag-diaporama","10":"tag-elections","11":"tag-fil-culture","12":"tag-fil-info","13":"tag-fr","14":"tag-france","15":"tag-miss-france","16":"tag-news","17":"tag-people","18":"tag-photos","19":"tag-republique-francaise","20":"tag-tahiti"},"share_on_mastodon":{"url":"https:\/\/pubeurope.com\/@fr\/115676176985552929","error":""},"_links":{"self":[{"href":"https:\/\/www.europesays.com\/fr\/wp-json\/wp\/v2\/posts\/583424","targetHints":{"allow":["GET"]}}],"collection":[{"href":"https:\/\/www.europesays.com\/fr\/wp-json\/wp\/v2\/posts"}],"about":[{"href":"https:\/\/www.europesays.com\/fr\/wp-json\/wp\/v2\/types\/post"}],"author":[{"embeddable":true,"href":"https:\/\/www.europesays.com\/fr\/wp-json\/wp\/v2\/users\/2"}],"replies":[{"embeddable":true,"href":"https:\/\/www.europesays.com\/fr\/wp-json\/wp\/v2\/comments?post=583424"}],"version-history":[{"count":0,"href":"https:\/\/www.europesays.com\/fr\/wp-json\/wp\/v2\/posts\/583424\/revisions"}],"wp:featuredmedia":[{"embeddable":true,"href":"https:\/\/www.europesays.com\/fr\/wp-json\/wp\/v2\/media\/583425"}],"wp:attachment":[{"href":"https:\/\/www.europesays.com\/fr\/wp-json\/wp\/v2\/media?parent=583424"}],"wp:term":[{"taxonomy":"category","embeddable":true,"href":"https:\/\/www.europesays.com\/fr\/wp-json\/wp\/v2\/categories?post=583424"},{"taxonomy":"post_tag","embeddable":true,"href":"https:\/\/www.europesays.com\/fr\/wp-json\/wp\/v2\/tags?post=583424"}],"curies":[{"name":"wp","href":"https:\/\/api.w.org\/{rel}","templated":true}]}}