{"id":583426,"date":"2025-12-07T03:33:17","date_gmt":"2025-12-07T03:33:17","guid":{"rendered":"https:\/\/www.europesays.com\/fr\/583426\/"},"modified":"2025-12-07T03:33:17","modified_gmt":"2025-12-07T03:33:17","slug":"beziers-angels-gun-hindgren-larme-suedoise-des-biterroises-a-lheure-de-se-rendre-a-chamalieres","status":"publish","type":"post","link":"https:\/\/www.europesays.com\/fr\/583426\/","title":{"rendered":"B\u00e9ziers Angels\u00a0: Gun Hindgren, l\u2019arme su\u00e9doise des Biterroises \u00e0 l\u2019heure de se rendre \u00e0 Chamali\u00e8res"},"content":{"rendered":"<p>\n                                                                \u00c0 22 ans, la centrale su\u00e9doise Gun Hindgren est l\u2019un des jeunes visages prometteurs du B\u00e9ziers Volley, qui se d\u00e9place ce samedi 6\u00a0d\u00e9cembre (20\u00a0h\u00a030) sur le parquet de Chamali\u00e8res, lors de la 10e journ\u00e9e de Ligue A f\u00e9minine.\n                            <\/p>\n<p>N\u00e9e dans le sud de la Su\u00e8de, 1,86\u00a0m, num\u00e9ro\u00a019<a href=\"https:\/\/www.midilibre.fr\/sport\/volley-ball\/beziers-angels\/\" target=\"_blank\" rel=\"noopener\"> sur son maillot des <strong>B\u00e9ziers Angels<\/strong><\/a>, Gun est la premi\u00e8re sportive d\u2019une famille d\u2019artistes. Elle d\u00e9couvre le volley \u00e0 11 ans au coll\u00e8ge \u00ab\u00a0en cours de sport, un vrai coup de foudre\u00a0\u00bb. Elle contacte alors, elle-m\u00eame, un club local\u00a0: \u00ab\u00a0Bonjour, je m\u2019appelle Gun\u2026 Quand puis-je venir\u00a0?\u00a0\u00bb\u00a0Elle ne quittera plus les terrains.<\/p>\n<p>Apr\u00e8s une pause entre 16 et 18 ans pour ses \u00e9tudes, c\u2019est le message d\u2019un coach de premi\u00e8re division, sur Instagram, qui relance sa carri\u00e8re. Gun quitte ensuite la Su\u00e8de \u00e0 20 ans pour jouer en Suisse avant de rejoindre B\u00e9ziers cet \u00e9t\u00e9.<\/p>\n<p>\u00ab\u00a0J\u2019apporte de l\u2019\u00e9nergie\u00a0\u00bb<\/p>\n<p>Positive, travailleuse, souriante, elle revendique son r\u00f4le\u00a0: \u00ab\u00a0Je suis l\u2019une des plus jeunes, alors j\u2019apporte de l\u2019\u00e9nergie, une bonne mentalit\u00e9\u2026 Il y a beaucoup d\u2019\u00e9motions. Tu cr\u00e9es une petite famille sur le terrain, un lien sp\u00e9cial qu\u2019on ne trouve nulle part ailleurs\u00a0\u00bb.<\/p>\n<p>Amoureuse de la nature, passionn\u00e9e de musique, elle voit surtout en B\u00e9ziers un vrai d\u00e9fi personnel mais surtout un collectif ambitieux\u00a0: \u00ab\u00a0On peut aller loin, on a une tr\u00e8s bonne \u00e9quipe\u00a0\u00bb. Le prochain match pour Gun et les B\u00e9ziers-Angels, c\u2019est \u00e0 Chamali\u00e8res ce samedi \u00e0 20\u00a0h\u00a030.<\/p>\n","protected":false},"excerpt":{"rendered":"\u00c0 22 ans, la centrale su\u00e9doise Gun Hindgren est l\u2019un des jeunes visages prometteurs du B\u00e9ziers Volley, qui&hellip;\n","protected":false},"author":2,"featured_media":583427,"comment_status":"","ping_status":"","sticky":false,"template":"","format":"standard","meta":{"footnotes":""},"categories":[1417],"tags":[37552,1011,27,7089,517,60,1470,1632,1469],"class_list":{"0":"post-583426","1":"post","2":"type-post","3":"status-publish","4":"format-standard","5":"has-post-thumbnail","7":"category-volley","8":"tag-beziers","9":"tag-fr","10":"tag-france","11":"tag-herault","12":"tag-sport","13":"tag-sports","14":"tag-volley","15":"tag-volley-ball","16":"tag-volleyball"},"share_on_mastodon":{"url":"https:\/\/pubeurope.com\/@fr\/115676184857859515","error":""},"_links":{"self":[{"href":"https:\/\/www.europesays.com\/fr\/wp-json\/wp\/v2\/posts\/583426","targetHints":{"allow":["GET"]}}],"collection":[{"href":"https:\/\/www.europesays.com\/fr\/wp-json\/wp\/v2\/posts"}],"about":[{"href":"https:\/\/www.europesays.com\/fr\/wp-json\/wp\/v2\/types\/post"}],"author":[{"embeddable":true,"href":"https:\/\/www.europesays.com\/fr\/wp-json\/wp\/v2\/users\/2"}],"replies":[{"embeddable":true,"href":"https:\/\/www.europesays.com\/fr\/wp-json\/wp\/v2\/comments?post=583426"}],"version-history":[{"count":0,"href":"https:\/\/www.europesays.com\/fr\/wp-json\/wp\/v2\/posts\/583426\/revisions"}],"wp:featuredmedia":[{"embeddable":true,"href":"https:\/\/www.europesays.com\/fr\/wp-json\/wp\/v2\/media\/583427"}],"wp:attachment":[{"href":"https:\/\/www.europesays.com\/fr\/wp-json\/wp\/v2\/media?parent=583426"}],"wp:term":[{"taxonomy":"category","embeddable":true,"href":"https:\/\/www.europesays.com\/fr\/wp-json\/wp\/v2\/categories?post=583426"},{"taxonomy":"post_tag","embeddable":true,"href":"https:\/\/www.europesays.com\/fr\/wp-json\/wp\/v2\/tags?post=583426"}],"curies":[{"name":"wp","href":"https:\/\/api.w.org\/{rel}","templated":true}]}}