{"id":58343,"date":"2025-04-28T04:00:12","date_gmt":"2025-04-28T04:00:12","guid":{"rendered":"https:\/\/www.europesays.com\/fr\/58343\/"},"modified":"2025-04-28T04:00:12","modified_gmt":"2025-04-28T04:00:12","slug":"la-souverainete-energetique-de-la-france-en-debat-a-lassemblee","status":"publish","type":"post","link":"https:\/\/www.europesays.com\/fr\/58343\/","title":{"rendered":"\u00ab La souverainet\u00e9 \u00e9nerg\u00e9tique de la France \u00bb en d\u00e9bat \u00e0 l&rsquo;Assembl\u00e9e"},"content":{"rendered":"<p>Cette programmation pluriannuelle de l\u2019\u00e9nergie, en pr\u00e9paration depuis plusieurs ann\u00e9es et qui d\u00e9taille les objectifs de consommation et de production en France, doit faire l\u2019objet d\u2019un d\u00e9cret.<\/p>\n<p class=\"fig-paragraph\">Les d\u00e9put\u00e9s auront l&rsquo;occasion de s&rsquo;exprimer lundi dans l&rsquo;h\u00e9micycle sur \u00abla souverainet\u00e9 \u00e9nerg\u00e9tique de la France\u00bb, lors d&rsquo;un d\u00e9bat sans vote sur un sujet par ailleurs explosif, autour duquel le Rassemblement national fait planer une menace de censure. En jeu: la nouvelle\u00a0<a href=\"http:\/\/www.lefigaro.fr\/flash-eco\/le-gouvernement-lance-la-consultation-du-public-sur-la-feuille-de-route-energetique-de-la-france-20250307\" data-fig-type=\"NewsFlash\" data-gtm-custom-categorie=\"navigation\" data-gtm-custom-action=\"crossclick\" data-gtm-custom-label=\"Contextuel\" data-gtm-event=\"customEventSPE\" data-fig-domain=\"LEFIGARO\" target=\"_blank\" rel=\"noopener\">feuille de route \u00e9nerg\u00e9tique de la France<\/a>\u00a0pour la p\u00e9riode 2025-2035, qui doit mettre le pays sur la voie de la neutralit\u00e9 carbone en 2050.<\/p>\n<p class=\"fig-paragraph\">Cette programmation pluriannuelle de l&rsquo;\u00e9nergie (PPE), en pr\u00e9paration depuis plusieurs ann\u00e9es et qui d\u00e9taille les objectifs de consommation et de production en France, doit faire l&rsquo;objet d&rsquo;un d\u00e9cret. Mais des d\u00e9put\u00e9s de plusieurs groupes ont demand\u00e9 \u00e0 pouvoir se prononcer sur le sujet. Mi-mars, plus de 160 s\u00e9nateurs de droite et du centre avaient \u00e9galement appel\u00e9 l&rsquo;ex\u00e9cutif \u00e0 \u00abrenoncer\u00bb \u00e0 la publication imminente de la PPE, fustigeant l&rsquo;absence de \u00abvision globale\u00bb derri\u00e8re cette feuille de route.<\/p>\n<p class=\"fig-paragraph\">Face aux lev\u00e9es de boucliers, Fran\u00e7ois Bayrou a propos\u00e9 ce premier d\u00e9bat, qu&rsquo;il ouvrira par une d\u00e9claration. Un autre est pr\u00e9vu sur le m\u00eame th\u00e8me au S\u00e9nat le 6 mai. Au gouvernement, on esp\u00e8re que l&rsquo;exercice ne tombera pas dans \u00ables caricatures\u00bb, avec \u00abla gauche qui ne veut que des renouvelables, la droite et l&rsquo;extr\u00eame droite qui ne veut que du nucl\u00e9aire\u00bb. Mais m\u00eame s&rsquo;il doit permettre de clarifier les positions de chacun, la port\u00e9e du d\u00e9bat restera limit\u00e9e.<\/p>\n<p class=\"fig-paragraph\">Pour Marine Le Pen, qui prendra elle-m\u00eame la parole lundi dans l&rsquo;h\u00e9micycle, pas question de laisser passer ces orientations \u00e9nerg\u00e9tiques sans vote des parlementaires. Ce d\u00e9bat \u00abn&rsquo;est pas ce qu&rsquo;on avait demand\u00e9\u00bb, a d\u00e9clar\u00e9 \u00e0 l&rsquo;AFP le d\u00e9put\u00e9 RN Jean-Philippe Tanguy. \u00abLe Parlement n&rsquo;est pas l\u00e0 pour d\u00e9battre sans vote.\u00bb<\/p>\n<p class=\"fig-paragraph\">&#8211; Visibilit\u00e9 &#8211;<\/p>\n<p class=\"fig-paragraph\">Sous la pression, l&rsquo;ex\u00e9cutif a \u00e9galement propos\u00e9 d&rsquo;inscrire \u00e0 l&rsquo;ordre du jour de l&rsquo;Assembl\u00e9e une proposition de loi du s\u00e9nateur Daniel Gr\u00e9millet sur la programmation \u00e9nerg\u00e9tique, a priori le 16 juin, selon le cabinet du ministre des Relations avec le Parlement. Celle-ci a d\u00e9j\u00e0 \u00e9t\u00e9 adopt\u00e9e en premi\u00e8re lecture par le S\u00e9nat en octobre, et pr\u00e9voit une relance massive de la fili\u00e8re nucl\u00e9aire. La date de publication du d\u00e9cret, quant \u00e0 elle, a \u00e9t\u00e9 repouss\u00e9e et reste encore incertaine, m\u00eame si la porte-parole du gouvernement a promis qu&rsquo;elle interviendrait \u00abavant l&rsquo;\u00e9t\u00e9\u00bb.<\/p>\n<p class=\"fig-paragraph\">Le Rassemblement national r\u00e9clame que l&rsquo;examen de cette proposition de loi s\u00e9natoriale ait lieu avant la publication du fameux d\u00e9cret. Si ce n&rsquo;est pas le cas, \u00abon envisagera, on discutera au groupe d&rsquo;une censure\u00bb, a r\u00e9affirm\u00e9 Jean-Philippe Tanguy.<\/p>\n<p class=\"fig-paragraph\">Signe que le sujet est pris tr\u00e8s au s\u00e9rieux par l&rsquo;extr\u00eame droite, la cheffe de file des d\u00e9put\u00e9s RN avait fait l&rsquo;un de ses rares d\u00e9placements en mars sur le sujet, en visitant l&rsquo;EPR de Flamanville. \u00abLaisser passer une programmation pluriannuelle qui va augmenter de 100% les factures des consommateurs, et de 30% les factures \u00e9nerg\u00e9tiques pour les entreprises, il n&rsquo;en est pas question\u00bb, a-t-elle encore d\u00e9clar\u00e9 d\u00e9but avril dans une interview \u00e0 L&rsquo;H\u00e9micycle.<\/p>\n<p class=\"fig-paragraph\">Au gouvernement, on explique que le d\u00e9cret est attendu pour lancer des appels d\u2019offres, avec des enjeux de visibilit\u00e9 pour les industriels, mais qu&rsquo;il pourrait \u00eatre corrig\u00e9 par la suite, \u00e0 l&rsquo;aune des d\u00e9bats autour de la proposition de loi.<\/p>\n<p class=\"fig-paragraph\">La semaine derni\u00e8re, une vingtaine de f\u00e9d\u00e9rations et organisations professionnelles de l&rsquo;\u00e9nergie ont soulign\u00e9 \u00abl&rsquo;urgence\u00bb d&rsquo;acc\u00e9l\u00e9rer \u00ables transferts d&rsquo;usage vers l&rsquo;\u00e9lectricit\u00e9\u00bb, afin de r\u00e9duire la d\u00e9pendance de la France aux \u00e9nergies fossiles import\u00e9es et co\u00fbteuses. Le projet de PPE pr\u00e9voit de ramener la part des \u00e9nergies fossiles dans la consommation \u00e9nerg\u00e9tique d&rsquo;environ 60% en 2023 \u00e0 42% en 2030, puis 30% en 2035. En rupture avec la pr\u00e9c\u00e9dente PPE 2019-2024, le nouveau texte acte au contraire la relance de l&rsquo;atome.<\/p>\n","protected":false},"excerpt":{"rendered":"Cette programmation pluriannuelle de l\u2019\u00e9nergie, en pr\u00e9paration depuis plusieurs ann\u00e9es et qui d\u00e9taille les objectifs de consommation et&hellip;\n","protected":false},"author":2,"featured_media":58344,"comment_status":"","ping_status":"","sticky":false,"template":"","format":"standard","meta":{"footnotes":""},"categories":[4],"tags":[11,416,426,427,422,423,1011,27,418,424,425,420,421,430,12,419,316,429,1078,25,428],"class_list":{"0":"post-58343","1":"post","2":"type-post","3":"status-publish","4":"format-standard","5":"has-post-thumbnail","7":"category-france","8":"tag-actualites","9":"tag-assemblee-nationale","10":"tag-candidat","11":"tag-candidats","12":"tag-depute","13":"tag-deputes","14":"tag-fr","15":"tag-france","16":"tag-gouvernement","17":"tag-institution","18":"tag-institutions","19":"tag-loi","20":"tag-lois","21":"tag-marine-le-pen","22":"tag-news","23":"tag-opposition","24":"tag-politique","25":"tag-ps","26":"tag-rassemblement-national","27":"tag-republique-francaise","28":"tag-ump"},"share_on_mastodon":{"url":"https:\/\/pubeurope.com\/@fr\/114413595736925061","error":""},"_links":{"self":[{"href":"https:\/\/www.europesays.com\/fr\/wp-json\/wp\/v2\/posts\/58343","targetHints":{"allow":["GET"]}}],"collection":[{"href":"https:\/\/www.europesays.com\/fr\/wp-json\/wp\/v2\/posts"}],"about":[{"href":"https:\/\/www.europesays.com\/fr\/wp-json\/wp\/v2\/types\/post"}],"author":[{"embeddable":true,"href":"https:\/\/www.europesays.com\/fr\/wp-json\/wp\/v2\/users\/2"}],"replies":[{"embeddable":true,"href":"https:\/\/www.europesays.com\/fr\/wp-json\/wp\/v2\/comments?post=58343"}],"version-history":[{"count":0,"href":"https:\/\/www.europesays.com\/fr\/wp-json\/wp\/v2\/posts\/58343\/revisions"}],"wp:featuredmedia":[{"embeddable":true,"href":"https:\/\/www.europesays.com\/fr\/wp-json\/wp\/v2\/media\/58344"}],"wp:attachment":[{"href":"https:\/\/www.europesays.com\/fr\/wp-json\/wp\/v2\/media?parent=58343"}],"wp:term":[{"taxonomy":"category","embeddable":true,"href":"https:\/\/www.europesays.com\/fr\/wp-json\/wp\/v2\/categories?post=58343"},{"taxonomy":"post_tag","embeddable":true,"href":"https:\/\/www.europesays.com\/fr\/wp-json\/wp\/v2\/tags?post=58343"}],"curies":[{"name":"wp","href":"https:\/\/api.w.org\/{rel}","templated":true}]}}