{"id":583432,"date":"2025-12-07T03:39:13","date_gmt":"2025-12-07T03:39:13","guid":{"rendered":"https:\/\/www.europesays.com\/fr\/583432\/"},"modified":"2025-12-07T03:39:13","modified_gmt":"2025-12-07T03:39:13","slug":"sud-gironde-cyclisme-lilian-calmejane-simpose-sur-le-cyclo-cross-de-montcuq-en-quercy-blanc-46","status":"publish","type":"post","link":"https:\/\/www.europesays.com\/fr\/583432\/","title":{"rendered":"Sud Gironde \u2013 CYCLISME \u2014 \u2014 Lilian Calmejane s\u2019impose sur le cyclo-cross de Montcuq en Quercy Blanc (46)"},"content":{"rendered":"<p>&#13;<br \/>\n    &#13;<\/p>\n<p class=\"uk-article-meta\">Publi\u00e9 le 6 d\u00e9cembre 2025 dans R\u00e9sultats<\/p>\n<p>&#13;<\/p>\n<p>Les r\u00e9sultats, remerciements \u00e0 Nicolas Florenty<\/p>\n<p>&#13;<\/p>\n<p>Samedi 6 d\u00e9cembre 2025<\/p>\n<p class=\"has-pale-cyan-blue-background-color has-background\"><strong>Cyclo-cross du Plan d\u2019eau de Montcuq en Quercy Blanc (46)<br \/>Cyclo-cross organis\u00e9 par Puy l\u2019Ev\u00eaque Cyclisme<br \/>Speaker :\u00a0Jean Louis Gauthier<\/strong><\/p>\n<p><img fetchpriority=\"high\" decoding=\"async\" width=\"1024\" height=\"960\" data-id=\"125984\" src=\"https:\/\/www.europesays.com\/fr\/wp-content\/uploads\/2025\/12\/IMG_4796-1024x960.jpeg\" alt=\"\" class=\"wp-image-125984\"  \/><\/p>\n<p><strong>R\u00e9sultats, photo remerciements \u00e0 Nicolas Florenty<\/strong><\/p>\n<p><strong>Open-Access<\/strong><\/p>\n<p class=\"has-white-background-color has-background\">Rang Nom Pr\u00e9nom 3 Nom du Club\/Code \u00e9quipe Cat\u00e9gorie<br \/>1 CALMEJANE Lilian ALBI VELO SPORT Open<br \/>2 PORTET Damien UV MAZAMET Open<br \/>3 PLAS Laudelino ALBI VELO SPORT Open<br \/>4 AURIOL William ALBI VELO SPORT Open<br \/>5 BOURDEJEAU Bastien BEZIERS-MEDITERRANEE CYCL Open<br \/>6 MASSERON MEZERGUE Th\u00e9o CAHORS CYCLISME Access<br \/>7 BESSON K\u00e9vin CAHORS CYCLISME Access<br \/>8 VERHAEGHE Antoine ISSOIRE CYCLISME Open<br \/>9 GAYRAL Mickael Comit\u00e9 82 Access<br \/>10 DELON Camille Access<br \/>11 MENGES Franck TSA UNIBALLER Access<br \/>12 AILLET Cl\u00e9ment CAHORS CYCLISME Access<br \/>ABD JACOTEY Bryan CA CASTELSARRASIN Open<\/p>\n<p>1 BOUYSSOU Cl\u00e9ment STADE TOULOUSAIN CYCLISME Open<br \/>2 LABUSSIERE Eythan VILLENEUVE CYCLISTE U17<br \/>3 TAURAND Nathan CA CASTELSARRASIN Access<br \/>ABD ASTORG Emile CAHORS CYCLISME Access<\/p>\n<p>1 BODART Samuel CAHORS CYCLISME Access<br \/>2 LAFUSTE Nicolas Access<br \/>3 PELGAS Pierre CAHORS CYCLISME Access<br \/>ABD MATHIS Romain UNION SPORTIVE COLOMIERS CYCLISME Access<br \/>ABD COURPET Nicolas CAHORS CYCLISME Access<\/p>\n<p class=\"has-white-background-color has-background\">1 ROGNANT Viviane ALBI VELO SPORT Open<\/p>\n<p><strong>U 15<\/strong><\/p>\n<p>Rang Nom Pr\u00e9nom 3 Nom du Club\/Code \u00e9quipe Cat\u00e9gorie<br \/>1 GILLERON Elliot CSO MILLAU U15<br \/>2 JOFFRE Rapha\u00ebl GSC BLAGNAC VELO SPORT 31 U15<br \/>3 NOWAK Ethan COUSERANS CYCLISTE PYRENEES U15<br \/>4 SCURO Lohan COUSERANS CYCLISTE PYRENEES U15<br \/>5 SOMMER Ruben COUSERANS CYCLISTE PYRENEES U15<br \/>6 CANCEL Jules CA CASTELSARRASIN U15<br \/>7 VOGEL Antonin AS VILLEMUR U15<br \/>8 BERNAT Quentin AS Villemur U15<\/p>\n<p>1 JACOTEY Kim CA CASTELSARRASIN U15<br \/>2 BOUSQUET Faustine TARBES CYCLISTE U15<\/p>\n<p><strong>U 17<\/strong><\/p>\n<p>Rang Nom Pr\u00e9nom 3 Nom du Club\/Code \u00e9quipe Cat\u00e9gorie<br \/>1 BOUSSIOUX Ma\u00ebl GERS CYCLING DEVELOPPEMENT U17<br \/>2 THUIN Ruben GSC BLAGNAC VELO SPORT 31 U17<br \/>3 MATHIS Ethan UNION SPORTIVE COLOMIERS CYCLISME U17<br \/>4 COSTES Loris VELO CLUB RODEZ U17<br \/>5 CAMINADE Noah TEAM CORREZE SUCHET NOUVELLE AQUITAINE U17<br \/>6 ALLEGUEDE Gabin VELO CLUB RODEZ U17<\/p>\n<p>1 DE ZAN Jade UNION SPORTIVE COLOMIERS CYCLISME U17<br \/>2 MONTEGUT Koyuki TARBES CYCLISTE U17<\/p>\n<p><strong>Ecoles de V\u00e9lo<\/strong><\/p>\n<p>Rang Nom Pr\u00e9nom 3 Nom du Club\/Code \u00e9quipe Cat\u00e9gorie<br \/>1 SOUTON Jade GSC BLAGNAC VELO SPORT 31 U7<\/p>\n<p>1 FIEU Marius VILLENEUVE CYCLISTE U9<br \/>2 AYMARD No\u00e9 US FRONTON U7<br \/>3 REY L\u00e9a VELO CLUB RODEZ U9<br \/>4 BELLAVENA Tiffany VILLENEUVE CYCLISTE U9<\/p>\n<p>1 JACOTEY Dylan CA CASTELSARRASIN U11<br \/>2 AYMARD Ars\u00e8ne US FRONTON U9<br \/>3 SENOUQUE Jonathan AS VILLEMUR U9<br \/>4 PICCOLI Matheo CA CASTELSARRASIN U11<br \/>5 SOUTON Hugo GSC BLAGNAC VELO SPORT 31 U11<br \/>6 LEYMARIE Ma\u00ebl AS VILLEMUR U9<br \/>7 DURETZ Rapha\u00ebl MONTAUBAN CYCLISME 82 U9<br \/>8 UGAL Paul MONTAUBAN CYCLISME 82 U9<br \/>9 RICARDO Z\u00e9lya MONTAUBAN CYCLISME 82 U9<br \/>10 MATHIS Johanna UNION SPORTIVE COLOMIERS CYCLISME U11<\/p>\n<p>1 CLAVEL L\u00e9onie COUSERANS CYCLISTE PYRENEES U13<br \/>2 LABUSSIERE Kylian VILLENEUVE CYCLISTE U13<br \/>3 COURTINADE Maxime GSC BLAGNAC VELO SPORT 31 U13<br \/>4 SERRANO Adrien AS VILLEMUR U13<br \/>5 GLOUX Erwann CA CASTELSARRASIN U13<br \/>6 FIEU Gauthier VILLENEUVE CYCLISTE U13<br \/>7 DETHOOR Rapha\u00ebl CA CASTELSARRASIN U13<br \/>8 FRAUX Martin VELO CLUB MAURSOIS U13<\/p>\n<p>&#13;<\/p>\n","protected":false},"excerpt":{"rendered":"&#13; &#13; Publi\u00e9 le 6 d\u00e9cembre 2025 dans R\u00e9sultats &#13; Les r\u00e9sultats, remerciements \u00e0 Nicolas Florenty &#13; Samedi&hellip;\n","protected":false},"author":2,"featured_media":583433,"comment_status":"","ping_status":"","sticky":false,"template":"","format":"standard","meta":{"footnotes":""},"categories":[1411],"tags":[1154,207,1011,27,60],"class_list":{"0":"post-583432","1":"post","2":"type-post","3":"status-publish","4":"format-standard","5":"has-post-thumbnail","7":"category-cyclisme","8":"tag-cycling","9":"tag-cyclisme","10":"tag-fr","11":"tag-france","12":"tag-sports"},"share_on_mastodon":{"url":"https:\/\/pubeurope.com\/@fr\/115676209050753015","error":""},"_links":{"self":[{"href":"https:\/\/www.europesays.com\/fr\/wp-json\/wp\/v2\/posts\/583432","targetHints":{"allow":["GET"]}}],"collection":[{"href":"https:\/\/www.europesays.com\/fr\/wp-json\/wp\/v2\/posts"}],"about":[{"href":"https:\/\/www.europesays.com\/fr\/wp-json\/wp\/v2\/types\/post"}],"author":[{"embeddable":true,"href":"https:\/\/www.europesays.com\/fr\/wp-json\/wp\/v2\/users\/2"}],"replies":[{"embeddable":true,"href":"https:\/\/www.europesays.com\/fr\/wp-json\/wp\/v2\/comments?post=583432"}],"version-history":[{"count":0,"href":"https:\/\/www.europesays.com\/fr\/wp-json\/wp\/v2\/posts\/583432\/revisions"}],"wp:featuredmedia":[{"embeddable":true,"href":"https:\/\/www.europesays.com\/fr\/wp-json\/wp\/v2\/media\/583433"}],"wp:attachment":[{"href":"https:\/\/www.europesays.com\/fr\/wp-json\/wp\/v2\/media?parent=583432"}],"wp:term":[{"taxonomy":"category","embeddable":true,"href":"https:\/\/www.europesays.com\/fr\/wp-json\/wp\/v2\/categories?post=583432"},{"taxonomy":"post_tag","embeddable":true,"href":"https:\/\/www.europesays.com\/fr\/wp-json\/wp\/v2\/tags?post=583432"}],"curies":[{"name":"wp","href":"https:\/\/api.w.org\/{rel}","templated":true}]}}