{"id":583436,"date":"2025-12-07T03:41:16","date_gmt":"2025-12-07T03:41:16","guid":{"rendered":"https:\/\/www.europesays.com\/fr\/583436\/"},"modified":"2025-12-07T03:41:16","modified_gmt":"2025-12-07T03:41:16","slug":"miss-france-2026-angelique-angarni-filopon-en-larmes-des-les-premieres-secondes-de-la-ceremonie-les-internautes-emus","status":"publish","type":"post","link":"https:\/\/www.europesays.com\/fr\/583436\/","title":{"rendered":"Miss France 2026 : Ang\u00e9lique Angarni-Filopon en larmes d\u00e8s les premi\u00e8res secondes de la c\u00e9r\u00e9monie, les internautes \u00e9mus"},"content":{"rendered":"<p>L&rsquo;\u00e9lection de Miss France 2026 a d\u00e9marr\u00e9 sur les chapeaux de<br \/>\nroue. Pour lancement le programme, <strong>Sylvie Tellier<\/strong>,<br \/>\n<strong>Laury Thilleman<\/strong> et <strong>Elodie Gossuin<\/strong><br \/>\nsont mont\u00e9es sur sc\u00e8ne. Toutes sublimes dans leurs robes de soir\u00e9e,<br \/>\nelles ont rappel\u00e9 \u00e0 quel point le concours de beaut\u00e9 continuait de<br \/>\nfaire vibrer la France depuis sa cr\u00e9ation. Puis, elles ont laiss\u00e9<br \/>\nplace aux <a href=\"https:\/\/www.closermag.fr\/people\/miss-france-2026-decouvrez-les-30-candidates-en-maillot-de-bain-photos-3593391\" target=\"_blank\" rel=\"noopener\"><br \/>\n30 candidates<\/a>.<\/p>\n<p>Sur la sc\u00e8ne du Z\u00e9nith d&rsquo;Amiens, les Miss en lice se sont dans<br \/>\nun premier pr\u00e9sent\u00e9es en robe dor\u00e9e \u00e0 paillettes sur le titre<br \/>\nOne night only de Beyonc\u00e9, Sharon Leal et Anika Noni Rose.<br \/>\nUne entr\u00e9e rythm\u00e9e qui a ensuite <strong>laiss\u00e9 place \u00e0<br \/>\nl&rsquo;\u00e9motion<\/strong>. En effet, \u00e0 la suite de cette introduction,<br \/>\n<a href=\"https:\/\/www.closermag.fr\/tv_tele_realite\/miss_france\/elle-a-mal-parle-a-angelique-angarni-filopon-glaciale-elle-a-choque-tous-les-journalistes-3602885\" target=\"_blank\" rel=\"noopener\"><br \/>\nAng\u00e9lique Angarni-Filopon, Miss France 2025<\/a>, s&rsquo;est pr\u00e9sent\u00e9e au<br \/>\npublic et le moins que l&rsquo;on puisse dire c&rsquo;est qu&rsquo;elle \u00e9tait d\u00e9j\u00e0<br \/>\ntr\u00e8s \u00e9mue.<\/p>\n<p>Miss France 2026 : les internautes \u00e9mus par les larmes<br \/>\nd&rsquo;Ang\u00e9lique Angarni-Filopon<\/p>\n<p>Sublime et \u00e9l\u00e9gante dans une robe rose, celle qui a succ\u00e9d\u00e9 \u00e0<br \/>\nEve Gilles n&rsquo;a pas pu retenir ses larmes. La future couronne \u00e0 la<br \/>\nmain, elle s&rsquo;est avanc\u00e9e sur sc\u00e8ne. Une s\u00e9quence qui n&rsquo;a pas manqu\u00e9<br \/>\nd&rsquo;\u00e9mouvoir les internautes. Sur Twitter, les fans de l&rsquo;\u00e9mission<br \/>\nn&rsquo;ont pas h\u00e9sit\u00e9 \u00e0 partager leur ressenti. \u00ab\u00a0Telle la reine<br \/>\nqu\u2019elle est, Ang\u00e9lique apparue d\u00e9filant sur cette sc\u00e8ne qui est et<br \/>\nrestera la sienne\u00a0\u00bb \u00e9crit une internaute. \u00ab\u00a0<strong>S\u00e8che<br \/>\ntes larmes et remets ta couronne stp tu resteras notre miss pour<br \/>\nl\u2019an prochain<\/strong>\u00a0\u00bb partage un autre. Sans dire un mot, la<br \/>\nMartiniquaise a laiss\u00e9 parler son c\u0153ur.<\/p>\n<blockquote class=\"twitter-tweet\"><p><a class=\"twitter-link\" rel=\"noindex, nofollow noopener\" href=\"https:\/\/twitter.com\/smart_apathie\/status\/1997400514191818802\" target=\"_blank\"><\/p><\/blockquote>\n<blockquote class=\"twitter-tweet\"><p><a class=\"twitter-link\" rel=\"noindex, nofollow noopener\" href=\"https:\/\/twitter.com\/jeanne_lvnd\/status\/1997400500149313697\" target=\"_blank\"><\/p><\/blockquote>\n<blockquote class=\"twitter-tweet\"><p><a class=\"twitter-link\" rel=\"noindex, nofollow noopener\" href=\"https:\/\/twitter.com\/Destyty_\/status\/1997400503114682498\" target=\"_blank\"><\/p><\/blockquote>\n<p>La c\u00e9r\u00e9monie s&rsquo;est ensuite d\u00e9roul\u00e9e sous les feux des<br \/>\nprojecteurs. Sur le th\u00e8me du voyage, les Miss ont d\u00e9fil\u00e9 avec leurs<br \/>\nplus beaux sourires. Super entra\u00een\u00e9es apr\u00e8s leur voyage de<br \/>\npr\u00e9paration en Martinique, elles n&rsquo;ont fait aucun faux pas. Un show<br \/>\nexceptionnel anim\u00e9 par Jean-Pierre Foucault, qui, cette ann\u00e9e,<br \/>\nn&rsquo;avait <a href=\"https:\/\/www.closermag.fr\/tv_tele_realite\/miss-france-2026-jean-pierre-foucault-musele-ces-mots-quil-naura-plus-le-droit-de-dire-en-plein-concours-3593141\" target=\"_blank\" rel=\"noopener\"><br \/>\npas le droit de dire certains mots<\/a>.<\/p>\n<p>Miss France 2026 : les 12 finalistes<br \/>\ns\u00e9lectionn\u00e9es avant l&rsquo;\u00e9lection<\/p>\n<p>A noter que c&rsquo;est le 3 d\u00e9cembre 2025 que les <a href=\"https:\/\/www.closermag.fr\/tv_tele_realite\/miss-france-2026-douze-candidates-deja-selectionnees-a-lavance-par-le-jury-les-criteres-devoiles-3603046\" target=\"_blank\" rel=\"noopener\"><br \/>\n12 finalistes de Miss France 2026<\/a> ont \u00e9t\u00e9 choisies dans le plus<br \/>\ngrand secret. La r\u00e8gle a chang\u00e9 cette ann\u00e9e : fini le Top 15, le<br \/>\ncomit\u00e9 a durci le tout pour garantir une vraie comp\u00e9tition, \u00e0<br \/>\nl\u2019image des grands concours internationaux. Le jury, compos\u00e9 de<br \/>\nmembres de la soci\u00e9t\u00e9 Miss France et d&rsquo;anciennes Miss s&rsquo;est<br \/>\nconcert\u00e9 apr\u00e8s l&rsquo;\u00e9preuve du grand oral. Ce n&rsquo;est que lors de<br \/>\nl&rsquo;\u00e9lection en direct qu&rsquo;elles ont d\u00e9couvert le verdict.<\/p>\n<p><script async src=\"https:\/\/platform.twitter.com\/widgets.js\" charset=\"utf-8\"><\/script><\/p>\n","protected":false},"excerpt":{"rendered":"L&rsquo;\u00e9lection de Miss France 2026 a d\u00e9marr\u00e9 sur les chapeaux de roue. Pour lancement le programme, Sylvie Tellier,&hellip;\n","protected":false},"author":2,"featured_media":583437,"comment_status":"","ping_status":"","sticky":false,"template":"","format":"standard","meta":{"footnotes":""},"categories":[1359],"tags":[21303,58,59,1011,27,3034,973,65861],"class_list":{"0":"post-583436","1":"post","2":"type-post","3":"status-publish","4":"format-standard","5":"has-post-thumbnail","7":"category-people","8":"tag-buzz_nonli","9":"tag-divertissement","10":"tag-entertainment","11":"tag-fr","12":"tag-france","13":"tag-miss-france","14":"tag-people","15":"tag-trend"},"share_on_mastodon":{"url":"https:\/\/pubeurope.com\/@fr\/115676216294388711","error":""},"_links":{"self":[{"href":"https:\/\/www.europesays.com\/fr\/wp-json\/wp\/v2\/posts\/583436","targetHints":{"allow":["GET"]}}],"collection":[{"href":"https:\/\/www.europesays.com\/fr\/wp-json\/wp\/v2\/posts"}],"about":[{"href":"https:\/\/www.europesays.com\/fr\/wp-json\/wp\/v2\/types\/post"}],"author":[{"embeddable":true,"href":"https:\/\/www.europesays.com\/fr\/wp-json\/wp\/v2\/users\/2"}],"replies":[{"embeddable":true,"href":"https:\/\/www.europesays.com\/fr\/wp-json\/wp\/v2\/comments?post=583436"}],"version-history":[{"count":0,"href":"https:\/\/www.europesays.com\/fr\/wp-json\/wp\/v2\/posts\/583436\/revisions"}],"wp:featuredmedia":[{"embeddable":true,"href":"https:\/\/www.europesays.com\/fr\/wp-json\/wp\/v2\/media\/583437"}],"wp:attachment":[{"href":"https:\/\/www.europesays.com\/fr\/wp-json\/wp\/v2\/media?parent=583436"}],"wp:term":[{"taxonomy":"category","embeddable":true,"href":"https:\/\/www.europesays.com\/fr\/wp-json\/wp\/v2\/categories?post=583436"},{"taxonomy":"post_tag","embeddable":true,"href":"https:\/\/www.europesays.com\/fr\/wp-json\/wp\/v2\/tags?post=583436"}],"curies":[{"name":"wp","href":"https:\/\/api.w.org\/{rel}","templated":true}]}}