{"id":583438,"date":"2025-12-07T03:42:33","date_gmt":"2025-12-07T03:42:33","guid":{"rendered":"https:\/\/www.europesays.com\/fr\/583438\/"},"modified":"2025-12-07T03:42:33","modified_gmt":"2025-12-07T03:42:33","slug":"au-jeu-de-paume-tours-la-decouverte-dune-grande-photographe-avec-madeleine-de-sinety-une-vie","status":"publish","type":"post","link":"https:\/\/www.europesays.com\/fr\/583438\/","title":{"rendered":"Au Jeu de Paume &#8211; Tours, la d\u00e9couverte d\u2019une grande photographe avec \u00ab\u00a0Madeleine de Sin\u00e9ty, une vie\u00a0\u00bb"},"content":{"rendered":"<p>La toute nouvelle exposition du Jeu de Paume\u00a0&#8211; Tours met en avant l\u2019\u0153uvre et la vie de la photographe Madeleine de Sin\u00e9ty, inconnue du grand public. D\u00e9c\u00e9d\u00e9e en 2011, cette tr\u00e8s grande dame de la photographie n\u2019a connu jusqu\u2019\u00e0 pr\u00e9sent aucune grande exposition.<\/p>\n<p>\u00c0 Tours, avec \u00ab\u00a0Madeleine de Sin\u00e9ty, une vie\u00a0\u00bb, c\u2019est la premi\u00e8re r\u00e9trospective consacr\u00e9e \u00e0 cette artiste, dont l\u2019\u0153uvre photographique s\u2019\u00e9tend sur quatre d\u00e9cennies entre la France et les \u00c9tats-Unis&#8230;. <\/p>\n<p>    Cet article a \u00e9t\u00e9 tronqu\u00e9. Abonnez-vous pour lire l&rsquo;article complet sur notre site.<\/p>\n<p style=\"margin: 0 !important; padding: 0 !important; font-size: 12px !important;\">Cet article a \u00e9t\u00e9 tronqu\u00e9. Abonnez-vous pour lire l&rsquo;article complet.<\/p>\n<p>    <a href=\"https:\/\/www.lanouvellerepublique.fr\/abonnements\" style=\"display: inline-block; margin-top: 5px !important; padding: 6px 12px !important; background: #cb1c27; color: white; text-decoration: none; border-radius: 4px; font-size: 12px !important;\" target=\"_blank\" rel=\"noopener\"><br \/>\n      S&rsquo;abonner<br \/>\n    <\/a><\/p>\n","protected":false},"excerpt":{"rendered":"La toute nouvelle exposition du Jeu de Paume\u00a0&#8211; Tours met en avant l\u2019\u0153uvre et la vie de la&hellip;\n","protected":false},"author":2,"featured_media":583439,"comment_status":"","ping_status":"","sticky":false,"template":"","format":"standard","meta":{"footnotes":""},"categories":[1358],"tags":[1392,1348,1384,1385,1386,58,59,1349,1011,27,1393,1390],"class_list":{"0":"post-583438","1":"post","2":"type-post","3":"status-publish","4":"format-standard","5":"has-post-thumbnail","7":"category-arts-et-design","8":"tag-a-la-une-local","9":"tag-arts","10":"tag-arts-and-design","11":"tag-arts-et-design","12":"tag-design","13":"tag-divertissement","14":"tag-entertainment","15":"tag-expositions","16":"tag-fr","17":"tag-france","18":"tag-loisirs","19":"tag-tours"},"share_on_mastodon":{"url":"https:\/\/pubeurope.com\/@fr\/115676220175072244","error":""},"_links":{"self":[{"href":"https:\/\/www.europesays.com\/fr\/wp-json\/wp\/v2\/posts\/583438","targetHints":{"allow":["GET"]}}],"collection":[{"href":"https:\/\/www.europesays.com\/fr\/wp-json\/wp\/v2\/posts"}],"about":[{"href":"https:\/\/www.europesays.com\/fr\/wp-json\/wp\/v2\/types\/post"}],"author":[{"embeddable":true,"href":"https:\/\/www.europesays.com\/fr\/wp-json\/wp\/v2\/users\/2"}],"replies":[{"embeddable":true,"href":"https:\/\/www.europesays.com\/fr\/wp-json\/wp\/v2\/comments?post=583438"}],"version-history":[{"count":0,"href":"https:\/\/www.europesays.com\/fr\/wp-json\/wp\/v2\/posts\/583438\/revisions"}],"wp:featuredmedia":[{"embeddable":true,"href":"https:\/\/www.europesays.com\/fr\/wp-json\/wp\/v2\/media\/583439"}],"wp:attachment":[{"href":"https:\/\/www.europesays.com\/fr\/wp-json\/wp\/v2\/media?parent=583438"}],"wp:term":[{"taxonomy":"category","embeddable":true,"href":"https:\/\/www.europesays.com\/fr\/wp-json\/wp\/v2\/categories?post=583438"},{"taxonomy":"post_tag","embeddable":true,"href":"https:\/\/www.europesays.com\/fr\/wp-json\/wp\/v2\/tags?post=583438"}],"curies":[{"name":"wp","href":"https:\/\/api.w.org\/{rel}","templated":true}]}}