{"id":583440,"date":"2025-12-07T03:44:28","date_gmt":"2025-12-07T03:44:28","guid":{"rendered":"https:\/\/www.europesays.com\/fr\/583440\/"},"modified":"2025-12-07T03:44:28","modified_gmt":"2025-12-07T03:44:28","slug":"star-academy-2025-de-la-triche-en-coulisses-si-les-gens-realisent-2","status":"publish","type":"post","link":"https:\/\/www.europesays.com\/fr\/583440\/","title":{"rendered":"Star Academy 2025 : de la triche en coulisses ? \u00ab\u00a0Si les gens r\u00e9alisent&#8230;\u00a0\u00bb"},"content":{"rendered":"<p class=\"mb-4 text-lg md:leading-8 break-words\">Ce vendredi 5 d\u00e9cembre 2025, c&rsquo;est Lily qui a \u00e9t\u00e9 \u00e9limin\u00e9e de la Star Academy lors d&rsquo;un prime sp\u00e9cial, puisqu&rsquo;une nouvelle r\u00e8gle avait \u00e9t\u00e9 instaur\u00e9e. De quoi provoquer la pol\u00e9mique et obliger un professeur \u00e0 r\u00e9agir aux accusations de triche.<\/p>\n<p class=\"mb-4 text-lg md:leading-8 break-words\">Apr\u00e8s avoir longtemps \u00e9nerv\u00e9 les fans de la <strong>Star Academy<\/strong> en n&rsquo;accordant pas les m\u00eames opportunit\u00e9s \u00e0 tous les candidats cette saison, la production de l&rsquo;\u00e9mission a provoqu\u00e9 la col\u00e8re des proches des \u00e9l\u00e8ves cette semaine. En cause ? Un changement de r\u00e8gle en cours de route.<\/p>\n<p class=\"mb-4 text-lg md:leading-8 break-words\">Comme on a pu le d\u00e9couvrir lors du prime de ce vendredi 5 d\u00e9cembre 2025, les acad\u00e9miciens n&rsquo;ont plus leur mot \u00e0 dire pour rep\u00eacher une personne nomm\u00e9e. Au contraire, c&rsquo;est d\u00e9sormais uniquement le vote du public qui compte. A cet effet, c&rsquo;est donc Lily qui a \u00e9t\u00e9 la premi\u00e8re \u00e0 en faire les frais, se faisant \u00e9liminer face \u00e0 Jeanne et M\u00e9lissa.<\/p>\n<p class=\"mb-4 text-lg md:leading-8 break-words\">De la triche dans les coulisses de la Star Academy ?<\/p>\n<p class=\"mb-4 text-lg md:leading-8 break-words\">Alors, y a-t-il du complot dans les coulisses ? La production organise-t-elle une triche en interne pour favoriser certains candidats ? Au micro du Parisien, <strong>Jonathan Jenvrin<\/strong> (professeur de danse) a justement r\u00e9pondu \u00e0 la question. Et selon lui, il n&rsquo;y aurait rien \u00e0 craindre vis-\u00e0-vis de la l\u00e9gitimit\u00e9 du jeu.<\/p>\n<blockquote class=\"mb-4 border-l-2 pl-5 italic text-tertiary\">\n<p class=\"mb-4 text-lg md:leading-8 break-words\">Certains pensent que nous passons notre temps \u00e0 manigancer des choses alors que nous sommes simplement l\u00e0 pour effectuer notre travail, faire briller les \u00e9l\u00e8ves et r\u00e9aliser une belle \u00e9mission. Il n\u2019y a pas besoin de tomber dans le complotisme.<\/p>\n<\/blockquote>\n<p class=\"mb-4 text-lg md:leading-8 break-words\">Puis, afin d&rsquo;appuyer son message, le professeur a tenu \u00e0 rappeler aux internautes que cette \u00e9mission \u00e9tait trop importante et unique pour venir la g\u00e2cher&#8230;<\/p>\n<p class=\"mb-4 text-lg md:leading-8 break-words\"><a href=\"https:\/\/www.purebreak.com\/news\/star-academy-2025-de-la-triche-en-coulisses-si-les-gens-realisent\/255379\" rel=\"nofollow noopener\" target=\"_blank\" data-ylk=\"slk:Lire la suite;elm:context_link;itc:0;sec:content-canvas\" class=\"link \">Lire la suite<\/a><\/p>\n<p class=\"mb-4 text-lg md:leading-8 break-words\">\u00c0 lire aussi<\/p>\n<p class=\"mb-4 text-lg md:leading-8 break-words\"><a href=\"https:\/\/www.purebreak.com\/news\/star-academy-2025-de-la-triche-en-coulisses-le-copain-de-lily-denonce\/255350\" rel=\"nofollow noopener\" target=\"_blank\" data-ylk=\"slk:Star Academy 2025 : de la triche en coulisses ? Le copain de Lily d\u00e9nonce;elm:context_link;itc:0;sec:content-canvas\" class=\"link \">Star Academy 2025 : de la triche en coulisses ? Le copain de Lily d\u00e9nonce<\/a><br \/><a href=\"https:\/\/www.purebreak.com\/news\/sondage-star-academy-2025-qui-de-theo-p-victor-et-leane-doit-etre-elimine-le-21-novembre-2025-a-vous-de-voter\/255204\" rel=\"nofollow noopener\" target=\"_blank\" data-ylk=\"slk:SONDAGE Star Academy 2025 : qui de Th\u00e9o P., Victor et L\u00e9ane doit \u00eatre \u00e9limin\u00e9 le 21 novembre 2025 ? A vous de voter;elm:context_link;itc:0;sec:content-canvas\" class=\"link \">SONDAGE Star Academy 2025 : qui de Th\u00e9o P., Victor et L\u00e9ane doit \u00eatre \u00e9limin\u00e9 le 21 novembre 2025 ? A vous de voter<\/a><br \/><a href=\"https:\/\/www.purebreak.com\/news\/sondage-star-academy-2025-qui-de-mehdi-ema-ou-theo-p-doit-etre-elimine-le-25-octobre-2025-a-vous-de-voter\/254976\" rel=\"nofollow noopener\" target=\"_blank\" data-ylk=\"slk:SONDAGE Star Academy 2025 : qui de Mehdi, Ema ou Th\u00e9o P. doit \u00eatre \u00e9limin\u00e9 le 25 octobre 2025 ? A vous de voter;elm:context_link;itc:0;sec:content-canvas\" class=\"link \">SONDAGE Star Academy 2025 : qui de Mehdi, Ema ou Th\u00e9o P. doit \u00eatre \u00e9limin\u00e9 le 25 octobre 2025 ? A vous de voter<\/a><\/p>\n","protected":false},"excerpt":{"rendered":"Ce vendredi 5 d\u00e9cembre 2025, c&rsquo;est Lily qui a \u00e9t\u00e9 \u00e9limin\u00e9e de la Star Academy lors d&rsquo;un prime&hellip;\n","protected":false},"author":2,"featured_media":583441,"comment_status":"","ping_status":"","sticky":false,"template":"","format":"standard","meta":{"footnotes":""},"categories":[1356],"tags":[58,59,1011,27,69691,69692,5095,252,32198,1364],"class_list":{"0":"post-583440","1":"post","2":"type-post","3":"status-publish","4":"format-standard","5":"has-post-thumbnail","7":"category-television","8":"tag-divertissement","9":"tag-entertainment","10":"tag-fr","11":"tag-france","12":"tag-lily","13":"tag-professeur-de-danse","14":"tag-star-academy","15":"tag-television","16":"tag-triche","17":"tag-tv"},"share_on_mastodon":{"url":"https:\/\/pubeurope.com\/@fr\/115676228174995267","error":""},"_links":{"self":[{"href":"https:\/\/www.europesays.com\/fr\/wp-json\/wp\/v2\/posts\/583440","targetHints":{"allow":["GET"]}}],"collection":[{"href":"https:\/\/www.europesays.com\/fr\/wp-json\/wp\/v2\/posts"}],"about":[{"href":"https:\/\/www.europesays.com\/fr\/wp-json\/wp\/v2\/types\/post"}],"author":[{"embeddable":true,"href":"https:\/\/www.europesays.com\/fr\/wp-json\/wp\/v2\/users\/2"}],"replies":[{"embeddable":true,"href":"https:\/\/www.europesays.com\/fr\/wp-json\/wp\/v2\/comments?post=583440"}],"version-history":[{"count":0,"href":"https:\/\/www.europesays.com\/fr\/wp-json\/wp\/v2\/posts\/583440\/revisions"}],"wp:featuredmedia":[{"embeddable":true,"href":"https:\/\/www.europesays.com\/fr\/wp-json\/wp\/v2\/media\/583441"}],"wp:attachment":[{"href":"https:\/\/www.europesays.com\/fr\/wp-json\/wp\/v2\/media?parent=583440"}],"wp:term":[{"taxonomy":"category","embeddable":true,"href":"https:\/\/www.europesays.com\/fr\/wp-json\/wp\/v2\/categories?post=583440"},{"taxonomy":"post_tag","embeddable":true,"href":"https:\/\/www.europesays.com\/fr\/wp-json\/wp\/v2\/tags?post=583440"}],"curies":[{"name":"wp","href":"https:\/\/api.w.org\/{rel}","templated":true}]}}