{"id":583442,"date":"2025-12-07T03:45:15","date_gmt":"2025-12-07T03:45:15","guid":{"rendered":"https:\/\/www.europesays.com\/fr\/583442\/"},"modified":"2025-12-07T03:45:15","modified_gmt":"2025-12-07T03:45:15","slug":"loire-atlantique-la-premiere-radio-associative-de-france-ouvre-lun-de-ses-studios-pour-feter-ses-30-ans-actu-fr","status":"publish","type":"post","link":"https:\/\/www.europesays.com\/fr\/583442\/","title":{"rendered":"Loire-Atlantique : la premi\u00e8re radio associative de France ouvre l&#039;un de ses studios pour f\u00eater ses 30 ans &#8211; Actu.fr"},"content":{"rendered":"<ol>\n<li><a href=\"https:\/\/news.google.com\/rss\/articles\/CBMi_wFBVV95cUxOR0tsLUg5MUZNWU10VHZaYnFWOFk4Q2lYekJRSGh2Q0FhR1NTNGRvRmE5VzIyOFdQR1JaSzAxc0ktZ2kxMHRyTWczM0xhWFRKbDE5N2d4UXBDMGl3UTF4RUwyTWtxSENhVmxrLXlRaUJUd0FEZUtuWk9SMHA2TVBSTnlCbnVqWS1Ka2ZIVEVicHk5WWFKcXZ5RlBSSFlSLXpnZTk0aHZMUWVGbXhlMjBvNktNcTV4Y1p5NGtrcU9JcUhOeUxBT3E4ZERNQXIyVjBaQi1ma3hUSXlRekZJakljUUpzR3RiTFZKNnJqUUY1RTVXX2FmMV9mbVBZMEFhZnc?oc=5\" target=\"_blank\" rel=\"noopener\">Loire-Atlantique : la premi\u00e8re radio associative de France ouvre l&rsquo;un de ses studios pour f\u00eater ses 30 ans<\/a>&nbsp;&nbsp;Actu.fr<\/li>\n<li><a href=\"https:\/\/news.google.com\/rss\/articles\/CBMiiAJBVV95cUxOa2JLQy1pUWZwdmJaRGlzSVRLWUkzdHh3MWFPaFY4d3d0akhqOEpTT19Pdkw4UEVMOEtDalJfREFfdS1WSEdaRkF1RVNJbWVrMTFwQjlWZlhkLWtvbFBLLTh1U05KUUFEQlRfVE1pZzdndEZRMWhtRTM3RzBlYTl3WWE1Y1NXWXhmUVZaZFZBV1p6WVlKS2Y3Z3JwaU0xa3lJb0dINEdEUXhxMzlLMTBzZ3pabktDVldQdWlPRzV5dXEyVVhWdkFFMjkwZ1VpOW9FSkVTWHptY1FfS2dCOHVVUTRCdE1CZ09sT09yWllfZGwzaHk2WEZyaWpWMkdmYmFZTHlGOGhGVVg?oc=5\" target=\"_blank\" rel=\"noopener\">En qu\u00eate de financements, la radio Sun, pr\u00e9sente \u00e0 Cholet, lance une campagne de dons<\/a>&nbsp;&nbsp;Ouest-France<\/li>\n<li><a href=\"https:\/\/news.google.com\/rss\/articles\/CBMihgFBVV95cUxPLUxScjJuTUlZQ0VZQThwMmZDZ3JpWmFzdTc2YTVFdWF0RmVsdUhtTC1JOGdTZjlkLTdHb29UT2E3UEpjUXdrNDhhdUdadi04cDRxRnhONzBFRkw2YlpfNlVEYmZHM3IwanlWX3BuT3NLM0lQM3VBdVp0NkFqTEpnUURIQnBjZw?oc=5\" target=\"_blank\" rel=\"noopener\">Jura. Radio Don RCF mobilise pour la radio<\/a>&nbsp;&nbsp;Hebdo39<\/li>\n<li><a href=\"https:\/\/news.google.com\/rss\/articles\/CBMigAFBVV95cUxONHlBeXhBWElqUDdxMXFYR3JwbVlvN2VxUl9YOVktak9vWEFVQURuMGUtSS1QdzVvNXpXU3U0Nkw1Njcwc2t4TWs1QU1UYWRXRmtObThIaXpOd0l5YlVEYWFyeGRWenp6Q1BJNktJRVVGV05TNG50RmFfNXdXNkt2VQ?oc=5\" target=\"_blank\" rel=\"noopener\">Sun ouvre ses portes et f\u00eate ses 30 ans<\/a>&nbsp;&nbsp;Ville de Saint-Nazaire<\/li>\n<li><a href=\"https:\/\/news.google.com\/rss\/articles\/CBMilAFBVV95cUxPVHRUV181MVVjdDVJWU5oNjhXZnZHQllUaDM0TjFEZHQxcldod1l3YXlTeVFMRHFCYkR5dkk4NHdfem82cGgtdVd0NUZJbGtWZ0JDZy1XVXp5ejFoTm4ybVdoLXllSmlMVXR6WHpmWklXRGVBUGhJQjIyNlBPdmsxc0laZnpNdkNCdUFkQXdiTmZkLVJB?oc=5\" target=\"_blank\" rel=\"noopener\">SUN la radio f\u00eate ses 30 ans \u00e0 Saint-Nazaire le 13 d\u00e9cembre<\/a>&nbsp;&nbsp;saintnazaire-infos.fr<\/li>\n<\/ol>\n","protected":false},"excerpt":{"rendered":"Loire-Atlantique : la premi\u00e8re radio associative de France ouvre l&rsquo;un de ses studios pour f\u00eater ses 30 ans&nbsp;&nbsp;Actu.fr&hellip;\n","protected":false},"author":2,"featured_media":395849,"comment_status":"","ping_status":"","sticky":false,"template":"","format":"standard","meta":{"footnotes":""},"categories":[1355],"tags":[58,59,1011,27,1361,873],"class_list":{"0":"post-583442","1":"post","2":"type-post","3":"status-publish","4":"format-standard","5":"has-post-thumbnail","7":"category-musique","8":"tag-divertissement","9":"tag-entertainment","10":"tag-fr","11":"tag-france","12":"tag-music","13":"tag-musique"},"share_on_mastodon":{"url":"https:\/\/pubeurope.com\/@fr\/115676232201695716","error":""},"_links":{"self":[{"href":"https:\/\/www.europesays.com\/fr\/wp-json\/wp\/v2\/posts\/583442","targetHints":{"allow":["GET"]}}],"collection":[{"href":"https:\/\/www.europesays.com\/fr\/wp-json\/wp\/v2\/posts"}],"about":[{"href":"https:\/\/www.europesays.com\/fr\/wp-json\/wp\/v2\/types\/post"}],"author":[{"embeddable":true,"href":"https:\/\/www.europesays.com\/fr\/wp-json\/wp\/v2\/users\/2"}],"replies":[{"embeddable":true,"href":"https:\/\/www.europesays.com\/fr\/wp-json\/wp\/v2\/comments?post=583442"}],"version-history":[{"count":0,"href":"https:\/\/www.europesays.com\/fr\/wp-json\/wp\/v2\/posts\/583442\/revisions"}],"wp:featuredmedia":[{"embeddable":true,"href":"https:\/\/www.europesays.com\/fr\/wp-json\/wp\/v2\/media\/395849"}],"wp:attachment":[{"href":"https:\/\/www.europesays.com\/fr\/wp-json\/wp\/v2\/media?parent=583442"}],"wp:term":[{"taxonomy":"category","embeddable":true,"href":"https:\/\/www.europesays.com\/fr\/wp-json\/wp\/v2\/categories?post=583442"},{"taxonomy":"post_tag","embeddable":true,"href":"https:\/\/www.europesays.com\/fr\/wp-json\/wp\/v2\/tags?post=583442"}],"curies":[{"name":"wp","href":"https:\/\/api.w.org\/{rel}","templated":true}]}}