{"id":583447,"date":"2025-12-07T03:48:29","date_gmt":"2025-12-07T03:48:29","guid":{"rendered":"https:\/\/www.europesays.com\/fr\/583447\/"},"modified":"2025-12-07T03:48:29","modified_gmt":"2025-12-07T03:48:29","slug":"balerdi-ou-pavard-de-zerbi-ne-peut-plus-attendre","status":"publish","type":"post","link":"https:\/\/www.europesays.com\/fr\/583447\/","title":{"rendered":"Balerdi ou Pavard, De Zerbi ne peut plus attendre"},"content":{"rendered":"<p><b>Furieux apr\u00e8s la d\u00e9faite \u00e0 Lille (1-0) vendredi, Roberto De Zerbi a critiqu\u00e9 les performances individuelles de ses joueurs. Mais l\u2019entra\u00eeneur de l\u2019Olympique de Marseille est lui aussi jug\u00e9 responsable de cette contre-performance \u00e0 cause de son choix tactique.<\/b><\/p>\n<p>Avec un effectif aussi bien fourni, un entra\u00eeneur peut vite se retrouver en difficult\u00e9. Roberto De Zerbi en est la preuve, lui qui peine \u00e0 trouver la bonne formule en d\u00e9fense avec toutes les solutions \u00e0 sa disposition. Le coach de <a href=\"https:\/\/www.foot01.com\/equipe\/marseille\/\" target=\"_blank\" rel=\"noopener\">l\u2019Olympique de Marseille<\/a> s\u2019est de nouveau laiss\u00e9 tenter par une charni\u00e8re \u00e0 trois centraux \u00e0 Lille vendredi. Un choix perdant, constate le m\u00e9dia Football Club de Marseille.<\/p>\n<p>\u00ab L\u2019id\u00e9e de d\u00e9buter avec une d\u00e9fense \u00e0 trois interroge &#8211; d\u2019autant que ce syst\u00e8me a d\u00e9j\u00e0 montr\u00e9 ses limites dans le pass\u00e9, analyse le site sp\u00e9cialis\u00e9 dans son \u00e9dito. L\u2019absence de lat\u00e9ral droit d\u00e9fensif convaincant p\u00e8se lourd : le choix de titulariser Weah dans un r\u00f4le de lat\u00e9ral pur ne rassurait d\u00e9j\u00e0 pas, d\u2019autant qu\u2019il para\u00eet mieux adapt\u00e9 \u00e0 un r\u00f4le de piston offensif. \u00bb En r\u00e9alit\u00e9, le probl\u00e8me vient peut-\u00eatre de l\u2019incapacit\u00e9 de l\u2019Italien \u00e0 trancher entre trois cadres importants.<\/p>\n<p>\u00ab De Zerbi, lorsqu\u2019il dispose d\u2019un trio d\u00e9fensif Pavard-Aguerd-Balerdi, semble h\u00e9siter \u00e0 en sortir un, m\u00eame si le syst\u00e8me ne fonctionne pas, remarquent nos confr\u00e8res. Avec le retour prochain de Medina, la situation risque de devenir encore plus d\u00e9licate. M\u00eame lorsque le coach a finalement opt\u00e9 pour un 4-4-2 en remettant Pavard dans un couloir droit, positionnant Weah ailier et Greenwood faux meneur de jeu, le mal \u00e9tait d\u00e9j\u00e0 fait. Pavard, visiblement m\u00e9content d\u2019\u00eatre remplac\u00e9 apr\u00e8s l\u2019heure de jeu, symbolise \u00e0 lui seul le malaise d\u2019un syst\u00e8me et d\u2019une organisation tactique qui peinent \u00e0 trouver des rep\u00e8res. \u00bb<\/p>\n<p>Qui avec Aguerd ?<\/p>\n<p>Ce sera donc le souci \u00e0 r\u00e9gler en priorit\u00e9 avant d\u2019aller d\u00e9fier l\u2019Union Saint-Gilloise mardi en Ligue des Champions. \u00ab Avant tout, le coach devra trancher en d\u00e9fense, pour enfin installer une charni\u00e8re coh\u00e9rente. Aguerd para\u00eet aujourd\u2019hui ind\u00e9boulonnable &#8211; reste \u00e0 choisir entre Balerdi et Pavard pour l\u2019accompagner, a estim\u00e9 le m\u00e9dia marseillais. (\u2026) S\u2019il veut rester comp\u00e9titif dans la course au podium, l\u2019OM doit retrouver solidit\u00e9 d\u00e9fensive, clart\u00e9 tactique et un vrai engagement collectif &#8211; d\u00e8s la prochaine rencontre. \u00bb Au-del\u00e0 du championnat, une place dans le top 24 de la C1 est \u00e9galement en jeu.<\/p>\n","protected":false},"excerpt":{"rendered":"Furieux apr\u00e8s la d\u00e9faite \u00e0 Lille (1-0) vendredi, Roberto De Zerbi a critiqu\u00e9 les performances individuelles de ses&hellip;\n","protected":false},"author":2,"featured_media":583448,"comment_status":"","ping_status":"","sticky":false,"template":"","format":"standard","meta":{"footnotes":""},"categories":[9],"tags":[1011,27,66,149,60],"class_list":{"0":"post-583447","1":"post","2":"type-post","3":"status-publish","4":"format-standard","5":"has-post-thumbnail","7":"category-sports","8":"tag-fr","9":"tag-france","10":"tag-ligue-1","11":"tag-om","12":"tag-sports"},"share_on_mastodon":{"url":"https:\/\/pubeurope.com\/@fr\/115676243754367758","error":""},"_links":{"self":[{"href":"https:\/\/www.europesays.com\/fr\/wp-json\/wp\/v2\/posts\/583447","targetHints":{"allow":["GET"]}}],"collection":[{"href":"https:\/\/www.europesays.com\/fr\/wp-json\/wp\/v2\/posts"}],"about":[{"href":"https:\/\/www.europesays.com\/fr\/wp-json\/wp\/v2\/types\/post"}],"author":[{"embeddable":true,"href":"https:\/\/www.europesays.com\/fr\/wp-json\/wp\/v2\/users\/2"}],"replies":[{"embeddable":true,"href":"https:\/\/www.europesays.com\/fr\/wp-json\/wp\/v2\/comments?post=583447"}],"version-history":[{"count":0,"href":"https:\/\/www.europesays.com\/fr\/wp-json\/wp\/v2\/posts\/583447\/revisions"}],"wp:featuredmedia":[{"embeddable":true,"href":"https:\/\/www.europesays.com\/fr\/wp-json\/wp\/v2\/media\/583448"}],"wp:attachment":[{"href":"https:\/\/www.europesays.com\/fr\/wp-json\/wp\/v2\/media?parent=583447"}],"wp:term":[{"taxonomy":"category","embeddable":true,"href":"https:\/\/www.europesays.com\/fr\/wp-json\/wp\/v2\/categories?post=583447"},{"taxonomy":"post_tag","embeddable":true,"href":"https:\/\/www.europesays.com\/fr\/wp-json\/wp\/v2\/tags?post=583447"}],"curies":[{"name":"wp","href":"https:\/\/api.w.org\/{rel}","templated":true}]}}