{"id":583453,"date":"2025-12-07T03:53:14","date_gmt":"2025-12-07T03:53:14","guid":{"rendered":"https:\/\/www.europesays.com\/fr\/583453\/"},"modified":"2025-12-07T03:53:14","modified_gmt":"2025-12-07T03:53:14","slug":"23-morts-dans-lincendie-dune-discotheque-a-goa","status":"publish","type":"post","link":"https:\/\/www.europesays.com\/fr\/583453\/","title":{"rendered":"23\u00a0morts dans l\u2019incendie d\u2019une discoth\u00e8que \u00e0 Goa"},"content":{"rendered":"<p>                      <img loading=\"lazy\" decoding=\"async\" src=\"https:\/\/www.europesays.com\/fr\/wp-content\/uploads\/2025\/12\/da8502f_upload-1-nuazlh90mapu-screen-shot-2025-12-06-at-3-42-02-pm.png\" alt=\"Une image de la discoth\u00e8que en feu d\u2019Arpora, dans le district de Goa Nord (Inde), le 6\u00a0d\u00e9cembre\u00a02025.\"   width=\"664\" height=\"443\"\/>    Une image de la discoth\u00e8que en feu d\u2019Arpora, dans le district de Goa Nord (Inde), le 6\u00a0d\u00e9cembre\u00a02025.                          <\/p>\n<p class=\"article__paragraph  \">Vingt-trois\u00a0personnes sont mortes dans l\u2019incendie d\u2019une bo\u00eete de nuit tr\u00e8s fr\u00e9quent\u00e9e de la station baln\u00e9aire de Goa, dans l\u2019ouest de l\u2019Inde, ont annonc\u00e9, dimanche 7\u00a0d\u00e9cembre au\u00a0matin, les autorit\u00e9s indiennes.<\/p>\n<p class=\"article__paragraph  \">Plusieurs touristes figurent parmi les victimes du feu, qui s\u2019est d\u00e9clar\u00e9 dans la nuit de samedi \u00e0\u00a0dimanche, apr\u00e8s minuit, dans une discoth\u00e8que d\u2019Arpora, dans l\u2019arrondissement de Goa Nord, selon la police cit\u00e9e par l\u2019agence Press Trust of India (PTI).<\/p>\n<p class=\"article__paragraph  \">\u00ab\u00a0Aujourd\u2019hui est un jour tr\u00e8s douloureux pour nous tous \u00e0 Goa. Un incendie majeur \u00e0 Arpora a\u00a0co\u00fbt\u00e9 la vie \u00e0 23\u00a0personnes\u00a0\u00bb, a \u00e9crit le ministre en chef de l\u2019ex\u00e9cutif local, Pramod Sawant, sur le r\u00e9seau social X. Ce haut responsable a pr\u00e9cis\u00e9 que \u00ab\u00a0le personnel de l\u2019h\u00f4tel et trois ou quatre touristes \u00e9taient morts asphyxi\u00e9s\u00a0\u00bb. Il n\u2019a donn\u00e9 aucun d\u00e9tail sur d\u2019\u00e9ventuels bless\u00e9s, ni sur la nationalit\u00e9 des victimes, indienne ou de pays \u00e9trangers.<\/p>\n<p class=\"article__paragraph  \">\u00ab\u00a0Je me suis rendu sur les lieux et j\u2019ai ordonn\u00e9 une enqu\u00eate, a-t-il d\u00e9clar\u00e9. Les responsables seront soumis aux sanctions les plus s\u00e9v\u00e8res pr\u00e9vues par la loi, toute n\u00e9gligence sera trait\u00e9e avec fermet\u00e9.\u00a0\u00bb D\u2019apr\u00e8s lui, ce \u00ab\u00a0tragique accident n\u2019aurait jamais d\u00fb se produire\u00a0\u00bb car \u00ab\u00a0l\u2019\u00e9tablissement fonctionnait sans autorisation en bonne et due forme et cette n\u00e9gligence a provoqu\u00e9 l\u2019incendie\u00a0\u00bb.<\/p>\n<p>                    Une station baln\u00e9aire r\u00e9put\u00e9e                    <\/p>\n<p class=\"article__paragraph  \">Des images de PTI montrent des secouristes \u00e9vacuer sur des brancards des bless\u00e9s ou des morts, en descendant en pleine nuit un escalier \u00e9troit en pierre de l\u2019\u00e9tablissement Birch devant lequel policiers, secouristes, ambulanciers et badauds se pressent. D\u2019autres images en plan large montrent de la fum\u00e9e s\u2019\u00e9chapper du lieu du sinistre.<\/p>\n<p class=\"article__paragraph  \">Goa, ancienne colonie portugaise situ\u00e9e sur les rives de la mer d\u2019Oman, est une station baln\u00e9aire r\u00e9put\u00e9e, fr\u00e9quent\u00e9e par des touristes du monde entier. Elle a re\u00e7u plus de dix millions de touristes en\u00a02024, dont pr\u00e8s de 470\u00a0000\u00a0\u00e9trangers, selon des statistiques officielles.<\/p>\n<p class=\"article__paragraph  \">Les incendies en Inde sont fr\u00e9quents, en raison d\u2019infrastructures parfois en piteux \u00e9tat et de normes de s\u00e9curit\u00e9 et d\u2019\u00e9vacuation pas toujours appliqu\u00e9es, ni respect\u00e9es. En mai, <a href=\"https:\/\/www.lemonde.fr\/international\/article\/2025\/05\/18\/en-inde-l-incendie-d-un-immeuble-a-hyderabad-fait-au-moins-17-morts_6606890_3210.html\" target=\"_blank\" rel=\"noopener\">17\u00a0personnes avaient p\u00e9ri dans l\u2019incendie d\u2019un immeuble d\u2019Hyderabad<\/a>, dans le sud du pays, une ville connue pour concentrer de nombreuses entreprises de l\u2019informatique et des nouvelles technologies. Un mois plus t\u00f4t, ce sont 15\u00a0autres personnes qui avaient perdu la vie en tentant de sauter par les fen\u00eatres pour \u00e9chapper aux flammes qui ravageaient un h\u00f4tel de Calcutta, dans l\u2019Est.<\/p>\n<p>                                       Lire aussi |  Article r\u00e9serv\u00e9 \u00e0 nos abonn\u00e9s  <a href=\"https:\/\/www.lemonde.fr\/planete\/article\/2025\/11\/17\/l-inde-le-faux-bon-eleve-de-la-lutte-contre-le-changement-climatique_6653686_3244.html\" class=\"js-article-read-also catcher--favoris__link\" data-premium=\"1\" id=\"article-title-3446327\" target=\"_blank\" rel=\"noopener\">L\u2019Inde, le faux bon \u00e9l\u00e8ve de la lutte contre le changement climatique<\/a>    <\/p>\n<p>   Lire plus tard  <\/p>\n<p class=\"author__detail\">  Le Monde avec AFP  <\/p>\n<p>                <a href=\"https:\/\/www.lemonde.fr\/syndication\/\" class=\"reuse__content\" title=\"R\u00e9utiliser ce contenu\" target=\"_blank\" rel=\"noopener\">R\u00e9utiliser ce contenu<\/a>      <\/p>\n","protected":false},"excerpt":{"rendered":"Une image de la discoth\u00e8que en feu d\u2019Arpora, dans le district de Goa Nord (Inde), le 6\u00a0d\u00e9cembre\u00a02025. Vingt-trois\u00a0personnes&hellip;\n","protected":false},"author":2,"featured_media":583454,"comment_status":"","ping_status":"","sticky":false,"template":"","format":"standard","meta":{"footnotes":""},"categories":[5],"tags":[11,1011,27,14,12,28],"class_list":{"0":"post-583453","1":"post","2":"type-post","3":"status-publish","4":"format-standard","5":"has-post-thumbnail","7":"category-international","8":"tag-actualites","9":"tag-fr","10":"tag-france","11":"tag-international","12":"tag-news","13":"tag-world"},"share_on_mastodon":{"url":"https:\/\/pubeurope.com\/@fr\/115676264138172882","error":""},"_links":{"self":[{"href":"https:\/\/www.europesays.com\/fr\/wp-json\/wp\/v2\/posts\/583453","targetHints":{"allow":["GET"]}}],"collection":[{"href":"https:\/\/www.europesays.com\/fr\/wp-json\/wp\/v2\/posts"}],"about":[{"href":"https:\/\/www.europesays.com\/fr\/wp-json\/wp\/v2\/types\/post"}],"author":[{"embeddable":true,"href":"https:\/\/www.europesays.com\/fr\/wp-json\/wp\/v2\/users\/2"}],"replies":[{"embeddable":true,"href":"https:\/\/www.europesays.com\/fr\/wp-json\/wp\/v2\/comments?post=583453"}],"version-history":[{"count":0,"href":"https:\/\/www.europesays.com\/fr\/wp-json\/wp\/v2\/posts\/583453\/revisions"}],"wp:featuredmedia":[{"embeddable":true,"href":"https:\/\/www.europesays.com\/fr\/wp-json\/wp\/v2\/media\/583454"}],"wp:attachment":[{"href":"https:\/\/www.europesays.com\/fr\/wp-json\/wp\/v2\/media?parent=583453"}],"wp:term":[{"taxonomy":"category","embeddable":true,"href":"https:\/\/www.europesays.com\/fr\/wp-json\/wp\/v2\/categories?post=583453"},{"taxonomy":"post_tag","embeddable":true,"href":"https:\/\/www.europesays.com\/fr\/wp-json\/wp\/v2\/tags?post=583453"}],"curies":[{"name":"wp","href":"https:\/\/api.w.org\/{rel}","templated":true}]}}