{"id":583458,"date":"2025-12-07T03:57:21","date_gmt":"2025-12-07T03:57:21","guid":{"rendered":"https:\/\/www.europesays.com\/fr\/583458\/"},"modified":"2025-12-07T03:57:21","modified_gmt":"2025-12-07T03:57:21","slug":"usldasse-eirik-horneland-un-manque-de-verticalite","status":"publish","type":"post","link":"https:\/\/www.europesays.com\/fr\/583458\/","title":{"rendered":"#USLDASSE : Eirik Horneland : \u00ab\u00a0Un manque de verticalit\u00e9\u00a0\u00bb"},"content":{"rendered":"<p>              Un manque de verticalit\u00e9\u00a0<\/p>\n<p>C\u2019\u00e9tait un match difficile face \u00e0 une bonne \u00e9quipe, qui \u00e9tait dans la lign\u00e9e de ses cinq derniers matchs. On voulait \u00eatre \u00e0 l\u2019initiative, je pense qu\u2019on a essay\u00e9 en premi\u00e8re p\u00e9riode, mais qu\u2019on l\u2019a mieux fait en seconde. Le premier acte a \u00e9t\u00e9 \u00e9quilibr\u00e9 avec peu d\u2019opportunit\u00e9s. On a \u00e9t\u00e9 plus \u00e0 l\u2019initiative ensuite, dans une rencontre plus ouverte. On a trouv\u00e9 un meilleur rythme, mais on a manqu\u00e9 de verticalit\u00e9. On a eu cette absence d\u00e9fensive sur le but dunkerquois. Ce n\u2019est pas acceptable, car c\u2019est un tournant. Ensuite, on a manqu\u00e9 de fra\u00eecheur, de vitesse d\u2019ex\u00e9cution et j\u2019insiste, de verticalit\u00e9. On a pourtant eu les opportunit\u00e9s d\u2019\u00e9galiser et de rentrer \u00e0 Saint-\u00c9tienne avec un point qui aurait \u00e9t\u00e9 m\u00e9rit\u00e9.\u00a0<\/p>\n<p>Une absence de continuit\u00e9 qui fait mal\u00a0<\/p>\n<p>Dans les 30 derniers m\u00e8tres, on a besoin de rep\u00e8res. Trop souvent depuis le d\u00e9but de saison, nous avons d\u00fb jouer sans 9 notamment. On trouve un rythme offensivement, mais on le perd d\u2019une semaine \u00e0 l\u2019autre. On manque de continuit\u00e9 dans le onze, que ce soit devant, derri\u00e8re et m\u00eame au milieu. \u00c7a nous prive de ces relations entre joueurs. Ce soir, quand les joueurs ont commenc\u00e9 \u00e0 combiner entre eux, ils ont \u00e9t\u00e9 bien plus dangereux. Pourtant, les solutions \u00e9taient peu nombreuses, \u00e0 l\u2019image de Nadir El Jamali, milieu de terrain de formation, qui a fait du bon travail dans un r\u00f4le axial de composition. Mais ce soir, je suis bien plus contrari\u00e9 par le but qu\u2019on conc\u00e8de. \u00c7a n&rsquo;aurait jamais d\u00fb arriver.<\/p>\n<p>Ebenezer Annan\u00a0<\/p>\n<p>Je n&rsquo;ai pas encore parl\u00e9 avec lui, mais on voit sur l&rsquo;image une grosse torsion sur sa cheville. Il est tr\u00e8s d\u00e9\u00e7u. Je pense qu&rsquo;on va devoir se passer de lui pendant un temps. Je ne peux pas en dire plus pour le moment. Concernant les autres absents, Jo\u00e3o Ferreira a une g\u00eane au quadriceps. Il la tra\u00eene depuis un moment et c&rsquo;est plus dur depuis le milieu de semaine. Augustine Boakye, lui, a pris un coup sur sa cheville \u00e0 deux jours du match. On l&rsquo;a test\u00e9 hier, puis ce matin, mais les sensations n&rsquo;\u00e9taient pas suffisamment bonnes pour qu&rsquo;il dispute ce match. De son c\u00f4t\u00e9, Joshua Duffus ne pouvait jouer que 30 minutes ce soir. Tandis qu&rsquo;A\u00efmen Moueffek, en difficult\u00e9 physiquement cette semaine, devait \u00eatre g\u00e9r\u00e9.\u00a0<\/p>\n","protected":false},"excerpt":{"rendered":"Un manque de verticalit\u00e9\u00a0 C\u2019\u00e9tait un match difficile face \u00e0 une bonne \u00e9quipe, qui \u00e9tait dans la lign\u00e9e&hellip;\n","protected":false},"author":2,"featured_media":583459,"comment_status":"","ping_status":"","sticky":false,"template":"","format":"standard","meta":{"footnotes":""},"categories":[9653],"tags":[1111,11,2430,1777,674,1011,27,12,25,4001],"class_list":{"0":"post-583458","1":"post","2":"type-post","3":"status-publish","4":"format-standard","5":"has-post-thumbnail","7":"category-saint-etienne","8":"tag-actu","9":"tag-actualites","10":"tag-auvergne-rhone-alpes","11":"tag-eu","12":"tag-europe","13":"tag-fr","14":"tag-france","15":"tag-news","16":"tag-republique-francaise","17":"tag-saint-etienne"},"share_on_mastodon":{"url":"https:\/\/pubeurope.com\/@fr\/115676279152463881","error":""},"_links":{"self":[{"href":"https:\/\/www.europesays.com\/fr\/wp-json\/wp\/v2\/posts\/583458","targetHints":{"allow":["GET"]}}],"collection":[{"href":"https:\/\/www.europesays.com\/fr\/wp-json\/wp\/v2\/posts"}],"about":[{"href":"https:\/\/www.europesays.com\/fr\/wp-json\/wp\/v2\/types\/post"}],"author":[{"embeddable":true,"href":"https:\/\/www.europesays.com\/fr\/wp-json\/wp\/v2\/users\/2"}],"replies":[{"embeddable":true,"href":"https:\/\/www.europesays.com\/fr\/wp-json\/wp\/v2\/comments?post=583458"}],"version-history":[{"count":0,"href":"https:\/\/www.europesays.com\/fr\/wp-json\/wp\/v2\/posts\/583458\/revisions"}],"wp:featuredmedia":[{"embeddable":true,"href":"https:\/\/www.europesays.com\/fr\/wp-json\/wp\/v2\/media\/583459"}],"wp:attachment":[{"href":"https:\/\/www.europesays.com\/fr\/wp-json\/wp\/v2\/media?parent=583458"}],"wp:term":[{"taxonomy":"category","embeddable":true,"href":"https:\/\/www.europesays.com\/fr\/wp-json\/wp\/v2\/categories?post=583458"},{"taxonomy":"post_tag","embeddable":true,"href":"https:\/\/www.europesays.com\/fr\/wp-json\/wp\/v2\/tags?post=583458"}],"curies":[{"name":"wp","href":"https:\/\/api.w.org\/{rel}","templated":true}]}}