{"id":583462,"date":"2025-12-07T04:01:04","date_gmt":"2025-12-07T04:01:04","guid":{"rendered":"https:\/\/www.europesays.com\/fr\/583462\/"},"modified":"2025-12-07T04:01:04","modified_gmt":"2025-12-07T04:01:04","slug":"on-vous-embarque-au-coeur-du-grand-defile","status":"publish","type":"post","link":"https:\/\/www.europesays.com\/fr\/583462\/","title":{"rendered":"on vous embarque au c\u0153ur du grand d\u00e9fil\u00e9"},"content":{"rendered":"<p>Nancy a vibr\u00e9 au rythme de la Saint-Nicolas, ce samedi 6 d\u00e9cembre, offrant un spectacle grandiose qui a rassembl\u00e9 plus de 100 000 curieux. Avec ses 24 chars illumin\u00e9s, son d\u00e9fil\u00e9 spectaculaire et son ambiance festive, la ville a c\u00e9l\u00e9br\u00e9 l\u2019un de ses \u00e9v\u00e9nements les plus attendus. Un moment de magie et de tradition que nous vous emmenons vivre au c\u0153ur du d\u00e9fil\u00e9.<\/p>\n","protected":false},"excerpt":{"rendered":"Nancy a vibr\u00e9 au rythme de la Saint-Nicolas, ce samedi 6 d\u00e9cembre, offrant un spectacle grandiose qui a&hellip;\n","protected":false},"author":2,"featured_media":583463,"comment_status":"","ping_status":"","sticky":false,"template":"","format":"standard","meta":{"footnotes":""},"categories":[9635],"tags":[1111,11,1777,674,1011,27,775,1702,12,25],"class_list":{"0":"post-583462","1":"post","2":"type-post","3":"status-publish","4":"format-standard","5":"has-post-thumbnail","7":"category-nancy","8":"tag-actu","9":"tag-actualites","10":"tag-eu","11":"tag-europe","12":"tag-fr","13":"tag-france","14":"tag-grand-est","15":"tag-nancy","16":"tag-news","17":"tag-republique-francaise"},"share_on_mastodon":{"url":"https:\/\/pubeurope.com\/@fr\/115676294863621377","error":""},"_links":{"self":[{"href":"https:\/\/www.europesays.com\/fr\/wp-json\/wp\/v2\/posts\/583462","targetHints":{"allow":["GET"]}}],"collection":[{"href":"https:\/\/www.europesays.com\/fr\/wp-json\/wp\/v2\/posts"}],"about":[{"href":"https:\/\/www.europesays.com\/fr\/wp-json\/wp\/v2\/types\/post"}],"author":[{"embeddable":true,"href":"https:\/\/www.europesays.com\/fr\/wp-json\/wp\/v2\/users\/2"}],"replies":[{"embeddable":true,"href":"https:\/\/www.europesays.com\/fr\/wp-json\/wp\/v2\/comments?post=583462"}],"version-history":[{"count":0,"href":"https:\/\/www.europesays.com\/fr\/wp-json\/wp\/v2\/posts\/583462\/revisions"}],"wp:featuredmedia":[{"embeddable":true,"href":"https:\/\/www.europesays.com\/fr\/wp-json\/wp\/v2\/media\/583463"}],"wp:attachment":[{"href":"https:\/\/www.europesays.com\/fr\/wp-json\/wp\/v2\/media?parent=583462"}],"wp:term":[{"taxonomy":"category","embeddable":true,"href":"https:\/\/www.europesays.com\/fr\/wp-json\/wp\/v2\/categories?post=583462"},{"taxonomy":"post_tag","embeddable":true,"href":"https:\/\/www.europesays.com\/fr\/wp-json\/wp\/v2\/tags?post=583462"}],"curies":[{"name":"wp","href":"https:\/\/api.w.org\/{rel}","templated":true}]}}