{"id":583465,"date":"2025-12-07T04:05:29","date_gmt":"2025-12-07T04:05:29","guid":{"rendered":"https:\/\/www.europesays.com\/fr\/583465\/"},"modified":"2025-12-07T04:05:29","modified_gmt":"2025-12-07T04:05:29","slug":"on-a-visite-la-plus-ancienne-epicerie-sociale-de-montpellier","status":"publish","type":"post","link":"https:\/\/www.europesays.com\/fr\/583465\/","title":{"rendered":"on a visit\u00e9 la plus ancienne \u00e9picerie sociale de Montpellier"},"content":{"rendered":"<p>                    Par<br \/>\n        <strong><br \/>\n            <a href=\"https:\/\/actu.fr\/auteur\/lea-pippinato\" title=\"Consulter tous les articles de L\u00e9a Pippinato\" target=\"_blank\" rel=\"noopener\">L\u00e9a Pippinato<\/a><br \/>\n                    <\/strong><\/p>\n<p>        Publi\u00e9 le<\/p>\n<p>            5 d\u00e9c. 2025 \u00e0 17h34        <\/p>\n<p><strong>Chaque 5 d\u00e9cembre<\/strong>, la journ\u00e9e mondiale du b\u00e9n\u00e9volat rend hommage \u00e0 celles et ceux qui donnent de leur temps pour les autres. Elle rappelle aussi la fragilit\u00e9 des associations qui tiennent souvent gr\u00e2ce \u00e0 ces engagements silencieux. \u00c0 Montpellier, l\u2019\u00e9picerie Soleil illustre parfaitement cet esprit.<strong> Cr\u00e9\u00e9e il y a 25 ans<\/strong> par Sodoto, Solidarit\u00e9 Dom Tom, elle reste la plus ancienne \u00e9picerie sociale de quartier de la ville. Install\u00e9e \u00e0 La Paillade, elle a grandi dans un territoire o\u00f9 l\u2019entraide joue un r\u00f4le majeur. \u00ab\u00a0On voulait d\u2019abord cr\u00e9er du lien pour les familles ultramarines isol\u00e9es\u00a0\u00bb, se souvient aujourd\u2019hui Jean-Marie Bargot, directeur de l\u2019association.<\/p>\n<p>    <a href=\"https:\/\/www.google.com\/maps\/embed?pb=!1m18!1m12!1m3!1d23114.090373704526!2d3.8371328!3d43.6011008!2m3!1f0!2f0!3f0!3m2!1i1024!2i768!4f13.1!3m3!1m2!1s0x12b6ac25158b157f%3A0x826313369cef8d8d!2s216%20Av.%20de%20Louisville%2C%2034080%20Montpellier!5e0!3m2!1sfr!2sfr!4v1764945631028!5m2!1sfr!2sfr\" title=\"Ouvrie le lien\" target=\"_blank\" rel=\"noopener\">Cliquez ici pour visualiser le contenu<\/a><\/p>\n<p class=\" wall-content\">Sodoto est n\u00e9e en 1993, \u00e0 une \u00e9poque o\u00f9 les Outre-mer communiquaient difficilement avec l\u2019Hexagone. L\u2019association offrait un point d\u2019ancrage, un lieu d\u2019\u00e9coute et de soutien. L\u2019\u00e9picerie Soleil a vu le jour en 2000 pour r\u00e9pondre \u00e0 des besoins alimentaires qui touchaient autant les familles ultramarines que les habitants du quartier. Au fil des ann\u00e9es, le public a chang\u00e9. Les \u00e9tudiants, notamment ultramarins, sont devenus nombreux. Aujourd\u2019hui, l\u2019\u00e9picerie accompagne des familles, des jeunes, des personnes isol\u00e9es ou en difficult\u00e9 budg\u00e9taire.<\/p>\n<p>Une r\u00e9novation pens\u00e9e pour accueillir mieux<\/p>\n<p class=\" wall-content\">Apr\u00e8s trois d\u00e9cennies dans des locaux vieillissants, <a href=\"https:\/\/www.google.com\/search?client=safari&amp;rls=en&amp;q=%C3%A9picerie+soleil+m%C3%A9tropolitain&amp;ie=UTF-8&amp;oe=UTF-8&amp;channel=30\" target=\"_blank\" rel=\"noopener\">Sodoto a lanc\u00e9 une r\u00e9novation compl\u00e8te<\/a>. L\u2019objectif : d\u00e9stigmatiser l\u2019aide alimentaire. Le lieu s\u2019ouvre d\u00e9sormais sur une salle d\u2019accueil plus lumineuse, un espace caf\u00e9 presque termin\u00e9 et une cuisine connect\u00e9e \u00e0 l\u2019\u00e9picerie pour transformer les surplus. \u00ab\u00a0On voulait que les gens entrent sans g\u00eane, qu\u2019ils puissent boire un caf\u00e9, discuter. Une \u00e9picerie sociale peut rester un lieu agr\u00e9able\u00a0\u00bb, insiste le directeur. Les travaux ont \u00e9t\u00e9 soutenus par la Ville de Montpellier et ACM.<\/p>\n<p class=\" wall-content\">Chaque lundi, l\u2019\u00e9quipe part \u00e0 la Banque alimentaire de l\u2019H\u00e9rault. Les produits viennent de grandes surfaces partenaires et, depuis quelques semaines, de producteurs d\u2019Occitanie. \u00ab\u00a0On est parmi les associations qui r\u00e9cup\u00e8rent le plus de denr\u00e9es. On distribue entre 800 kg et une tonne par semaine\u00a0\u00bb, pr\u00e9cise Jean-Marie Bargot.Les prix restent symboliques : fruits et l\u00e9gumes \u00e0<strong> 10 % du prix du march\u00e9<\/strong>, lait \u00e0 64 centimes, p\u00e2tes \u00e0 quelques centimes. Les cr\u00e9neaux de passage se d\u00e9roulent sur quinze minutes pour pr\u00e9server la confidentialit\u00e9. Pour acc\u00e9der \u00e0 l\u2019\u00e9picerie, le reste \u00e0 vivre doit \u00eatre <strong>inf\u00e9rieur \u00e0 200 \u00e0 250 euros<\/strong>. Les travailleurs sociaux orientent les familles et peuvent, dans de rares cas, accorder trois colis gratuits aux plus fragiles.<\/p>\n<p>Vid\u00e9os : en ce moment sur Actu<br \/>\n    <img   decoding=\"async\" loading=\"lazy\" src=\"https:\/\/www.europesays.com\/fr\/wp-content\/uploads\/2025\/12\/tempimageqhtb3d-960x640.jpg\" alt=\"L\u2019\u00e9picerie Soleil propose des fruits et l\u00e9gumes issus de la Banque alimentaire et de producteurs d\u2019Occitanie.\" width=\"960\" height=\"640\"\/><br \/>\n    L\u2019\u00e9picerie Soleil propose des fruits et l\u00e9gumes issus de la Banque alimentaire et de producteurs d\u2019Occitanie. (\u00a9M\u00e9tropolitain \/ LP)Des ateliers pour reprendre la main sur le quotidien<\/p>\n<p class=\" wall-content\">L\u2019\u00e9picerie n\u2019est qu\u2019un volet du projet. Sodoto m\u00e8ne une s\u00e9rie d\u2019ateliers : gestion du budget, atelier lessive \u00e0 50 centimes le litre, cuisine pour r\u00e9duire le gras, le sucre et le sel, pr\u00e9vention sant\u00e9, couture, batch cooking. \u00ab\u00a0Les ateliers cuisine ont un vrai succ\u00e8s. Les gens veulent cuisiner ensemble, repartir avec plusieurs repas pr\u00eats.\u00a0\u00bb L\u2019association accompagne aussi les \u00e9tudiants ultramarins, souvent \u00e9loign\u00e9s de leur famille. D\u00e9marches administratives, logement, orientation : autant de sujets qui bousculent les nouveaux arrivants.\u00a0<\/p>\n<p>Votre r\u00e9gion, votre actu !<\/p>\n<p>Recevez chaque jour les infos qui comptent pour vous.<\/p>\n<p>\t<a href=\"https:\/\/actu.fr\/newsletter\" class=\"ac-btn ac-btn--corner ac-btn--medium ac-btn--blue800\" target=\"_blank\" rel=\"noopener\">S&rsquo;incrire<\/a><\/p>\n<p>    <img   decoding=\"async\" loading=\"lazy\" src=\"https:\/\/www.europesays.com\/fr\/wp-content\/uploads\/2025\/12\/tempimage5xab3l-960x640.jpg\" alt=\"La salle couture sert d\u2019espace de d\u00e9tente et d\u2019apprentissage pour les b\u00e9n\u00e9ficiaires.\" width=\"960\" height=\"640\"\/><br \/>\n    La salle couture sert d\u2019espace de d\u00e9tente et d\u2019apprentissage pour les b\u00e9n\u00e9ficiaires. (\u00a9M\u00e9tropolitain \/ LP)<\/p>\n<p class=\" wall-content\">Sodoto compte quatre salari\u00e9s, mais son fonctionnement repose sur <strong>une cinquantaine de b\u00e9n\u00e9voles<\/strong>, dont une dizaine tr\u00e8s r\u00e9guliers. Les jeunes <a href=\"https:\/\/actu.fr\/occitanie\/montpellier_34172\/montpellier-les-etudiants-kaps-de-prendre-un-logement-en-colocation-solidaire_60095056.html\" target=\"_blank\" rel=\"noopener\">du dispositif Kaps<\/a> forment une part essentielle de ce soutien. \u00ab\u00a0Sans eux, on ferait deux fois moins. Ils sont indispensables !\u00a0\u00bb Leur aide couvre la mise en rayon, les ateliers, l\u2019accueil, les \u00e9v\u00e9nements et m\u00eame la tenue de l\u2019\u00e9picerie le samedi matin, un cr\u00e9neau r\u00e9serv\u00e9 aux \u00e9tudiants.<\/p>\n<p>Des colocations solidaires qui changent la donne \ud83c\udf1f<\/p>\n<p>Lanc\u00e9 en 2022 par l\u2019Afev dans le quartier de la Mosson, le dispositif Kaps ouvre cette ann\u00e9e ses portes \u00e0 une cinquantaine d\u2019\u00e9tudiants montpelli\u00e9rains. Son principe ? Un logement \u00e0 petit prix, environ 150 euros par mois, mis \u00e0 disposition par un bailleur social, en \u00e9change de cinq heures d\u2019engagement solidaire hebdomadaire.  Aide aux devoirs, tutorat, actions culturelles, \u00e9picerie solidaire&#8230; autant de missions qui permettent aux \u00e9tudiants de s\u2019investir dans la vie du quartier tout en all\u00e9geant leur pr\u00e9carit\u00e9.  Port\u00e9es par l\u2019Afev, la Ville de Montpellier, ACM Habitat et la Caf, les Kaps attirent de plus en plus : plus de 300 candidatures et une ambition d\u00e9j\u00e0 affich\u00e9e d\u2019accompagner 60 kapseurs d\u00e8s 2026.<\/p>\n<p>Des \u00e9v\u00e9nements pour financer la solidarit\u00e9<\/p>\n<p class=\" wall-content\">Comme toutes les associations, Sodoto compose avec des subventions publiques, des appels \u00e0 projets priv\u00e9s et des actions d\u2019autofinancement. <strong>Ce vendredi<\/strong>, la petite sc\u00e8ne du Th\u00e9\u00e2tre Jean Vilar accueillera un concert solidaire. \u00c0 partir de 19h, le public pourra vivre un Chant\u00e9 Nw\u00e8l haut en couleurs : des cantiques de No\u00ebl revisit\u00e9s \u00e0 la sauce cr\u00e9ole. Les b\u00e9n\u00e9fices financeront un s\u00e9jour culturel \u00e0 Barcelone pour une vingtaine d\u2019\u00e9tudiants. \u00ab\u00a0On m\u00eale culture et solidarit\u00e9. Cela fait partie de notre identit\u00e9.\u00a0\u00bb L\u2019association veut renforcer son axe alimentation-sant\u00e9, d\u00e9velopper son jardin, \u00e9toffer les ateliers et poursuivre l\u2019accompagnement des jeunes ultramarins. Elle lance aussi un appel aux b\u00e9n\u00e9voles. \u00ab\u00a0On a toujours besoin de monde !\u00a0\u00bb<\/p>\n<p class=\" wall-content\">Personnalisez votre actualit\u00e9 en ajoutant vos villes et m\u00e9dias en favori avec <a href=\"https:\/\/moncompte.actu.fr\" title=\"D\u00e9couvez Mon Actu\" rel=\"nofollow noopener\" data-trk=\"{&quot;cta&quot;:{&quot;action&quot;:&quot;https:\\\/\\\/moncompte.actu.fr&quot;,&quot;category&quot;:&quot;mon compte&quot;,&quot;from&quot;:&quot;article footer&quot;,&quot;name&quot;:&quot;Mon actu&quot;,&quot;type&quot;:&quot;cta&quot;}}\" target=\"_blank\">Mon Actu<\/a>.<\/p>\n","protected":false},"excerpt":{"rendered":"Par L\u00e9a Pippinato Publi\u00e9 le 5 d\u00e9c. 2025 \u00e0 17h34 Chaque 5 d\u00e9cembre, la journ\u00e9e mondiale du b\u00e9n\u00e9volat&hellip;\n","protected":false},"author":2,"featured_media":583466,"comment_status":"","ping_status":"","sticky":false,"template":"","format":"standard","meta":{"footnotes":""},"categories":[9599],"tags":[1111,11,258,10263,1777,674,1011,27,2208,12,2680,25,104,3400],"class_list":{"0":"post-583465","1":"post","2":"type-post","3":"status-publish","4":"format-standard","5":"has-post-thumbnail","7":"category-montpellier","8":"tag-actu","9":"tag-actualites","10":"tag-alimentation","11":"tag-benevolat","12":"tag-eu","13":"tag-europe","14":"tag-fr","15":"tag-france","16":"tag-montpellier","17":"tag-news","18":"tag-occitanie","19":"tag-republique-francaise","20":"tag-societe","21":"tag-solidarite"},"share_on_mastodon":{"url":"https:\/\/pubeurope.com\/@fr\/115676311520476433","error":""},"_links":{"self":[{"href":"https:\/\/www.europesays.com\/fr\/wp-json\/wp\/v2\/posts\/583465","targetHints":{"allow":["GET"]}}],"collection":[{"href":"https:\/\/www.europesays.com\/fr\/wp-json\/wp\/v2\/posts"}],"about":[{"href":"https:\/\/www.europesays.com\/fr\/wp-json\/wp\/v2\/types\/post"}],"author":[{"embeddable":true,"href":"https:\/\/www.europesays.com\/fr\/wp-json\/wp\/v2\/users\/2"}],"replies":[{"embeddable":true,"href":"https:\/\/www.europesays.com\/fr\/wp-json\/wp\/v2\/comments?post=583465"}],"version-history":[{"count":0,"href":"https:\/\/www.europesays.com\/fr\/wp-json\/wp\/v2\/posts\/583465\/revisions"}],"wp:featuredmedia":[{"embeddable":true,"href":"https:\/\/www.europesays.com\/fr\/wp-json\/wp\/v2\/media\/583466"}],"wp:attachment":[{"href":"https:\/\/www.europesays.com\/fr\/wp-json\/wp\/v2\/media?parent=583465"}],"wp:term":[{"taxonomy":"category","embeddable":true,"href":"https:\/\/www.europesays.com\/fr\/wp-json\/wp\/v2\/categories?post=583465"},{"taxonomy":"post_tag","embeddable":true,"href":"https:\/\/www.europesays.com\/fr\/wp-json\/wp\/v2\/tags?post=583465"}],"curies":[{"name":"wp","href":"https:\/\/api.w.org\/{rel}","templated":true}]}}