{"id":583467,"date":"2025-12-07T04:06:28","date_gmt":"2025-12-07T04:06:28","guid":{"rendered":"https:\/\/www.europesays.com\/fr\/583467\/"},"modified":"2025-12-07T04:06:28","modified_gmt":"2025-12-07T04:06:28","slug":"foot-ligue-2-les-cles-de-la-revolte-du-pau-fc-a-montpellier","status":"publish","type":"post","link":"https:\/\/www.europesays.com\/fr\/583467\/","title":{"rendered":"Foot &#8211; Ligue 2\u00a0: les cl\u00e9s de la r\u00e9volte du Pau FC \u00e0 Montpellier"},"content":{"rendered":"<p>Le peuple b\u00e9arnais r\u00e9clamait un \u00e9lectrochoc\u00a0: il est arriv\u00e9 \u00e0 la Mosson, un d\u00e9cor \u00e0 la hauteur du talent de la jeune \u00e9quipe paloise. Deux mois apr\u00e8s leur derni\u00e8re victoire, les prot\u00e9g\u00e9s de Nicolas Usa\u00ef ont renou\u00e9 avec le succ\u00e8s en allant surprendre un MHSC pourtant invaincu dans leur antre depuis trois rencontres.<\/p>\n<p>Devant pr&#8230;<\/p>\n<p>Le peuple b\u00e9arnais r\u00e9clamait un \u00e9lectrochoc\u00a0: il est arriv\u00e9 \u00e0 la Mosson, un d\u00e9cor \u00e0 la hauteur du talent de la jeune \u00e9quipe paloise. Deux mois apr\u00e8s leur derni\u00e8re victoire, les prot\u00e9g\u00e9s de Nicolas Usa\u00ef ont renou\u00e9 avec le succ\u00e8s en allant surprendre un MHSC pourtant invaincu dans leur antre depuis trois rencontres.<\/p>\n<p>Devant pr\u00e8s de 7\u00a0800 spectateurs h\u00e9raultais bouillants, les Palois ont offert un vrai bol d\u2019air \u00e0 la cinquantaine de supporters b\u00e9arnais venus les soutenir. Et surtout, \u00ab\u00a0Pau s\u2019en est sorti par le jeu\u00a0\u00bb, souligne Rayan Touzghar, artisan d\u2019un geste g\u00e9nial \u00e0 l\u2019origine du r\u00e9veil palois.<\/p>\n<p>Une action de grande classe pour ouvrir la voie<\/p>\n<p>Comme un rappel\u00a0: cette jeune \u00e9quipe a du talent, de la fougue et du caract\u00e8re. Les ingr\u00e9dients du d\u00e9but de saison se sont r\u00e9invit\u00e9s dans l\u2019H\u00e9rault pour relancer un PFC qui restait sur six matches sans victoires et une triste \u00e9limination en Coupe de France.<\/p>\n<p>    La r\u00e9daction vous conseille<\/p>\n<p>Alors qu\u2019ils savouraient de d\u00e9licieux tacos dans les trav\u00e9es, \u00e0 l\u2019issue du match, cette chute au 8e tour semblait bien loin. Le but du jour, une merveille collective, \u00e9tait plut\u00f4t dans tous les esprits.<\/p>\n<p>        <img decoding=\"async\" id=\"27000707\" src=\"https:\/\/www.europesays.com\/fr\/wp-content\/uploads\/2025\/12\/ft-mhsc-pfc.jpg\" itemprop=\"contentURL\"\/><\/p>\n<p>dsas<\/p>\n<p>Sur un centre pr\u00e9cis de Kalulu, Versini glisse une subtile d\u00e9viation en une touche vers Touzghar, oubli\u00e9 dans la surface. L\u2019attaquant conclut d\u2019une madjer crois\u00e9e pour signer son deuxi\u00e8me but de la saison apr\u00e8s la d\u00e9faite face au\u00a0Mans (17e).<\/p>\n<p>Des Montpelli\u00e9rains l\u00e9thargiques<\/p>\n<p>Signe d\u2019une id\u00e9e de jeu assum\u00e9e\u00a0: pas moins de cinq Palois \u00e9taient pr\u00e9sents dans la surface montpelli\u00e9raine au moment de conclure. Malgr\u00e9 la crise de r\u00e9sultats, Usai n\u2019a jamais renonc\u00e9 \u00e0 ses principes \u2014 relances courtes, jeu au sol, lat\u00e9raux hauts et des milieux de terrain offensifs.<\/p>\n<p>En face, Montpellier appara\u00eet bien p\u00e2le et battu dans les duels. Hormis un centre tendu de Mbuku au premier poteau (15e), mal n\u00e9goci\u00e9 par Mendy, les H\u00e9raultais n\u2019inqui\u00e8tent gu\u00e8re une d\u00e9fense paloise solide.<\/p>\n<p>Apr\u00e8s l\u2019ouverture du score, la r\u00e9action montpelli\u00e9raine se fait attendre. Au contraire, ce sont les B\u00e9arnais qui frappent encore en transition, profitant de la vitesse de leurs fl\u00e8ches. Mais il manque la finition pour se mettre \u00e0 l\u2019abri.<\/p>\n<p>    La r\u00e9daction vous conseille<\/p>\n<p>Montpellier doit patienter jusqu\u2019\u00e0 la 45e minute pour apporter un vrai danger\u00a0: sur un corner mal repouss\u00e9, El Hannach d\u00e9clenche \u00e0 bout portant, mais Raveyre se dresse gr\u00e2ce \u00e0 son m\u00e8tre 95. Le d\u00e9but du festival de l\u2019ancien milanais.<\/p>\n<p>Un gardien et une d\u00e9fense solides jusqu\u2019au bout<\/p>\n<p>Le retour des vestiaires voit logiquement Pau reculer et Montpellier se r\u00e9veiller, se montrant enfin incisif. Mbuku enl\u00e8ve une balle de but \u00e0 Savanier en reprenant d\u2019une t\u00eate en d\u00e9s\u00e9quilibre (49e). Puis l\u2019ailier h\u00e9raultais \u00e9limine Pouilly dans la surface\u00a0; le contact qui suit aurait pu appeler un penalty, mais M. Landry ne bronche pas. Le match tombe ensuite dans un faux rythme, hach\u00e9 par les fautes et accentu\u00e9 par la blessure \u00e0 l\u2019\u00e9paule de Sissoko. Mais \u00e0 chaque flottement, Raveyre veille. Le jeune portier remporte un face-\u00e0-face crucial avec Mendy apr\u00e8s une erreur de relance b\u00e9arnaise.<\/p>\n<p>Usai tente alors de densifier son bloc avec l\u2019entr\u00e9e de Glossoa \u00e0 la place d\u2019un Versini diminu\u00e9 par un coup au mollet. La Mosson s\u2019agace des d\u00e9cisions arbitrales, mais Pau ne parvient pas \u00e0 tuer le match\u00a0: Touzghar, lanc\u00e9 dans la surface, choisit la frappe au lieu d\u2019offrir le ballon \u00e0 Pouilly.<\/p>\n<p>La fin de rencontre se transforme en si\u00e8ge. Raveyre s\u2019impose encore face \u00e0 Mendy puis d\u00e9tourne un corner tap\u00e9 au premier poteau, avant de stopper la reprise puissante de Sainte-Luce (90e). Dans son sillage, Meddah livre une prestation de patron en d\u00e9fense centrale, suppl\u00e9ant avec brio les absents Brian\u00e7on et Ruiz. Il sauve m\u00eame la mise en d\u00e9gageant un centre dangereux de Savanier (84e). Le meneur de jeu h\u00e9raultais, qui a tent\u00e9 en vain de porter son \u00e9quipe, fr\u00f4le ensuite le poteau sur coup franc, sa sp\u00e9cialit\u00e9.<\/p>\n<p>Une bouff\u00e9e d\u2019air avant la tr\u00eave<\/p>\n<p>Cette fois, la victoire ne s\u2019est pas envol\u00e9e sous les crampons des Palois. Une victoire, un clean sheet, un soulagement immense avant la derni\u00e8re rencontre de l\u2019ann\u00e9e vendredi (20h) au Nouste Camp face \u00e0 Amiens.<\/p>\n<p>Avec 13 joueurs de moins de 23\u00a0ans utilis\u00e9s \u00e0 Montpellier, Pau confirme son identit\u00e9 et sa force\u00a0: joueuse, ambitieuse mais aussi jeune et en plein apprentissage. Les B\u00e9arnais r\u00e9alisent la bonne affaire de la journ\u00e9e et r\u00e9int\u00e8grent le top 5 de Ligue 2, totalisant 11 points d\u2019avance sur la zone rouge. \u00ab\u00a0C\u2019est le plus important, il ne faut surtout pas s\u2019emballer\u00a0\u00bb, temp\u00e9rait Nicolas Usa\u00ef \u00e0 l\u2019issue du match.<\/p>\n<p>Comme le dit l\u2019expression consacr\u00e9e, la tarte \u00e0 la cr\u00e8me du foot\u00a0: tout va tr\u00e8s vite dans ce sport. Le Pau FC ne fait que la confirmer.<\/p>\n","protected":false},"excerpt":{"rendered":"Le peuple b\u00e9arnais r\u00e9clamait un \u00e9lectrochoc\u00a0: il est arriv\u00e9 \u00e0 la Mosson, un d\u00e9cor \u00e0 la hauteur du&hellip;\n","protected":false},"author":2,"featured_media":583468,"comment_status":"","ping_status":"","sticky":false,"template":"","format":"standard","meta":{"footnotes":""},"categories":[9599],"tags":[1111,11,1777,674,1011,27,2208,12,2680,25],"class_list":{"0":"post-583467","1":"post","2":"type-post","3":"status-publish","4":"format-standard","5":"has-post-thumbnail","7":"category-montpellier","8":"tag-actu","9":"tag-actualites","10":"tag-eu","11":"tag-europe","12":"tag-fr","13":"tag-france","14":"tag-montpellier","15":"tag-news","16":"tag-occitanie","17":"tag-republique-francaise"},"share_on_mastodon":{"url":"https:\/\/pubeurope.com\/@fr\/115676314836560772","error":""},"_links":{"self":[{"href":"https:\/\/www.europesays.com\/fr\/wp-json\/wp\/v2\/posts\/583467","targetHints":{"allow":["GET"]}}],"collection":[{"href":"https:\/\/www.europesays.com\/fr\/wp-json\/wp\/v2\/posts"}],"about":[{"href":"https:\/\/www.europesays.com\/fr\/wp-json\/wp\/v2\/types\/post"}],"author":[{"embeddable":true,"href":"https:\/\/www.europesays.com\/fr\/wp-json\/wp\/v2\/users\/2"}],"replies":[{"embeddable":true,"href":"https:\/\/www.europesays.com\/fr\/wp-json\/wp\/v2\/comments?post=583467"}],"version-history":[{"count":0,"href":"https:\/\/www.europesays.com\/fr\/wp-json\/wp\/v2\/posts\/583467\/revisions"}],"wp:featuredmedia":[{"embeddable":true,"href":"https:\/\/www.europesays.com\/fr\/wp-json\/wp\/v2\/media\/583468"}],"wp:attachment":[{"href":"https:\/\/www.europesays.com\/fr\/wp-json\/wp\/v2\/media?parent=583467"}],"wp:term":[{"taxonomy":"category","embeddable":true,"href":"https:\/\/www.europesays.com\/fr\/wp-json\/wp\/v2\/categories?post=583467"},{"taxonomy":"post_tag","embeddable":true,"href":"https:\/\/www.europesays.com\/fr\/wp-json\/wp\/v2\/tags?post=583467"}],"curies":[{"name":"wp","href":"https:\/\/api.w.org\/{rel}","templated":true}]}}