{"id":583478,"date":"2025-12-07T04:19:32","date_gmt":"2025-12-07T04:19:32","guid":{"rendered":"https:\/\/www.europesays.com\/fr\/583478\/"},"modified":"2025-12-07T04:19:32","modified_gmt":"2025-12-07T04:19:32","slug":"rejet-par-le-ta-de-nice-du-recours-de-deux-associations-contre-le-projet-de","status":"publish","type":"post","link":"https:\/\/www.europesays.com\/fr\/583478\/","title":{"rendered":"Rejet par le TA de Nice du recours de deux associations contre le projet de (\u2026)"},"content":{"rendered":"<p>                    <img loading=\"lazy\" decoding=\"async\" src=\"https:\/\/www.europesays.com\/fr\/wp-content\/uploads\/2025\/12\/f377d29a658fd3ce0da66d61f11474.jpg\" class=\"img-responsive post-image\" width=\"680\" height=\"510\" alt=\"Rejet par le TA de Nice\" title=\"Rejet par le TA de Nice du recours de deux associations contre le projet de d\u00e9m\u00e9nagement du MIN de Nice \u00e0 La Gaude\"\/><\/p>\n<p class=\"chapo\">Le Tribunal administratif de Nice a rendu, le 3 d\u00e9cembre, un jugement confirmant la l\u00e9galit\u00e9 des d\u00e9marches entreprises dans le cadre du projet de transfert du March\u00e9 d\u2019Int\u00e9r\u00eat National (MIN) de Nice vers le site de La Baronne, \u00e0 La Gaude. Deux associations \u2013 France Nature Environnement Provence-Alpes-C\u00f4te d\u2019Azur et le Collectif Associatif 06 pour des r\u00e9alisations \u00e9cologiques \u2013 contestaient l\u2019arr\u00eat\u00e9 pr\u00e9fectoral du 14 avril 2022 accordant une d\u00e9rogation \u00e0 l\u2019interdiction de destruction d\u2019esp\u00e8ces prot\u00e9g\u00e9es. Leur recours a \u00e9t\u00e9 rejet\u00e9.<\/p>\n<p>                    Un projet jug\u00e9 compatible avec les exigences environnementales<\/p>\n<p>Le tribunal a consid\u00e9r\u00e9 que les conditions d\u00e9finies par les articles L. 411-1 et L. 411-2 du Code de l\u2019environnement \u00e9taient r\u00e9unies pour permettre la d\u00e9rogation. Il a estim\u00e9, d\u2019une part, que l\u2019absence de solution alternative satisfaisante \u00e9tait d\u00e9montr\u00e9e. Parmi les quatre sites \u00e9tudi\u00e9s, le site de La Baronne pr\u00e9sentait le <strong>meilleur compromis environnemental et logistique<\/strong>\u00a0: acc\u00e8s facilit\u00e9, impacts r\u00e9duits sur les r\u00e9servoirs de biodiversit\u00e9 par rapport \u00e0 d\u2019autres sites comme celui des Barraques \u00e0 Nice, et proximit\u00e9 avec plusieurs zones de production agricole <br class=\"autobr\"\/><br \/>\nD\u2019autre part, concernant les mesures de compensation environnementale, le tribunal a jug\u00e9 qu\u2019elles n\u2019\u00e9taient pas insuffisantes. Malgr\u00e9 un avis d\u00e9favorable du Conseil national de la protection de la nature sur la <strong>question des orchis \u00e0 odeur de vanille,<\/strong> les juges ont relev\u00e9 que <strong>des mesures compl\u00e9mentaires avaient \u00e9t\u00e9 prises <\/strong> par le porteur du projet, notamment l\u2019<strong>acquisition de 4,5 hectares de terrains compensatoires suppl\u00e9mentaires. <\/strong><\/p>\n<p>\u00ab\u00a0Nouvelle victoire juridique\u00a0\u00bb pour le pr\u00e9sident de la M\u00e9tropole Nice C\u00f4te d\u2019Azur<\/p>\n<p>\u00c0 la suite de cette d\u00e9cision, <strong>Christian Estrosi, <\/strong> pr\u00e9sident de la M\u00e9tropole Nice C\u00f4te d\u2019Azur, a salu\u00e9 une \u00ab\u00a0nouvelle victoire juridique\u00a0\u00bb, estimant que le jugement confirme la pertinence du choix du site, l\u2019int\u00e9r\u00eat g\u00e9n\u00e9ral du projet et la robustesse des dispositifs environnementaux pr\u00e9vus. Il souligne que plusieurs localisations avaient \u00e9t\u00e9 \u00e9tudi\u00e9es et que La Baronne pr\u00e9sentait \u00ab\u00a0 le meilleur bilan \u00a0\u00bb, notamment gr\u00e2ce \u00e0 sa proximit\u00e9 avec les p\u00f4les agricoles du territoire. Selon lui, cette d\u00e9cision permet d\u00e9sormais la poursuite du projet \u00ab\u00a0avec d\u00e9termination\u00a0\u00bb, au service des producteurs locaux, des entreprises de la fili\u00e8re agroalimentaire et de la souverainet\u00e9 alimentaire du territoire.<\/p>\n<p>Le d\u00e9m\u00e9nagement du MIN, install\u00e9 depuis 1965 \u00e0 proximit\u00e9 de l\u2019a\u00e9roport de Nice, peut donc se poursuivre dans le cadre fix\u00e9 par la M\u00e9tropole et valid\u00e9 par les autorit\u00e9s administratives et judiciaires.<\/p>\n<p>Visuel de Une (archive vue du TA de Nice) \u00a9SG<\/p>\n","protected":false},"excerpt":{"rendered":"Le Tribunal administratif de Nice a rendu, le 3 d\u00e9cembre, un jugement confirmant la l\u00e9galit\u00e9 des d\u00e9marches entreprises&hellip;\n","protected":false},"author":2,"featured_media":583479,"comment_status":"","ping_status":"","sticky":false,"template":"","format":"standard","meta":{"footnotes":""},"categories":[2819],"tags":[1111,11,2408,1777,674,1011,27,12,2401,882,25],"class_list":{"0":"post-583478","1":"post","2":"type-post","3":"status-publish","4":"format-standard","5":"has-post-thumbnail","7":"category-nice","8":"tag-actu","9":"tag-actualites","10":"tag-appels-d","11":"tag-eu","12":"tag-europe","13":"tag-fr","14":"tag-france","15":"tag-news","16":"tag-nice","17":"tag-provence-alpes-cote-dazur","18":"tag-republique-francaise"},"share_on_mastodon":{"url":"https:\/\/pubeurope.com\/@fr\/115676366439890953","error":""},"_links":{"self":[{"href":"https:\/\/www.europesays.com\/fr\/wp-json\/wp\/v2\/posts\/583478","targetHints":{"allow":["GET"]}}],"collection":[{"href":"https:\/\/www.europesays.com\/fr\/wp-json\/wp\/v2\/posts"}],"about":[{"href":"https:\/\/www.europesays.com\/fr\/wp-json\/wp\/v2\/types\/post"}],"author":[{"embeddable":true,"href":"https:\/\/www.europesays.com\/fr\/wp-json\/wp\/v2\/users\/2"}],"replies":[{"embeddable":true,"href":"https:\/\/www.europesays.com\/fr\/wp-json\/wp\/v2\/comments?post=583478"}],"version-history":[{"count":0,"href":"https:\/\/www.europesays.com\/fr\/wp-json\/wp\/v2\/posts\/583478\/revisions"}],"wp:featuredmedia":[{"embeddable":true,"href":"https:\/\/www.europesays.com\/fr\/wp-json\/wp\/v2\/media\/583479"}],"wp:attachment":[{"href":"https:\/\/www.europesays.com\/fr\/wp-json\/wp\/v2\/media?parent=583478"}],"wp:term":[{"taxonomy":"category","embeddable":true,"href":"https:\/\/www.europesays.com\/fr\/wp-json\/wp\/v2\/categories?post=583478"},{"taxonomy":"post_tag","embeddable":true,"href":"https:\/\/www.europesays.com\/fr\/wp-json\/wp\/v2\/tags?post=583478"}],"curies":[{"name":"wp","href":"https:\/\/api.w.org\/{rel}","templated":true}]}}