{"id":583486,"date":"2025-12-07T04:24:39","date_gmt":"2025-12-07T04:24:39","guid":{"rendered":"https:\/\/www.europesays.com\/fr\/583486\/"},"modified":"2025-12-07T04:24:39","modified_gmt":"2025-12-07T04:24:39","slug":"les-bons-plans-a-ne-pas-manquer-avec-la-carte-jeune","status":"publish","type":"post","link":"https:\/\/www.europesays.com\/fr\/583486\/","title":{"rendered":"les bons plans \u00e0 ne pas manquer avec la Carte Jeune !"},"content":{"rendered":"<p>Les f\u00eates approchent et tu cherches des id\u00e9es pour profiter pleinement de No\u00ebl et des vacances \u00e0 Bordeaux ? Entre spectacles, sorties culturelles et activit\u00e9s sportives, il y en a pour tous les go\u00fbts\u2026 et avec la Carte Jeune, c\u2019est encore mieux !<\/p>\n<p>Spectacle magique : le cirque Arlette Gruss<\/p>\n<p style=\"font-size:16px\">\ud83d\udcc5Du 19 d\u00e9cembre au 25 janvier \u2013 \ud83d\udccd Place des Quinconces<br \/>Entre acrobaties, clowns et num\u00e9ros magiques, le cirque Arlette Gruss te promet des \u00e9toiles plein les yeux avec son tout nouveau spectacle <strong>\u00ab\u00a0Parenth\u00e8se\u00a0\u00bb<\/strong>. Les places sont disponibles \u00e0 tarif r\u00e9duit via le lien de <a href=\"https:\/\/cirque-gruss-billetterie.tickandlive.com\/?idwl=82\" target=\"_blank\" rel=\"noreferrer noopener\">billetterie sp\u00e9cial<\/a>, alors fonce !<\/p>\n<p>Festival et musique<\/p>\n<p style=\"font-size:16px\">Le <strong>Festival ODP Talence<\/strong> se tiendra <strong>du 11 au 14 juin 2026<\/strong> au Parc Peixotto. Compte 46\u20ac pour un <a href=\"https:\/\/linktr.ee\/CartejeuneXfestivalODP\" target=\"_blank\" rel=\"noreferrer noopener\">pass 1 jour<\/a> et r\u00e9serve tes places d\u00e8s maintenant pour ne pas manquer les concerts et animations.<\/p>\n<p><img fetchpriority=\"high\" decoding=\"async\" width=\"819\" height=\"1024\" src=\"https:\/\/www.europesays.com\/fr\/wp-content\/uploads\/2025\/11\/DSC09653\u00a9NicoPulcrano-819x1024.jpg\" alt=\"\" class=\"wp-image-86812\" style=\"width:343px;height:auto\"  \/>Le Festival ODP Talence revient du 11 au 14 juin 2026 : concerts et pass 1 jour \u00e0 46\u20ac. \u00a9NicoPulcrano<\/p>\n<p>Sport et activit\u00e9s ludiques<\/p>\n<p style=\"font-size:16px\">\u00c0 Bordeaux, profite de -10\u202f% sur les s\u00e9ances d\u2019escalade et de mini-golf \u00e0 l\u2019<strong>UCPA Sport Station<\/strong>, pour rester actif tout en t\u2019amusant.<\/p>\n<p>Culture et exposition<\/p>\n<p style=\"font-size:16px\">Le <strong>CAPC<\/strong> propose <strong>jusqu\u2019au 26 avril 2026<\/strong> une exposition sur <strong>Rammellzee<\/strong>, pionnier du street art et du graffiti. L\u2019entr\u00e9e et les visites comment\u00e9es sont gratuites, et tu pourras d\u00e9couvrir \u00e9galement des \u0153uvres d\u2019Andy Warhol, Basquiat, et m\u00eame Madonna.<\/p>\n<p>Plong\u00e9e dans l\u2019oc\u00e9an<\/p>\n<p style=\"font-size:16px\">Jusqu\u2019au 31 janvier 2026, les <strong>Bassins des Lumi\u00e8res<\/strong> te plongent dans le monde sous-marin : requins, tortues, m\u00e9duses et poissons des abysses n\u2019attendent que toi. Entr\u00e9e \u00e0 7\u20ac, pour une sortie originale entre No\u00ebl et le Nouvel An.<\/p>\n<p><img loading=\"lazy\" decoding=\"async\" width=\"1024\" height=\"448\" src=\"https:\/\/www.europesays.com\/fr\/wp-content\/uploads\/2025\/12\/image-61-1024x448.png\" alt=\"\" class=\"wp-image-87450\" style=\"width:710px;height:auto\"  \/>Jusqu\u2019au 31 janvier 2026, plonge dans l\u2019oc\u00e9an aux Bassins des Lumi\u00e8res : une sortie immersive \u00e0 7\u20ac. \u00a9Nouvelle-Aquitaine Tourism<\/p>\n<p>Autres sorties et \u00e9v\u00e9nements<\/p>\n<ul class=\"wp-block-list\">\n<li style=\"font-size:16px\"><strong>Comedy Club de No\u00ebl<\/strong> : 12 d\u00e9cembre \u00e0 l\u2019Estrade \u2013 7\u20ac<\/li>\n<li style=\"font-size:16px\"><strong>Bal de No\u00ebl do Brasil<\/strong> : 13 d\u00e9cembre au Grand Parc \u2013 3\u20ac<\/li>\n<li style=\"font-size:16px\"><strong>Boxers de Bordeaux vs Grenoble<\/strong> : 21 d\u00e9cembre \u00e0 la Patinoire M\u00e9riadeck \u2013 10\u20ac<\/li>\n<\/ul>\n<p>Bonus : librairies et cadeaux<\/p>\n<p style=\"font-size:16px\">Passe en librairie avant No\u00ebl et profite de<strong> -5\u202f% sur les livres<\/strong> avec la <strong>Carte Jeune<\/strong>. <a href=\"https:\/\/cartejeune.bordeaux-metropole.fr\/partenaires\" target=\"_blank\" rel=\"noreferrer noopener\">Les libraires partenaires<\/a> te guideront pour trouver le cadeau parfait.<\/p>\n<p><img loading=\"lazy\" decoding=\"async\" width=\"1024\" height=\"675\" src=\"https:\/\/www.europesays.com\/fr\/wp-content\/uploads\/2025\/12\/image-63-1024x675.png\" alt=\"\" class=\"wp-image-87452\" style=\"width:644px;height:auto\"  \/>Profite de -5% en librairie avant No\u00ebl : les libraires partenaires t\u2019aident \u00e0 trouver le cadeau. \u00a9LINA<\/p>\n<p style=\"font-size:16px\">Alors, pr\u00eat \u00e0 remplir ton agenda de sorties festives et culturelles \u00e0 Bordeaux ? Avec toutes ces options, No\u00ebl et les vacances promettent d\u2019\u00eatre inoubliables !<\/p>\n<p style=\"font-size:16px\">\u00c0 lire aussi : <a href=\"https:\/\/www.bougerabordeaux.com\/sorties\/museeetexposition\/le-salon-habitat-deco-de-bordeaux-revient\/\" target=\"_blank\" rel=\"noreferrer noopener\">Le Salon Habitat &amp; D\u00e9co de Bordeaux revient !<\/a><\/p>\n","protected":false},"excerpt":{"rendered":"Les f\u00eates approchent et tu cherches des id\u00e9es pour profiter pleinement de No\u00ebl et des vacances \u00e0 Bordeaux&hellip;\n","protected":false},"author":2,"featured_media":583487,"comment_status":"","ping_status":"","sticky":false,"template":"","format":"standard","meta":{"footnotes":""},"categories":[2817],"tags":[1111,11,1997,1777,674,1011,27,12,2219,25],"class_list":{"0":"post-583486","1":"post","2":"type-post","3":"status-publish","4":"format-standard","5":"has-post-thumbnail","7":"category-bordeaux","8":"tag-actu","9":"tag-actualites","10":"tag-bordeaux","11":"tag-eu","12":"tag-europe","13":"tag-fr","14":"tag-france","15":"tag-news","16":"tag-nouvelle-aquitaine","17":"tag-republique-francaise"},"share_on_mastodon":{"url":"https:\/\/pubeurope.com\/@fr\/115676385817500658","error":""},"_links":{"self":[{"href":"https:\/\/www.europesays.com\/fr\/wp-json\/wp\/v2\/posts\/583486","targetHints":{"allow":["GET"]}}],"collection":[{"href":"https:\/\/www.europesays.com\/fr\/wp-json\/wp\/v2\/posts"}],"about":[{"href":"https:\/\/www.europesays.com\/fr\/wp-json\/wp\/v2\/types\/post"}],"author":[{"embeddable":true,"href":"https:\/\/www.europesays.com\/fr\/wp-json\/wp\/v2\/users\/2"}],"replies":[{"embeddable":true,"href":"https:\/\/www.europesays.com\/fr\/wp-json\/wp\/v2\/comments?post=583486"}],"version-history":[{"count":0,"href":"https:\/\/www.europesays.com\/fr\/wp-json\/wp\/v2\/posts\/583486\/revisions"}],"wp:featuredmedia":[{"embeddable":true,"href":"https:\/\/www.europesays.com\/fr\/wp-json\/wp\/v2\/media\/583487"}],"wp:attachment":[{"href":"https:\/\/www.europesays.com\/fr\/wp-json\/wp\/v2\/media?parent=583486"}],"wp:term":[{"taxonomy":"category","embeddable":true,"href":"https:\/\/www.europesays.com\/fr\/wp-json\/wp\/v2\/categories?post=583486"},{"taxonomy":"post_tag","embeddable":true,"href":"https:\/\/www.europesays.com\/fr\/wp-json\/wp\/v2\/tags?post=583486"}],"curies":[{"name":"wp","href":"https:\/\/api.w.org\/{rel}","templated":true}]}}