{"id":583488,"date":"2025-12-07T04:25:20","date_gmt":"2025-12-07T04:25:20","guid":{"rendered":"https:\/\/www.europesays.com\/fr\/583488\/"},"modified":"2025-12-07T04:25:20","modified_gmt":"2025-12-07T04:25:20","slug":"bordeaux-enchaine-face-a-dinan-lehon-et-conforte-sa-place-de-leader","status":"publish","type":"post","link":"https:\/\/www.europesays.com\/fr\/583488\/","title":{"rendered":"Bordeaux encha\u00eene face \u00e0 Dinan-L\u00e9hon et conforte sa place de leader"},"content":{"rendered":"<p>Les Girondins de <a href=\"https:\/\/www.footmercato.net\/club\/fc-girondins-de-bordeaux\/\" target=\"_blank\" rel=\"noopener\">Bordeaux<\/a> finissent en beaut\u00e9 leur ann\u00e9e 2025 \u00e0 domicile. Pour la premi\u00e8re rencontre de la saison diffus\u00e9e sur Ligue1+,  la formation bordelaise  recevait Dinan-L\u00e9hon avec l\u2019envie d\u2019encha\u00eener un nouveau succ\u00e8s pour prendre la t\u00eate de N2 avec surtout 2 points d\u2019avance sur la Roche sur Yon.<\/p>\n<p>            La suite apr\u00e8s cette publicit\u00e9<\/p>\n<p>C\u2019est chose faite gr\u00e2ce \u00e0 un doubl\u00e9 de Royce Openda. L\u2019international gabonais a d\u00e9livr\u00e9 les siens et permis d\u2019assurer un succ\u00e8s tr\u00e8s important. Pour la formation de Bruno Irles, la folle s\u00e9rie continue et m\u00eame si le chemin est encore long, les supporters bordelais (encore au rendez-vous ce soir au stade) pourront croire \u00e0 une mont\u00e9e en National. <\/p>\n<p>\n    Pub. le 06\/12\/2025 20:04<br \/>\n            &#8211; MAJ le 06\/12\/2025 23:33\n    <\/p>\n","protected":false},"excerpt":{"rendered":"Les Girondins de Bordeaux finissent en beaut\u00e9 leur ann\u00e9e 2025 \u00e0 domicile. Pour la premi\u00e8re rencontre de la&hellip;\n","protected":false},"author":2,"featured_media":583489,"comment_status":"","ping_status":"","sticky":false,"template":"","format":"standard","meta":{"footnotes":""},"categories":[2817],"tags":[1111,11,1997,1777,674,1011,27,12,2219,25],"class_list":{"0":"post-583488","1":"post","2":"type-post","3":"status-publish","4":"format-standard","5":"has-post-thumbnail","7":"category-bordeaux","8":"tag-actu","9":"tag-actualites","10":"tag-bordeaux","11":"tag-eu","12":"tag-europe","13":"tag-fr","14":"tag-france","15":"tag-news","16":"tag-nouvelle-aquitaine","17":"tag-republique-francaise"},"share_on_mastodon":{"url":"https:\/\/pubeurope.com\/@fr\/115676389891531395","error":""},"_links":{"self":[{"href":"https:\/\/www.europesays.com\/fr\/wp-json\/wp\/v2\/posts\/583488","targetHints":{"allow":["GET"]}}],"collection":[{"href":"https:\/\/www.europesays.com\/fr\/wp-json\/wp\/v2\/posts"}],"about":[{"href":"https:\/\/www.europesays.com\/fr\/wp-json\/wp\/v2\/types\/post"}],"author":[{"embeddable":true,"href":"https:\/\/www.europesays.com\/fr\/wp-json\/wp\/v2\/users\/2"}],"replies":[{"embeddable":true,"href":"https:\/\/www.europesays.com\/fr\/wp-json\/wp\/v2\/comments?post=583488"}],"version-history":[{"count":0,"href":"https:\/\/www.europesays.com\/fr\/wp-json\/wp\/v2\/posts\/583488\/revisions"}],"wp:featuredmedia":[{"embeddable":true,"href":"https:\/\/www.europesays.com\/fr\/wp-json\/wp\/v2\/media\/583489"}],"wp:attachment":[{"href":"https:\/\/www.europesays.com\/fr\/wp-json\/wp\/v2\/media?parent=583488"}],"wp:term":[{"taxonomy":"category","embeddable":true,"href":"https:\/\/www.europesays.com\/fr\/wp-json\/wp\/v2\/categories?post=583488"},{"taxonomy":"post_tag","embeddable":true,"href":"https:\/\/www.europesays.com\/fr\/wp-json\/wp\/v2\/tags?post=583488"}],"curies":[{"name":"wp","href":"https:\/\/api.w.org\/{rel}","templated":true}]}}