{"id":583492,"date":"2025-12-07T04:27:20","date_gmt":"2025-12-07T04:27:20","guid":{"rendered":"https:\/\/www.europesays.com\/fr\/583492\/"},"modified":"2025-12-07T04:27:20","modified_gmt":"2025-12-07T04:27:20","slug":"super-xiii-baptiste-fabre-offre-la-victoire-aux-albigeois-face-a-toulouse-sur-le-gong","status":"publish","type":"post","link":"https:\/\/www.europesays.com\/fr\/583492\/","title":{"rendered":"Super XIII. Baptiste Fabre offre la victoire aux Albigeois face \u00e0 Toulouse sur le gong"},"content":{"rendered":"<p>\n                                                                    l&rsquo;essentiel<br \/>\n                                                                Malgr\u00e9 les nombreuses absences, le champion de France, l\u2019ARL XIII, a assur\u00e9 le strict minimum face au Toulouse Olympique gr\u00e2ce \u00e0 un drop de Baptiste Fabre \u00e0 la derni\u00e8re seconde (7-6). Albi encha\u00eene une 5e succ\u00e8s cons\u00e9cutif dans un stade Mazicou toujours imprenable, et conforte sa place de dauphin du Super XIII.\n                            <\/p>\n<p>Dans le froid, sur une pelouse marqu\u00e9e par la bataille entre les U19, on a vite compris que ce ne serait pas un match d\u2019attaque, et qu\u2019il faudrait attendre avant de conna\u00eetre le d\u00e9nouement de la rencontre entre Albi et Toulouse. Si le coup d\u2019envoi a \u00e9t\u00e9 retard\u00e9 de 15 minutes \u2013 la faute \u00e0 un probl\u00e8me logistique c\u00f4t\u00e9 toulousain \u2013 la partie, elle, a eu besoin de 35 bonnes minutes suppl\u00e9mentaires pour vraiment d\u00e9marrer. Car pendant une bonne demi-heure de jeu, les deux \u00e9quipes ont bafouill\u00e9 leur rugby, multipliant les \u00e9checs et les maladresses proches des zones de v\u00e9rit\u00e9.<\/p>\n<p class=\"std-elt__inline\">\n        <strong>\u00c0 lire aussi :<\/strong><br \/>\n        <a href=\"https:\/\/www.ladepeche.fr\/2025\/12\/06\/un-menu-copieux-13094265.php\" target=\"_blank\" rel=\"noopener\">Un menu copieux<\/a>\n    <\/p>\n<p>Les d\u00e9fenses ont donc pris le pas sur les offensives. Celle de Toulouse a longtemps r\u00e9sist\u00e9, arc-bout\u00e9e sur sa ligne d\u2019en-but. De leur c\u00f4t\u00e9, les Tigres ont gaspill\u00e9 leurs cinq premi\u00e8res opportunit\u00e9s dans les dix derniers m\u00e8tres adverses, souvent par des en-avants (3e, 16e, 28e, 31e, 33e). Or, comme il l\u2019a souvent montr\u00e9, le champion a du caract\u00e8re. Alors qu\u2019on semblait se diriger vers une premi\u00e8re p\u00e9riode nulle et vierge, sur le gong, Thibault Correges a finalement trouv\u00e9 la faille derri\u00e8re un tenu, permettant aux siens de regagner les vestiaires avec un l\u00e9ger avantage (6-0).<\/p>\n<p>Le caract\u00e8re de Baptiste Fabre<\/p>\n<p class=\"std-elt__inline\">\n        <strong>\u00c0 lire aussi :<\/strong><br \/>\n        <a href=\"https:\/\/www.ladepeche.fr\/2025\/11\/30\/super-xiii-villeneuve-arl-le-champion-avec-autorite-albi-rugby-league-fait-respecter-la-hierarchie-13082594.php\" target=\"_blank\" rel=\"noopener\">Super XIII \u2013 Villeneuve-ARL\u00a0: Le champion avec autorit\u00e9\u00a0! Albi Rugby League fait respecter la hi\u00e9rarchie<\/a>\n    <\/p>\n<p>\u00a0<\/p>\n<p>Mais dans ce genre de rencontre cadenass\u00e9e, un avantage, si mince soit-il, peut parfois suffire. Peu inspir\u00e9s, les Tigres ont longtemps cru pouvoir s\u2019en contenter. En effet, le deuxi\u00e8me acte n\u2019a pas \u00e9t\u00e9 plus reluisant. Au contraire, il fut encore plus hach\u00e9, moins emballant. \u00c0 d\u00e9faut de vibrer sur la qualit\u00e9 du jeu d\u00e9ploy\u00e9, le public \u2013 encore une fois nombreux \u00e0 Mazicou \u2013 a \u00e9t\u00e9 tenu en haleine par le suspense.<\/p>\n<p class=\"std-elt__inline\">\n        <strong>\u00c0 lire aussi :<\/strong><br \/>\n        <a href=\"https:\/\/www.ladepeche.fr\/2025\/11\/29\/super-xiii-jai-faim-cetait-trop-long-pourquoi-le-joueur-dalbi-rugby-league-chase-bernard-piaffe-dimpatience-13079852.php\" target=\"_blank\" rel=\"noopener\">Super XIII\u00a0: \u00ab\u00a0J\u2019ai faim, c\u2019\u00e9tait trop long\u00a0!\u00a0\u00bb Pourquoi le joueur d\u2019Albi Rugby League Chase Bernard piaffe d\u2019impatience<\/a>\n    <\/p>\n<p>Car \u00e0 sept petites minutes de la fin, le Toulouse Olympique refroidissait un peu plus l\u2019ambiance en \u00e9galisant sur une de ses seules offensives concr\u00e8tes (6-6). Fatigu\u00e9s, les corps tarnais ont d\u00fb donner un dernier coup de collier pour forcer la d\u00e9cision. Et ils ont cru la faire \u00e0 la 79e minute, quand Baptiste Fabre obtenait une p\u00e9nalit\u00e9 dans ses cordes \u00e0 15 m\u00e8tres des poteaux adverses.<\/p>\n<p>On pensait qu\u2019Albi avait fait le plus dur. Or, contre toute attente, sous la pression, l\u2019ouvreur albigeois loupait son coup de pied. Mais Baptiste Fabre \u00e9tait \u00e0 l\u2019image de son \u00e9quipe ce soir, r\u00e9silient. Quelques secondes plus tard, quelques m\u00e8tres plus loin, il r\u00e9ussissait un drop presque inesp\u00e9r\u00e9 (7-6), lib\u00e9rant son \u00e9quipe. C\u2019est aussi cela, une victoire de champion.<\/p>\n","protected":false},"excerpt":{"rendered":"l&rsquo;essentiel Malgr\u00e9 les nombreuses absences, le champion de France, l\u2019ARL XIII, a assur\u00e9 le strict minimum face au&hellip;\n","protected":false},"author":2,"featured_media":583493,"comment_status":"","ping_status":"","sticky":false,"template":"","format":"standard","meta":{"footnotes":""},"categories":[2816],"tags":[1111,11,7296,1777,674,1011,27,12,2680,25,69131,517,8412,2312],"class_list":{"0":"post-583492","1":"post","2":"type-post","3":"status-publish","4":"format-standard","5":"has-post-thumbnail","7":"category-toulouse","8":"tag-actu","9":"tag-actualites","10":"tag-albi","11":"tag-eu","12":"tag-europe","13":"tag-fr","14":"tag-france","15":"tag-news","16":"tag-occitanie","17":"tag-republique-francaise","18":"tag-rugby-u00e0-xiii","19":"tag-sport","20":"tag-tarn","21":"tag-toulouse"},"share_on_mastodon":{"url":"https:\/\/pubeurope.com\/@fr\/115676397141631131","error":""},"_links":{"self":[{"href":"https:\/\/www.europesays.com\/fr\/wp-json\/wp\/v2\/posts\/583492","targetHints":{"allow":["GET"]}}],"collection":[{"href":"https:\/\/www.europesays.com\/fr\/wp-json\/wp\/v2\/posts"}],"about":[{"href":"https:\/\/www.europesays.com\/fr\/wp-json\/wp\/v2\/types\/post"}],"author":[{"embeddable":true,"href":"https:\/\/www.europesays.com\/fr\/wp-json\/wp\/v2\/users\/2"}],"replies":[{"embeddable":true,"href":"https:\/\/www.europesays.com\/fr\/wp-json\/wp\/v2\/comments?post=583492"}],"version-history":[{"count":0,"href":"https:\/\/www.europesays.com\/fr\/wp-json\/wp\/v2\/posts\/583492\/revisions"}],"wp:featuredmedia":[{"embeddable":true,"href":"https:\/\/www.europesays.com\/fr\/wp-json\/wp\/v2\/media\/583493"}],"wp:attachment":[{"href":"https:\/\/www.europesays.com\/fr\/wp-json\/wp\/v2\/media?parent=583492"}],"wp:term":[{"taxonomy":"category","embeddable":true,"href":"https:\/\/www.europesays.com\/fr\/wp-json\/wp\/v2\/categories?post=583492"},{"taxonomy":"post_tag","embeddable":true,"href":"https:\/\/www.europesays.com\/fr\/wp-json\/wp\/v2\/tags?post=583492"}],"curies":[{"name":"wp","href":"https:\/\/api.w.org\/{rel}","templated":true}]}}