{"id":583494,"date":"2025-12-07T04:30:01","date_gmt":"2025-12-07T04:30:01","guid":{"rendered":"https:\/\/www.europesays.com\/fr\/583494\/"},"modified":"2025-12-07T04:30:01","modified_gmt":"2025-12-07T04:30:01","slug":"pour-florent-gautreau-les-marseillais-nont-pas-compris-ce-que-demandait-de-zerbi-ce-soir-daniel-salue-de-retrouver-un-lille-conquerant-05-12","status":"publish","type":"post","link":"https:\/\/www.europesays.com\/fr\/583494\/","title":{"rendered":"pour Florent Gautreau les marseillais n&rsquo;ont pas compris ce que demandait De Zerbi ce soir, Daniel salue de retrouver un Lille conqu\u00e9rant \u2013 05\/12"},"content":{"rendered":"<p>Les coulisses des RMC Sport Games avec Gilbert Brisbois, Daniel Riolo et Florent Gautreau&#8230;<\/p>\n<p>Revivez les buts de Lille-OM avec les commentaires RMC de Valentin Jamin et Jean Bommel.<\/p>\n<p>L\u2019After Foot, l&rsquo;\u00e9mission qui dit tout haut ce que le monde du foot pense tout bas, f\u00eate ses 20 ans cette saison ! A cette occasion, Gilbert Brisbois, Daniel Riolo et toute leur bande vous r\u00e9servent pleins de surprises ! Pour d\u00e9marrer la soir\u00e9e, Nicolas Jamain est aux commandes de \u00ab\u00a0G\u00e9n\u00e9ration After\u00a0\u00bb, de 20h00 \u00e0 22h00. Une \u00e9mission compos\u00e9e de chroniqueurs qui ont grandis avec l&rsquo;After : Walid Acherchour, Kevin Diaz, Jimmy Braun, Jennifer Mendelewitsch et Elton Mokolo. Le rendez-vous des passionn\u00e9s de foot avec des d\u00e9bats et des invit\u00e9s prestigieux. Les soirs de match, l&rsquo; \u00ab\u00a0After Live\u00a0\u00bb s&rsquo;installe de 20h00 \u00e0 23h00 incarn\u00e9 \u00e0 tour de r\u00f4le par Carine Galli, Nicolas Jamain et Jean-Louis Tourre. Eric Di Meco, Emmanuel Petit, J\u00e9r\u00f4me Rothen et Lionel Charbonnier viennent renforcer le dispositif les soirs de Coupes d&rsquo;Europe. En deuxi\u00e8me partie de soir\u00e9e, de 22h00 (ou d\u00e8s le coup de sifflet final du match) \u00e0 minuit, place \u00e0 la version originelle et historique de l&rsquo;After autour de Gilbert Brisbois, Daniel Riolo, Florent Gautreau et Jean-Louis Tourre du dimanche au jeudi. Carine Galli fait son retour dans l&rsquo;After et prend les commandes de l&rsquo;\u00e9mission les vendredis et samedis.<\/p>\n<p>L\u2019After Foot, l&rsquo;\u00e9mission qui dit tout haut ce que le monde du foot pense tout bas, f\u00eate ses 20 ans cette saison ! A cette occasion, Gilbert Brisbois, Daniel Riolo et toute leur bande vous r\u00e9servent pleins de surprises ! Pour d\u00e9marrer la soir\u00e9e, Nicolas Jamain est aux commandes de \u00ab\u00a0G\u00e9n\u00e9ration After\u00a0\u00bb, de 20h00 \u00e0 22h00. Une \u00e9mission compos\u00e9e de chroniqueurs qui ont grandis avec l&rsquo;After : Walid Acherchour, Kevin Diaz, Jimmy Braun, Jennifer Mendelewitsch et Elton Mokolo. Le rendez-vous des passionn\u00e9s de foot avec des d\u00e9bats et des invit\u00e9s prestigieux. Les soirs de match, l&rsquo; \u00ab\u00a0After Live\u00a0\u00bb s&rsquo;installe de 20h00 \u00e0 23h00 incarn\u00e9 \u00e0 tour de r\u00f4le par Carine Galli, Nicolas Jamain et Jean-Louis Tourre. Eric Di Meco, Emmanuel Petit, J\u00e9r\u00f4me Rothen et Lionel Charbonnier viennent renforcer le dispositif les soirs de Coupes d&rsquo;Europe. En deuxi\u00e8me partie de soir\u00e9e, de 22h00 (ou d\u00e8s le coup de sifflet final du match) \u00e0 minuit, place \u00e0 la version originelle et historique de l&rsquo;After autour de Gilbert Brisbois, Daniel Riolo, Florent Gautreau et Jean-Louis Tourre du dimanche au jeudi. Carine Galli fait son retour dans l&rsquo;After et prend les commandes de l&rsquo;\u00e9mission les vendredis et samedis.<\/p>\n<p>L\u2019After Foot, l&rsquo;\u00e9mission qui dit tout haut ce que le monde du foot pense tout bas, f\u00eate ses 20 ans cette saison ! A cette occasion, Gilbert Brisbois, Daniel Riolo et toute leur bande vous r\u00e9servent pleins de surprises ! Pour d\u00e9marrer la soir\u00e9e, Nicolas Jamain est aux commandes de \u00ab\u00a0G\u00e9n\u00e9ration After\u00a0\u00bb, de 20h00 \u00e0 22h00. Une \u00e9mission compos\u00e9e de chroniqueurs qui ont grandis avec l&rsquo;After : Walid Acherchour, Kevin Diaz, Jimmy Braun, Jennifer Mendelewitsch et Elton Mokolo. Le rendez-vous des passionn\u00e9s de foot avec des d\u00e9bats et des invit\u00e9s prestigieux. Les soirs de match, l&rsquo; \u00ab\u00a0After Live\u00a0\u00bb s&rsquo;installe de 20h00 \u00e0 23h00 incarn\u00e9 \u00e0 tour de r\u00f4le par Carine Galli, Nicolas Jamain et Jean-Louis Tourre. Eric Di Meco, Emmanuel Petit, J\u00e9r\u00f4me Rothen et Lionel Charbonnier viennent renforcer le dispositif les soirs de Coupes d&rsquo;Europe. En deuxi\u00e8me partie de soir\u00e9e, de 22h00 (ou d\u00e8s le coup de sifflet final du match) \u00e0 minuit, place \u00e0 la version originelle et historique de l&rsquo;After autour de Gilbert Brisbois, Daniel Riolo, Florent Gautreau et Jean-Louis Tourre du dimanche au jeudi. Carine Galli fait son retour dans l&rsquo;After et prend les commandes de l&rsquo;\u00e9mission les vendredis et samedis.<\/p>\n<p>L\u2019After Foot, l&rsquo;\u00e9mission qui dit tout haut ce que le monde du foot pense tout bas, f\u00eate ses 20 ans cette saison ! A cette occasion, Gilbert Brisbois, Daniel Riolo et toute leur bande vous r\u00e9servent pleins de surprises ! Pour d\u00e9marrer la soir\u00e9e, Nicolas Jamain est aux commandes de \u00ab\u00a0G\u00e9n\u00e9ration After\u00a0\u00bb, de 20h00 \u00e0 22h00. Une \u00e9mission compos\u00e9e de chroniqueurs qui ont grandis avec l&rsquo;After : Walid Acherchour, Kevin Diaz, Jimmy Braun, Jennifer Mendelewitsch et Elton Mokolo. Le rendez-vous des passionn\u00e9s de foot avec des d\u00e9bats et des invit\u00e9s prestigieux. Les soirs de match, l&rsquo; \u00ab\u00a0After Live\u00a0\u00bb s&rsquo;installe de 20h00 \u00e0 23h00 incarn\u00e9 \u00e0 tour de r\u00f4le par Carine Galli, Nicolas Jamain et Jean-Louis Tourre. Eric Di Meco, Emmanuel Petit, J\u00e9r\u00f4me Rothen et Lionel Charbonnier viennent renforcer le dispositif les soirs de Coupes d&rsquo;Europe. En deuxi\u00e8me partie de soir\u00e9e, de 22h00 (ou d\u00e8s le coup de sifflet final du match) \u00e0 minuit, place \u00e0 la version originelle et historique de l&rsquo;After autour de Gilbert Brisbois, Daniel Riolo, Florent Gautreau et Jean-Louis Tourre du dimanche au jeudi. Carine Galli fait son retour dans l&rsquo;After et prend les commandes de l&rsquo;\u00e9mission les vendredis et samedis.<\/p>\n<p>L\u2019After Foot, l&rsquo;\u00e9mission qui dit tout haut ce que le monde du foot pense tout bas, f\u00eate ses 20 ans cette saison ! A cette occasion, Gilbert Brisbois, Daniel Riolo et toute leur bande vous r\u00e9servent pleins de surprises ! Pour d\u00e9marrer la soir\u00e9e, Nicolas Jamain est aux commandes de \u00ab\u00a0G\u00e9n\u00e9ration After\u00a0\u00bb, de 20h00 \u00e0 22h00. Une \u00e9mission compos\u00e9e de chroniqueurs qui ont grandis avec l&rsquo;After : Walid Acherchour, Kevin Diaz, Jimmy Braun, Jennifer Mendelewitsch et Elton Mokolo. Le rendez-vous des passionn\u00e9s de foot avec des d\u00e9bats et des invit\u00e9s prestigieux. Les soirs de match, l&rsquo; \u00ab\u00a0After Live\u00a0\u00bb s&rsquo;installe de 20h00 \u00e0 23h00 incarn\u00e9 \u00e0 tour de r\u00f4le par Carine Galli, Nicolas Jamain et Jean-Louis Tourre. Eric Di Meco, Emmanuel Petit, J\u00e9r\u00f4me Rothen et Lionel Charbonnier viennent renforcer le dispositif les soirs de Coupes d&rsquo;Europe. En deuxi\u00e8me partie de soir\u00e9e, de 22h00 (ou d\u00e8s le coup de sifflet final du match) \u00e0 minuit, place \u00e0 la version originelle et historique de l&rsquo;After autour de Gilbert Brisbois, Daniel Riolo, Florent Gautreau et Jean-Louis Tourre du dimanche au jeudi. Carine Galli fait son retour dans l&rsquo;After et prend les commandes de l&rsquo;\u00e9mission les vendredis et samedis.<\/p>\n<p>L\u2019After Foot, l&rsquo;\u00e9mission qui dit tout haut ce que le monde du foot pense tout bas, f\u00eate ses 20 ans cette saison ! A cette occasion, Gilbert Brisbois, Daniel Riolo et toute leur bande vous r\u00e9servent pleins de surprises ! Pour d\u00e9marrer la soir\u00e9e, Nicolas Jamain est aux commandes de \u00ab\u00a0G\u00e9n\u00e9ration After\u00a0\u00bb, de 20h00 \u00e0 22h00. Une \u00e9mission compos\u00e9e de chroniqueurs qui ont grandis avec l&rsquo;After : Walid Acherchour, Kevin Diaz, Jimmy Braun, Jennifer Mendelewitsch et Elton Mokolo. Le rendez-vous des passionn\u00e9s de foot avec des d\u00e9bats et des invit\u00e9s prestigieux. Les soirs de match, l&rsquo; \u00ab\u00a0After Live\u00a0\u00bb s&rsquo;installe de 20h00 \u00e0 23h00 incarn\u00e9 \u00e0 tour de r\u00f4le par Carine Galli, Nicolas Jamain et Jean-Louis Tourre. Eric Di Meco, Emmanuel Petit, J\u00e9r\u00f4me Rothen et Lionel Charbonnier viennent renforcer le dispositif les soirs de Coupes d&rsquo;Europe. En deuxi\u00e8me partie de soir\u00e9e, de 22h00 (ou d\u00e8s le coup de sifflet final du match) \u00e0 minuit, place \u00e0 la version originelle et historique de l&rsquo;After autour de Gilbert Brisbois, Daniel Riolo, Florent Gautreau et Jean-Louis Tourre du dimanche au jeudi. Carine Galli fait son retour dans l&rsquo;After et prend les commandes de l&rsquo;\u00e9mission les vendredis et samedis.<\/p>\n<p>L\u2019After Foot, l&rsquo;\u00e9mission qui dit tout haut ce que le monde du foot pense tout bas, f\u00eate ses 20 ans cette saison ! A cette occasion, Gilbert Brisbois, Daniel Riolo et toute leur bande vous r\u00e9servent pleins de surprises ! Pour d\u00e9marrer la soir\u00e9e, Nicolas Jamain est aux commandes de \u00ab\u00a0G\u00e9n\u00e9ration After\u00a0\u00bb, de 20h00 \u00e0 22h00. Une \u00e9mission compos\u00e9e de chroniqueurs qui ont grandis avec l&rsquo;After : Walid Acherchour, Kevin Diaz, Jimmy Braun, Jennifer Mendelewitsch et Elton Mokolo. Le rendez-vous des passionn\u00e9s de foot avec des d\u00e9bats et des invit\u00e9s prestigieux. Les soirs de match, l&rsquo; \u00ab\u00a0After Live\u00a0\u00bb s&rsquo;installe de 20h00 \u00e0 23h00 incarn\u00e9 \u00e0 tour de r\u00f4le par Carine Galli, Nicolas Jamain et Jean-Louis Tourre. Eric Di Meco, Emmanuel Petit, J\u00e9r\u00f4me Rothen et Lionel Charbonnier viennent renforcer le dispositif les soirs de Coupes d&rsquo;Europe. En deuxi\u00e8me partie de soir\u00e9e, de 22h00 (ou d\u00e8s le coup de sifflet final du match) \u00e0 minuit, place \u00e0 la version originelle et historique de l&rsquo;After autour de Gilbert Brisbois, Daniel Riolo, Florent Gautreau et Jean-Louis Tourre du dimanche au jeudi. Carine Galli fait son retour dans l&rsquo;After et prend les commandes de l&rsquo;\u00e9mission les vendredis et samedis.<\/p>\n","protected":false},"excerpt":{"rendered":"Les coulisses des RMC Sport Games avec Gilbert Brisbois, Daniel Riolo et Florent Gautreau&#8230; Revivez les buts de&hellip;\n","protected":false},"author":2,"featured_media":583495,"comment_status":"","ping_status":"","sticky":false,"template":"","format":"standard","meta":{"footnotes":""},"categories":[2815],"tags":[1111,11,1777,674,1011,27,811,1307,12,25],"class_list":{"0":"post-583494","1":"post","2":"type-post","3":"status-publish","4":"format-standard","5":"has-post-thumbnail","7":"category-lille","8":"tag-actu","9":"tag-actualites","10":"tag-eu","11":"tag-europe","12":"tag-fr","13":"tag-france","14":"tag-hauts-de-france","15":"tag-lille","16":"tag-news","17":"tag-republique-francaise"},"share_on_mastodon":{"url":"","error":""},"_links":{"self":[{"href":"https:\/\/www.europesays.com\/fr\/wp-json\/wp\/v2\/posts\/583494","targetHints":{"allow":["GET"]}}],"collection":[{"href":"https:\/\/www.europesays.com\/fr\/wp-json\/wp\/v2\/posts"}],"about":[{"href":"https:\/\/www.europesays.com\/fr\/wp-json\/wp\/v2\/types\/post"}],"author":[{"embeddable":true,"href":"https:\/\/www.europesays.com\/fr\/wp-json\/wp\/v2\/users\/2"}],"replies":[{"embeddable":true,"href":"https:\/\/www.europesays.com\/fr\/wp-json\/wp\/v2\/comments?post=583494"}],"version-history":[{"count":0,"href":"https:\/\/www.europesays.com\/fr\/wp-json\/wp\/v2\/posts\/583494\/revisions"}],"wp:featuredmedia":[{"embeddable":true,"href":"https:\/\/www.europesays.com\/fr\/wp-json\/wp\/v2\/media\/583495"}],"wp:attachment":[{"href":"https:\/\/www.europesays.com\/fr\/wp-json\/wp\/v2\/media?parent=583494"}],"wp:term":[{"taxonomy":"category","embeddable":true,"href":"https:\/\/www.europesays.com\/fr\/wp-json\/wp\/v2\/categories?post=583494"},{"taxonomy":"post_tag","embeddable":true,"href":"https:\/\/www.europesays.com\/fr\/wp-json\/wp\/v2\/tags?post=583494"}],"curies":[{"name":"wp","href":"https:\/\/api.w.org\/{rel}","templated":true}]}}