{"id":583498,"date":"2025-12-07T04:33:32","date_gmt":"2025-12-07T04:33:32","guid":{"rendered":"https:\/\/www.europesays.com\/fr\/583498\/"},"modified":"2025-12-07T04:33:32","modified_gmt":"2025-12-07T04:33:32","slug":"le-catholicos-karekine-ii-en-visite-a-marseille-hommage-a-la-foi-et-a-la-culture-armeniennes","status":"publish","type":"post","link":"https:\/\/www.europesays.com\/fr\/583498\/","title":{"rendered":"Le Catholicos Kar\u00e9kine II en visite \u00e0 Marseille : hommage \u00e0 la foi et \u00e0 la culture arm\u00e9niennes"},"content":{"rendered":"<p>La ville de Marseille a accueilli, le jeudi 4 d\u00e9cembre, Sa Saintet\u00e9 Kar\u00e9kine II, Patriarche supr\u00eame et Catholicos de tous les Arm\u00e9niens, venu inaugurer le lendemain l\u2019exposition \u00ab Tr\u00e9sors arm\u00e9niens (1512-1828) \u00bb et b\u00e9nir un double khatchkar symbolisant la fraternit\u00e9 entre les traditions chr\u00e9tiennes arm\u00e9nienne et latine.<\/p>\n<p>L\u2019exposition, pr\u00e9sent\u00e9e \u00e0 la basilique Notre-Dame de la Garde, retrace plus de trois si\u00e8cles de cr\u00e9ation spirituelle et artistique arm\u00e9nienne, \u00e0 travers des manuscrits, objets liturgiques et \u0153uvres issues de collections priv\u00e9es. Cette initiative, fruit d\u2019une collaboration entre des collectionneurs et m\u00e9c\u00e8nes de la diaspora, doit beaucoup \u00e0 l\u2019engagement de Maxime Y\u00e9vadian, \u00e0 l\u2019origine du projet, et au soutien g\u00e9n\u00e9reux de Vah\u00e9 Gabrache et Roy Arak\u00e9lian.<\/p>\n<p><img loading=\"lazy\" decoding=\"async\" src=\"data:image\/svg+xml,%3Csvg%20xmlns=\" http:=\"\" alt=\"\" width=\"654\" height=\"1162\" data-lazy-src=\"https:\/\/www.europesays.com\/fr\/wp-content\/uploads\/2025\/12\/594777258_10163272576799871_7339078883118373751_n.jpeg\" data-pagespeed-url-hash=\"4152717848\" onload=\"pagespeed.CriticalImages.checkImageForCriticality(this);\"\/><\/p>\n<p><strong>Une croix de vie partag\u00e9e<\/strong><\/p>\n<p>Moment fort de la journ\u00e9e : la b\u00e9n\u00e9diction d\u2019un double khatchkar install\u00e9 \u00e0 proximit\u00e9 de la basilique. Cette \u0153uvre symbolique, repr\u00e9sentant \u00e0 la fois la Croix de vie arm\u00e9nienne et la Croix latine, incarne l\u2019unit\u00e9 spirituelle entre les \u00c9glises d\u2019Orient et d\u2019Occident. Elle t\u00e9moigne de la permanence du message chr\u00e9tien arm\u00e9nien au sein de la cit\u00e9 phoc\u00e9enne, premier port d\u2019accueil de la diaspora apr\u00e8s le g\u00e9nocide.<\/p>\n<p><img loading=\"lazy\" decoding=\"async\" class=\"alignnone wp-image-307131 \" src=\"data:image\/svg+xml,%3Csvg%20xmlns=\" http:=\"\" alt=\"\" width=\"457\" height=\"324\" data-lazy- data-lazy- data-lazy-src=\"https:\/\/www.europesays.com\/fr\/wp-content\/uploads\/2025\/12\/IMG_7432-rotated-e1765030843654-300x213.jpg\" data-pagespeed-url-hash=\"558682644\" onload=\"pagespeed.CriticalImages.checkImageForCriticality(this);\"\/><\/p>\n<p>Le Cardinal Jean-Marc Aveline, archev\u00eaque de Marseille, a particip\u00e9 \u00e0 la c\u00e9r\u00e9monie aux c\u00f4t\u00e9s de nombreux pr\u00eatres, fid\u00e8les et repr\u00e9sentants des institutions religieuses. Dans son allocution, il a salu\u00e9 \u00ab la profondeur du t\u00e9moignage arm\u00e9nien \u00bb, rappelant que Marseille, ville-monde et carrefour des peuples, \u00ab a toujours su faire sienne la m\u00e9moire et la foi des Arm\u00e9niens \u00bb. La c\u00e9r\u00e9monies s\u2019est d\u00e9roul\u00e9e en pr\u00e9sence du primat du Dioc\u00e8se arm\u00e9nien de France, Monseigneur Khatchatryan, venu sp\u00e9cialement de Paris pour b\u00e9nir le monument.<\/p>\n<p>\u00a0<\/p>\n<p><img loading=\"lazy\" decoding=\"async\" class=\"alignnone wp-image-307132 \" src=\"data:image\/svg+xml,%3Csvg%20xmlns=\" http:=\"\" alt=\"\" width=\"544\" height=\"312\" data-lazy- data-lazy- data-lazy-src=\"https:\/\/www.europesays.com\/fr\/wp-content\/uploads\/2025\/12\/IMG_7426-rotated-e1765030639347-300x172.jpg\" data-pagespeed-url-hash=\"3629300330\" onload=\"pagespeed.CriticalImages.checkImageForCriticality(this);\"\/><\/p>\n<p>\u00a0<\/p>\n<p><img loading=\"lazy\" decoding=\"async\" class=\"alignnone wp-image-307134 \" src=\"data:image\/svg+xml,%3Csvg%20xmlns=\" http:=\"\" alt=\"\" width=\"551\" height=\"307\" data-lazy- data-lazy- data-lazy-src=\"https:\/\/www.europesays.com\/fr\/wp-content\/uploads\/2025\/12\/IMG_7424-rotated-e1765030964764-300x167.jpg\" data-pagespeed-url-hash=\"3517204316\" onload=\"pagespeed.CriticalImages.checkImageForCriticality(this);\"\/><\/p>\n<p><strong>Une r\u00e9ception aux couleurs de la fraternit\u00e9 franco-arm\u00e9nienne<\/strong><\/p>\n<p>La visite du Catholicos a succ\u00e9d\u00e9 \u00e0 une r\u00e9ception organis\u00e9e la veille \u00e0 l\u2019\u00e9glise apostolique arm\u00e9nienne de Marseille, avenue du Prado, en pr\u00e9sence de nombreuses personnalit\u00e9s politiques et communautaires. Parmi elles figuraient Martine Vassal, pr\u00e9sidente du Conseil d\u00e9partemental des Bouches-du-Rh\u00f4ne, Beno\u00eet Payan, maire de Marseille, ainsi que plusieurs \u00e9lus d\u2019origine arm\u00e9nienne, dont Garo Hovsepian, Aurore Bruna, Azad-Balasse Kazandjian et Yannick Ohanessian. Le copr\u00e9sident du CCAF, Ara Toranian, a \u00e9galement pris part \u00e0 cet \u00e9v\u00e9nement plac\u00e9 sous le signe du partage et de la reconnaissance.<\/p>\n<p><img loading=\"lazy\" decoding=\"async\" class=\"alignnone wp-image-307138 \" src=\"data:image\/svg+xml,%3Csvg%20xmlns=\" http:=\"\" alt=\"\" width=\"576\" height=\"384\" data-lazy- data-lazy- data-lazy-src=\"https:\/\/www.europesays.com\/fr\/wp-content\/uploads\/2025\/12\/IMG_7415-rotated-e1765031022280-300x200.jpg\" data-pagespeed-url-hash=\"3235123076\" onload=\"pagespeed.CriticalImages.checkImageForCriticality(this);\"\/><\/p>\n<p>Dans son discours, Sa Saintet\u00e9 Kar\u00e9kine II a remerci\u00e9 les autorit\u00e9s fran\u00e7aises et les repr\u00e9sentants de la communaut\u00e9 arm\u00e9nienne pour leur fid\u00e9lit\u00e9 et leur engagement. \u00ab L\u2019Arm\u00e9nie regarde Marseille avec gratitude \u00bb, a-t-il d\u00e9clar\u00e9, \u00ab car ici, les Arm\u00e9niens ont su unir leur foi \u00e0 celle de leurs fr\u00e8res fran\u00e7ais, transformant la m\u00e9moire en avenir commun. \u00bb<\/p>\n<p><strong>Un succ\u00e8s personnel<\/strong><\/p>\n<p>Cette visite du Catholicos, la premi\u00e8re \u00e0 Marseille depuis plusieurs ann\u00e9es, s\u2019inscrit dans un contexte de red\u00e9couverte et de valorisation du patrimoine arm\u00e9nien en France. Entre foi, m\u00e9moire et culture, elle a rappel\u00e9 la vitalit\u00e9 du message arm\u00e9nien et la profondeur du lien unissant la diaspora \u00e0 sa terre d\u2019origine.<\/p>\n<p>Au-del\u00e0 de son importance culturelle et spirituelle, cette visite marseillaise a constitu\u00e9 un v\u00e9ritable succ\u00e8s personnel pour le Catholicos Kar\u00e9kine II, dans un contexte o\u00f9 l\u2019\u00c9glise apostolique arm\u00e9nienne traverse une p\u00e9riode de fortes pressions en Arm\u00e9nie m\u00eame. La chaleur de l\u2019accueil, l\u2019affluence des fid\u00e8les, et la pr\u00e9sence appuy\u00e9e des autorit\u00e9s politiques civiles et religieuses fran\u00e7aises ont offert \u00e0 Sa Saintet\u00e9 un espace de reconnaissance et de solidarit\u00e9, contrastant avec les campagnes de d\u00e9nigrement et les tentatives de marginalisation dont l\u2019\u00c9glise fait l\u2019objet dans son propre pays. Cette visite r\u00e9ussie a d\u00e9montr\u00e9 que, malgr\u00e9 les difficult\u00e9s actuelles, l\u2019\u00c9glise arm\u00e9nienne conserve une l\u00e9gitimit\u00e9 morale essentielle et une capacit\u00e9 intacte \u00e0 rassembler l\u2019ensemble de la nation arm\u00e9nienne autour de son patrimoine spirituel et de son r\u00f4le historique.<\/p>\n<p>\u00a0<\/p>\n<p><img loading=\"lazy\" decoding=\"async\" src=\"data:image\/svg+xml,%3Csvg%20xmlns=\" http:=\"\" alt=\"\" width=\"1012\" height=\"1009\" data-lazy-src=\"https:\/\/www.europesays.com\/fr\/wp-content\/uploads\/2025\/12\/595584657_10163272516669871_8047357653109586360_n.jpeg\" data-pagespeed-url-hash=\"3960752907\" onload=\"pagespeed.CriticalImages.checkImageForCriticality(this);\"\/><\/p>\n<p>\u00a0<\/p>\n<p>\u00a0<\/p>\n<p><img loading=\"lazy\" decoding=\"async\" class=\"wp-image-307133 alignleft\" src=\"data:image\/svg+xml,%3Csvg%20xmlns=\" http:=\"\" alt=\"\" width=\"752\" height=\"634\" data-lazy- data-lazy- data-lazy-src=\"https:\/\/www.europesays.com\/fr\/wp-content\/uploads\/2025\/12\/IMG_7425-rotated-e1765030435593-300x253.jpg\" data-pagespeed-url-hash=\"2267646264\" onload=\"pagespeed.CriticalImages.checkImageForCriticality(this);\"\/><\/p>\n<p>\u00a0<\/p>\n<p><img loading=\"lazy\" decoding=\"async\" class=\"alignnone wp-image-307135\" src=\"data:image\/svg+xml,%3Csvg%20xmlns=\" http:=\"\" alt=\"\" width=\"735\" height=\"639\" data-lazy- data-lazy- data-lazy-src=\"https:\/\/www.europesays.com\/fr\/wp-content\/uploads\/2025\/12\/IMG_7428-rotated-e1765030187647-300x261.jpg\" data-pagespeed-url-hash=\"344325602\" onload=\"pagespeed.CriticalImages.checkImageForCriticality(this);\"\/><\/p>\n<p>\u00a0<\/p>\n<p><img loading=\"lazy\" decoding=\"async\" src=\"data:image\/svg+xml,%3Csvg%20xmlns=\" http:=\"\" alt=\"\" width=\"837\" height=\"628\" data-lazy-src=\"https:\/\/www.europesays.com\/fr\/wp-content\/uploads\/2025\/12\/IMG_7416.jpg\" data-pagespeed-url-hash=\"3968891833\" onload=\"pagespeed.CriticalImages.checkImageForCriticality(this);\"\/><\/p>\n","protected":false},"excerpt":{"rendered":"La ville de Marseille a accueilli, le jeudi 4 d\u00e9cembre, Sa Saintet\u00e9 Kar\u00e9kine II, Patriarche supr\u00eame et Catholicos&hellip;\n","protected":false},"author":2,"featured_media":583499,"comment_status":"","ping_status":"","sticky":false,"template":"","format":"standard","meta":{"footnotes":""},"categories":[2814],"tags":[38404,4865,1111,11,1777,674,1011,27,884,12,882,4020,25],"class_list":{"0":"post-583498","1":"post","2":"type-post","3":"status-publish","4":"format-standard","5":"has-post-thumbnail","7":"category-marseille","8":"tag-01-la-une","9":"tag-06-une-de-rubrique","10":"tag-actu","11":"tag-actualites","12":"tag-eu","13":"tag-europe","14":"tag-fr","15":"tag-france","16":"tag-marseille","17":"tag-news","18":"tag-provence-alpes-cote-dazur","19":"tag-religion","20":"tag-republique-francaise"},"share_on_mastodon":{"url":"https:\/\/pubeurope.com\/@fr\/115676420804263882","error":""},"_links":{"self":[{"href":"https:\/\/www.europesays.com\/fr\/wp-json\/wp\/v2\/posts\/583498","targetHints":{"allow":["GET"]}}],"collection":[{"href":"https:\/\/www.europesays.com\/fr\/wp-json\/wp\/v2\/posts"}],"about":[{"href":"https:\/\/www.europesays.com\/fr\/wp-json\/wp\/v2\/types\/post"}],"author":[{"embeddable":true,"href":"https:\/\/www.europesays.com\/fr\/wp-json\/wp\/v2\/users\/2"}],"replies":[{"embeddable":true,"href":"https:\/\/www.europesays.com\/fr\/wp-json\/wp\/v2\/comments?post=583498"}],"version-history":[{"count":0,"href":"https:\/\/www.europesays.com\/fr\/wp-json\/wp\/v2\/posts\/583498\/revisions"}],"wp:featuredmedia":[{"embeddable":true,"href":"https:\/\/www.europesays.com\/fr\/wp-json\/wp\/v2\/media\/583499"}],"wp:attachment":[{"href":"https:\/\/www.europesays.com\/fr\/wp-json\/wp\/v2\/media?parent=583498"}],"wp:term":[{"taxonomy":"category","embeddable":true,"href":"https:\/\/www.europesays.com\/fr\/wp-json\/wp\/v2\/categories?post=583498"},{"taxonomy":"post_tag","embeddable":true,"href":"https:\/\/www.europesays.com\/fr\/wp-json\/wp\/v2\/tags?post=583498"}],"curies":[{"name":"wp","href":"https:\/\/api.w.org\/{rel}","templated":true}]}}