{"id":58350,"date":"2025-04-28T04:07:12","date_gmt":"2025-04-28T04:07:12","guid":{"rendered":"https:\/\/www.europesays.com\/fr\/58350\/"},"modified":"2025-04-28T04:07:12","modified_gmt":"2025-04-28T04:07:12","slug":"voyez-vous-lewis-hamilton-remporter-un-grand-prix-de-f1-en-2025","status":"publish","type":"post","link":"https:\/\/www.europesays.com\/fr\/58350\/","title":{"rendered":"Voyez-vous Lewis Hamilton remporter un Grand Prix de F1 en 2025 ?"},"content":{"rendered":"<p>Lewis Hamilton a bien remport\u00e9 une victoire en 2025 lors de la course sprint du Grand Prix de Chine, mais celle-ci n\u2019est pas comptabilis\u00e9e dans son total officiel de 105 succ\u00e8s en Grand Prix.<\/p>\n<p>Depuis Shanghai, le septuple champion du monde traverse une p\u00e9riode difficile, incapable d\u2019expliquer la chute de performances de sa Ferrari lors des derni\u00e8res manches. Hamilton a connu une course difficile lors de sa derni\u00e8re sortie en Arabie saoudite, o\u00f9 il a franchi la ligne d\u2019arriv\u00e9e en septi\u00e8me position, avec pr\u00e8s de 40 secondes de retard sur le vainqueur Oscar Piastri. Le pilote de 40 ans a admis apr\u00e8s la course que la \u00ab douleur \u00bb qu\u2019il a endur\u00e9e pourrait durer toute la saison \u00e0 venir.<\/p>\n<p>Son patron, Fred Vasseur, lui a pourtant r\u00e9affirm\u00e9 son soutien \u201c\u00e0 2000 %\u201d.<\/p>\n<p>La question reste ouverte : pensez-vous que Hamilton parviendra \u00e0 d\u00e9crocher une victoire cette saison ?<\/p>\n<p>Loading\u2026<\/p>\n","protected":false},"excerpt":{"rendered":"Lewis Hamilton a bien remport\u00e9 une victoire en 2025 lors de la course sprint du Grand Prix de&hellip;\n","protected":false},"author":2,"featured_media":58351,"comment_status":"","ping_status":"","sticky":false,"template":"","format":"standard","meta":{"footnotes":""},"categories":[1412],"tags":[5080,5081,1451,5083,5084,5085,5086,5087,2251,5088,1452,1453,1454,1455,1011,27,1975,5089,5090,60,5091,3030],"class_list":{"0":"post-58350","1":"post","2":"type-post","3":"status-publish","4":"format-standard","5":"has-post-thumbnail","7":"category-f1","8":"tag-actualites-f1","9":"tag-actuf1","10":"tag-f1","11":"tag-f1-actu","12":"tag-f1-direct","13":"tag-f1-live","14":"tag-f1-news","15":"tag-f1news","16":"tag-ferrari","17":"tag-fia","18":"tag-formula-1","19":"tag-formula1","20":"tag-formule-1","21":"tag-formule1","22":"tag-fr","23":"tag-france","24":"tag-lewis-hamilton","25":"tag-news-f1","26":"tag-newsf1","27":"tag-sports","28":"tag-tip","29":"tag-top"},"share_on_mastodon":{"url":"https:\/\/pubeurope.com\/@fr\/114413623589496452","error":""},"_links":{"self":[{"href":"https:\/\/www.europesays.com\/fr\/wp-json\/wp\/v2\/posts\/58350","targetHints":{"allow":["GET"]}}],"collection":[{"href":"https:\/\/www.europesays.com\/fr\/wp-json\/wp\/v2\/posts"}],"about":[{"href":"https:\/\/www.europesays.com\/fr\/wp-json\/wp\/v2\/types\/post"}],"author":[{"embeddable":true,"href":"https:\/\/www.europesays.com\/fr\/wp-json\/wp\/v2\/users\/2"}],"replies":[{"embeddable":true,"href":"https:\/\/www.europesays.com\/fr\/wp-json\/wp\/v2\/comments?post=58350"}],"version-history":[{"count":0,"href":"https:\/\/www.europesays.com\/fr\/wp-json\/wp\/v2\/posts\/58350\/revisions"}],"wp:featuredmedia":[{"embeddable":true,"href":"https:\/\/www.europesays.com\/fr\/wp-json\/wp\/v2\/media\/58351"}],"wp:attachment":[{"href":"https:\/\/www.europesays.com\/fr\/wp-json\/wp\/v2\/media?parent=58350"}],"wp:term":[{"taxonomy":"category","embeddable":true,"href":"https:\/\/www.europesays.com\/fr\/wp-json\/wp\/v2\/categories?post=58350"},{"taxonomy":"post_tag","embeddable":true,"href":"https:\/\/www.europesays.com\/fr\/wp-json\/wp\/v2\/tags?post=58350"}],"curies":[{"name":"wp","href":"https:\/\/api.w.org\/{rel}","templated":true}]}}