{"id":583500,"date":"2025-12-07T04:34:13","date_gmt":"2025-12-07T04:34:13","guid":{"rendered":"https:\/\/www.europesays.com\/fr\/583500\/"},"modified":"2025-12-07T04:34:13","modified_gmt":"2025-12-07T04:34:13","slug":"les-deux-premiers-lots-du-futur-quartier-du-vallon-officiellement-attribues","status":"publish","type":"post","link":"https:\/\/www.europesays.com\/fr\/583500\/","title":{"rendered":"les deux premiers lots du futur quartier du Vallon officiellement attribu\u00e9s"},"content":{"rendered":"<p>Les Hospices Civils de Lyon, en partenariat avec la M\u00e9tropole de Lyon et la mairie, ont annonc\u00e9 l\u2019attribution des deux premiers lots E2 et E5 de la ZAC du Vallon, c\u0153ur du futur quartier en construction au pied de la station de m\u00e9tro B inaugur\u00e9e en 2023.<\/p>\n<p>Pens\u00e9 comme un nouveau quartier mixte m\u00ealant logements, services et activit\u00e9s en lien avec l\u2019H\u00f4pital Lyon Sud, le Vallon doit monter en puissance jusqu\u2019en 2040.<\/p>\n<p>Les deux premiers lots, situ\u00e9s en fa\u00e7ade directe du m\u00e9tro et du p\u00f4le d\u2019\u00e9changes multimodal, concentreront environ 17 300 m2 de surfaces programm\u00e9es. Ils seront r\u00e9alis\u00e9s par le groupement Youse \/ Legendre Immobilier associ\u00e9 aux agences Wyswyg, Kardham et Anne Gardoni, retenu \u00e0 l\u2019issue d\u2019une consultation pilot\u00e9e par les HCL.<\/p>\n<p>Le lot E5 accueillera un ensemble de b\u00e2timents en \u00e9querre (R+3 \u00e0 R+6) organis\u00e9s autour d\u2019un c\u0153ur d\u2019\u00eelot largement v\u00e9g\u00e9talis\u00e9. Deux r\u00e9sidences \u00e9tudiantes, soit 230 chambres dont 30% de logements sociaux, donneront directement sur l\u2019esplanade de la station. Un jardin partag\u00e9, des terrasses communes et des rez-de-chauss\u00e9e anim\u00e9s renforceront l\u2019int\u00e9gration urbaine du secteur.<\/p>\n<p>Le lot E2, plus compact (R+5), adoptera les m\u00eames codes architecturaux, notamment des fa\u00e7ades en pierre sur rue et en bois c\u00f4t\u00e9 \u00eelot, ainsi que des toitures v\u00e9g\u00e9talis\u00e9es accueillant des panneaux photovolta\u00efques.<\/p>\n<p>L\u2019ensemble regroupe un hub tertiaire de 7 \u00e0 8000 m2, d\u00e9di\u00e9 en priorit\u00e9 aux activit\u00e9s de sant\u00e9 et comprenant 2100 m2 pour les HCL, un h\u00f4tel hospitalier d\u2019une trentaine de chambres destin\u00e9 \u00e0 accueillir patients et familles, une cr\u00e8che de 100 berceaux, dont 72 r\u00e9serv\u00e9s au personnel hospitalier, g\u00e9r\u00e9e par La Maison Bleue et 1000 m2 de commerces, incluant brasserie, magasin alimentaire et pharmacie.<\/p>\n<p>Les travaux, estim\u00e9s \u00e0 32 millions d\u2019euros, doivent d\u00e9buter en 2027 pour une livraison en 2029. L\u2019op\u00e9ration s\u2019inscrit dans la strat\u00e9gie de modernisation de l\u2019H\u00f4pital Lyon Sud, qui b\u00e9n\u00e9ficiera d\u2019une nouvelle fa\u00e7ade urbaine apais\u00e9e et fonctionnelle.<\/p>\n<p>La ZAC du Vallon pr\u00e9voit \u00e0 terme 12350 logements, un parc central de 13 hectares, une \u00e9cole, un gymnase et divers \u00e9quipements publics.<\/p>\n","protected":false},"excerpt":{"rendered":"Les Hospices Civils de Lyon, en partenariat avec la M\u00e9tropole de Lyon et la mairie, ont annonc\u00e9 l\u2019attribution&hellip;\n","protected":false},"author":2,"featured_media":583501,"comment_status":"","ping_status":"","sticky":false,"template":"","format":"standard","meta":{"footnotes":""},"categories":[1889],"tags":[1111,11,2813,2190,2430,1109,251,1112,2811,1777,674,118,1011,27,1922,1110,1114,2428,2810,12,241,316,25,2812,517,800],"class_list":{"0":"post-583500","1":"post","2":"type-post","3":"status-publish","4":"format-standard","5":"has-post-thumbnail","7":"category-lyon","8":"tag-actu","9":"tag-actualites","10":"tag-article","11":"tag-asvel","12":"tag-auvergne-rhone-alpes","13":"tag-breves","14":"tag-culture","15":"tag-depeches","16":"tag-economique","17":"tag-eu","18":"tag-europe","19":"tag-faits-divers","20":"tag-fr","21":"tag-france","22":"tag-info","23":"tag-informations","24":"tag-infos","25":"tag-lyon","26":"tag-lyonmag","27":"tag-news","28":"tag-ol","29":"tag-politique","30":"tag-republique-francaise","31":"tag-sociale","32":"tag-sport","33":"tag-transports"},"share_on_mastodon":{"url":"https:\/\/pubeurope.com\/@fr\/115676424797626840","error":""},"_links":{"self":[{"href":"https:\/\/www.europesays.com\/fr\/wp-json\/wp\/v2\/posts\/583500","targetHints":{"allow":["GET"]}}],"collection":[{"href":"https:\/\/www.europesays.com\/fr\/wp-json\/wp\/v2\/posts"}],"about":[{"href":"https:\/\/www.europesays.com\/fr\/wp-json\/wp\/v2\/types\/post"}],"author":[{"embeddable":true,"href":"https:\/\/www.europesays.com\/fr\/wp-json\/wp\/v2\/users\/2"}],"replies":[{"embeddable":true,"href":"https:\/\/www.europesays.com\/fr\/wp-json\/wp\/v2\/comments?post=583500"}],"version-history":[{"count":0,"href":"https:\/\/www.europesays.com\/fr\/wp-json\/wp\/v2\/posts\/583500\/revisions"}],"wp:featuredmedia":[{"embeddable":true,"href":"https:\/\/www.europesays.com\/fr\/wp-json\/wp\/v2\/media\/583501"}],"wp:attachment":[{"href":"https:\/\/www.europesays.com\/fr\/wp-json\/wp\/v2\/media?parent=583500"}],"wp:term":[{"taxonomy":"category","embeddable":true,"href":"https:\/\/www.europesays.com\/fr\/wp-json\/wp\/v2\/categories?post=583500"},{"taxonomy":"post_tag","embeddable":true,"href":"https:\/\/www.europesays.com\/fr\/wp-json\/wp\/v2\/tags?post=583500"}],"curies":[{"name":"wp","href":"https:\/\/api.w.org\/{rel}","templated":true}]}}