{"id":583519,"date":"2025-12-07T04:45:45","date_gmt":"2025-12-07T04:45:45","guid":{"rendered":"https:\/\/www.europesays.com\/fr\/583519\/"},"modified":"2025-12-07T04:45:45","modified_gmt":"2025-12-07T04:45:45","slug":"royaume-uni-des-militants-jettent-de-la-creme-anglaise-et-du-crumble-sur-la-vitrine-des-joyaux-de-la-couronne","status":"publish","type":"post","link":"https:\/\/www.europesays.com\/fr\/583519\/","title":{"rendered":"Royaume-Uni. Des militants jettent de la cr\u00e8me anglaise et du crumble sur la vitrine des joyaux de la Couronne"},"content":{"rendered":"<p>Quatre personnes ont \u00e9t\u00e9 arr\u00eat\u00e9es ce samedi apr\u00e8s un jet de nourriture sur la vitrine prot\u00e9geant les bijoux de la Couronne britannique \u00e0 <a href=\"https:\/\/www.ledauphine.com\/insolite\/2024\/08\/18\/le-maitre-des-corbeaux-de-la-tour-de-londres-garant-de-la-survie-du-royaume\" target=\"_blank\" rel=\"noopener\">la Tour de Londres<\/a>. Le groupe Take Back Power, peu connu du public, a publi\u00e9 une vid\u00e9o de l&rsquo;action sur X, indiquant que ses militants avaient lanc\u00e9 de la cr\u00e8me anglaise et du crumble aux pommes sur la vitrine.<\/p>\n<p>Celle-ci prot\u00e8ge la couronne imp\u00e9riale d&rsquo;apparat, le plus c\u00e9l\u00e8bre des joyaux de la Couronne britannique, sertie de milliers de pierres pr\u00e9cieuses, en hermine et velours pourpre. Le monarque r\u00e9serve son port aux occasions exceptionnelles.<br \/>La police a \u00e9t\u00e9 appel\u00e9e sur place peu avant 10 heures locales, et \u00ab deux personnes avaient quitt\u00e9 les lieux \u00bb apr\u00e8s l&rsquo;action. Mais quatre personnes ont finalement \u00e9t\u00e9 arr\u00eat\u00e9es et plac\u00e9es en garde \u00e0 vue, a-t-elle indiqu\u00e9.<\/p>\n<p>Ce contenu est bloqu\u00e9 car vous n&rsquo;avez pas accept\u00e9 les cookies et autres traceurs.<\/p>\n<p>En cliquant sur \u00ab J\u2019accepte \u00bb, les cookies et autres traceurs seront d\u00e9pos\u00e9s et vous pourrez visualiser les contenus  (<a href=\"\" class=\"consentModule_policy\" target=\"_blank\" title=\"Consulter la politique de protection des donn\u00e9es du fournisseur\">plus d&rsquo;informations<\/a>).<\/p>\n<p>En cliquant sur \u00ab J\u2019accepte tous les cookies \u00bb, vous autorisez des d\u00e9p\u00f4ts de cookies et autres traceurs pour le stockage de vos donn\u00e9es sur nos sites et applications \u00e0 des fins de personnalisation et de ciblage publicitaire.<\/p>\n<p class=\"consentModule_secondaryText\">Vous gardez la possibilit\u00e9 de retirer votre consentement \u00e0 tout moment en consultant notre <a href=\"https:\/\/www.ledauphine.com\/protection-des-donnees\" target=\"_blank\" title=\"Consulter notre politique de protection des donn\u00e9es\" rel=\"noopener\">politique de protection des donn\u00e9es<\/a>. <br \/>&#13;<br \/>\n            <a href=\"https:\/\/www.ledauphine.com\/faits-divers-justice\/2025\/12\/06\/javascript:Didomi.notice.show()\" class=\"consentModule_cmp\" target=\"_blank\" rel=\"noopener\">G\u00e9rer mes choix<\/a>&#13;\n        <\/p>\n<p>&#13;<br \/>\n                        J&rsquo;accepte&#13;<br \/>\n            J&rsquo;accepte tous les cookies&#13;\n        <\/p>\n<p>  Des m\u00e9thodes d&rsquo;actions d\u00e9j\u00e0 connues<\/p>\n<p>La vid\u00e9o de Take Back Power, qui se pr\u00e9sente comme un groupe de d\u00e9sob\u00e9issance civile non-violent, montre une militante sortir une barquette contenant du crumble de son sac et l&rsquo;\u00e9craser sur la vitrine de la couronne, tandis qu&rsquo;un autre vide le contenu d&rsquo;un r\u00e9cipient contenant la cr\u00e8me anglaise. V\u00eatus de tee-shirts au nom du groupe, ils ont d\u00e9clar\u00e9 que \u00ab la d\u00e9mocratie s&rsquo;\u00e9tait effondr\u00e9e \u00bb, et ont dit \u00eatre venus pour \u00ab reprendre le pouvoir \u00bb. Ils r\u00e9clament, entre autres, l&rsquo;instauration d&rsquo;une Assembl\u00e9e citoyenne qui pourrait \u00ab taxer les grandes fortunes et r\u00e9parer la Grande-Bretagne \u00bb. Ces m\u00e9thodes d&rsquo;actions rappellent <a href=\"https:\/\/www.ledauphine.com\/environnement\/2022\/10\/25\/actions-radicales-des-militants-caricature-imbecile-ou-passage-oblige-pour-brusquer-les-consciences\" target=\"_blank\" rel=\"noopener\">celles d&rsquo;organisations comme Just Stop Oil<\/a>, dont les militants avaient notamment asperg\u00e9 de soupe les \u00ab Tournesols \u00bb de Van Gogh \u00e0 la National Gallery. Ce groupe \u00e9cologiste a mis fin \u00e0 ses op\u00e9rations chocs en mars.<\/p>\n","protected":false},"excerpt":{"rendered":"Quatre personnes ont \u00e9t\u00e9 arr\u00eat\u00e9es ce samedi apr\u00e8s un jet de nourriture sur la vitrine prot\u00e9geant les bijoux&hellip;\n","protected":false},"author":2,"featured_media":583520,"comment_status":"","ping_status":"","sticky":false,"template":"","format":"standard","meta":{"footnotes":""},"categories":[1588],"tags":[11,1687,1777,674,274,107,329,12,316,473,1853,1851,1850,1852],"class_list":{"0":"post-583519","1":"post","2":"type-post","3":"status-publish","4":"format-standard","5":"has-post-thumbnail","7":"category-royaume-uni","8":"tag-actualites","9":"tag-culture-loisirs","10":"tag-eu","11":"tag-europe","12":"tag-faits-divers-justice","13":"tag-fil-info","14":"tag-france-monde","15":"tag-news","16":"tag-politique","17":"tag-royaume-uni","18":"tag-royaume-uni-de-grande-bretagne-et-dirlande-du-nord","19":"tag-uk","20":"tag-united-kingdom","21":"tag-united-kingdom-of-great-britain-and-northern-ireland"},"share_on_mastodon":{"url":"https:\/\/pubeurope.com\/@fr\/115676468100634984","error":""},"_links":{"self":[{"href":"https:\/\/www.europesays.com\/fr\/wp-json\/wp\/v2\/posts\/583519","targetHints":{"allow":["GET"]}}],"collection":[{"href":"https:\/\/www.europesays.com\/fr\/wp-json\/wp\/v2\/posts"}],"about":[{"href":"https:\/\/www.europesays.com\/fr\/wp-json\/wp\/v2\/types\/post"}],"author":[{"embeddable":true,"href":"https:\/\/www.europesays.com\/fr\/wp-json\/wp\/v2\/users\/2"}],"replies":[{"embeddable":true,"href":"https:\/\/www.europesays.com\/fr\/wp-json\/wp\/v2\/comments?post=583519"}],"version-history":[{"count":0,"href":"https:\/\/www.europesays.com\/fr\/wp-json\/wp\/v2\/posts\/583519\/revisions"}],"wp:featuredmedia":[{"embeddable":true,"href":"https:\/\/www.europesays.com\/fr\/wp-json\/wp\/v2\/media\/583520"}],"wp:attachment":[{"href":"https:\/\/www.europesays.com\/fr\/wp-json\/wp\/v2\/media?parent=583519"}],"wp:term":[{"taxonomy":"category","embeddable":true,"href":"https:\/\/www.europesays.com\/fr\/wp-json\/wp\/v2\/categories?post=583519"},{"taxonomy":"post_tag","embeddable":true,"href":"https:\/\/www.europesays.com\/fr\/wp-json\/wp\/v2\/tags?post=583519"}],"curies":[{"name":"wp","href":"https:\/\/api.w.org\/{rel}","templated":true}]}}