{"id":583521,"date":"2025-12-07T04:46:37","date_gmt":"2025-12-07T04:46:37","guid":{"rendered":"https:\/\/www.europesays.com\/fr\/583521\/"},"modified":"2025-12-07T04:46:37","modified_gmt":"2025-12-07T04:46:37","slug":"un-potentiel-france-allemagne-en-8e-et-un-remake-contre-largentine-en-finale-revivez-le-tirage-au-sort","status":"publish","type":"post","link":"https:\/\/www.europesays.com\/fr\/583521\/","title":{"rendered":"un potentiel France-Allemagne en 8e et &#8230; un remake contre l\u2019Argentine en finale ? Revivez le tirage au sort"},"content":{"rendered":"<p>                        Vendredi 5 d\u00e9cembre<\/p>\n<p>\n        21:19\n            <\/p>\n<p class=\"fig-live-post__title\" role=\"heading\" aria-level=\"3\">Fin de ce live !<\/p>\n<p class=\"fig-paragraph\">Merci \u00e0 toutes et \u00e0 tous d\u2019avoir suivi le tirage au sort de la Coupe du monde 2026 en notre compagnie. Bonne soir\u00e9e sur notre site du Figaro.<\/p>\n<p class=\"fig-body-link\">\n            \u00c0 lire aussi<br \/>\n        <a class=\"fig-body-link__link\" href=\"http:\/\/www.lefigaro.fr\/sports\/football\/coupe-du-monde\/coupe-du-monde-2026-les-bleus-de-deschamps-sont-fixes-sur-leurs-adversaires-du-premier-tour-20251205\" data-fig-type=\"NewsFlash\" data-gtm-custom-categorie=\"navigation\" data-gtm-custom-action=\"crossclick\" data-gtm-custom-label=\"Contextuel\" data-gtm-event=\"customEventSPE\" data-fig-domain=\"LEFIGARO\" target=\"_blank\" rel=\"noopener\"><\/p>\n<p>        Coupe du monde 2026\u00a0: les Bleus de Deschamps sont fix\u00e9s &#8230; et pas forc\u00e9ment vernis au premier tour<br \/>\n    <\/a>\n<\/p>\n<p>\n        21:11\n            <\/p>\n<p class=\"fig-live-post__title\" role=\"heading\" aria-level=\"3\">Le rappel du tirage au sort de la Coupe du monde 2026<\/p>\n<p>\n        21:03\n            <\/p>\n<p class=\"fig-live-post__title\" role=\"heading\" aria-level=\"3\">Br\u00e9sil-Maroc, Angleterre-Croatie, Portugal-Colombie&#8230; Les autres grosses affiches du premier tour<\/p>\n<p class=\"fig-paragraph\">Plusieurs chocs all\u00e9chants au menu, \u00e0 commencer par Br\u00e9sil-Maroc dans la poule C, Angleterre-Croatie, dans le groupe L, Portugal-Colombie dans la poule K, Argentine-Alg\u00e9rie (groupe J), Espagne-Uruguay (groupe H) ou encore Allemagne-\u00c9quateur dans le groupe E.<\/p>\n<p class=\"fig-body-link\">\n            \u00c0 lire aussi<br \/>\n        <a class=\"fig-body-link__link\" href=\"http:\/\/www.lefigaro.fr\/sports\/football\/coupe-du-monde\/coupe-du-monde-2026-chocs-bresil-maroc-et-angleterre-croatie-du-lourd-pour-les-bleus-le-tirage-complet-20251205\" data-fig-type=\"NewsFlash\" data-gtm-custom-categorie=\"navigation\" data-gtm-custom-action=\"crossclick\" data-gtm-custom-label=\"Contextuel\" data-gtm-event=\"customEventSPE\" data-fig-domain=\"LEFIGARO\" target=\"_blank\" rel=\"noopener\"><\/p>\n<p>        Coupe du monde 2026\u00a0: chocs Br\u00e9sil-Maroc et Angleterre-Croatie, du lourd pour les Bleus\u2026 Le tirage complet<br \/>\n    <\/a>\n<\/p>\n<p class=\"fig-paragraph\">Notez que le match d\u2019ouverture opposera le Mexique et l\u2019Afrique du Sud, le 11 juin 2026, stade Azteca de Mexico. La m\u00eame affiche qu\u2019en 2010.<\/p>\n<p>\n        20:57\n            <\/p>\n<p class=\"fig-live-post__title\" role=\"heading\" aria-level=\"3\">France-S\u00e9n\u00e9gal, \u00abun match particulier\u00bb pour l\u2019international s\u00e9n\u00e9galais Pape Gueye<\/p>\n<p class=\"fig-paragraph\">Le joueur de Villarreal, pass\u00e9 par Le Havre et l\u2019Olympique de Marseille, a r\u00e9agi au tirage au sort sur les antennes de RMC, qui cite ses propos\u00a0: \u00abC\u2019est un match particulier. \u00catre qualifi\u00e9 pour la Coupe du monde on s\u2019y attendait mais on ne savait pas qu\u2019on tomberait contre la France. C\u2019est une fiert\u00e9 pour moi personnellement. Je suis n\u00e9 en France. Il y a aussi une histoire en 2002. On va bien se pr\u00e9parer. 2002\u00a0? C\u2019\u00e9tait un grand match (victoire 0-1 du S\u00e9n\u00e9gal qui a pr\u00e9cipit\u00e9 l\u2019\u00e9limination des Bleus). On \u00e9tait jeune mais \u00e7a a beaucoup compt\u00e9 pour le pays.\u00bb<\/p>\n<p>\n        20:38\n            <\/p>\n<p class=\"fig-live-post__title\" role=\"heading\" aria-level=\"3\">Un choc France-Allemagne d\u00e8s les huiti\u00e8mes de finale&#8230; et une finale \u00e0 New York face \u00e0 l\u2019Argentine ?<\/p>\n<p class=\"fig-paragraph\">Le tirage au sort donne un aper\u00e7u du tableau final que pourrait r\u00e9server la Coupe du monde 2026. S\u2019ils assument leur statut de favori dans le groupe I, les Bleus affronteraient un troisi\u00e8me de groupe (CDFGH) en 16e de finale. Avant, possiblement, de retrouver l\u2019Allemagne d\u00e8s les huiti\u00e8mes de finale \u00e0 Philadelphie. \u00c0 condition que la Mannschaft termine elle aussi en t\u00eate de son groupe E compos\u00e9 de l\u2019\u00c9quateur, de la C\u00f4te d\u2019Ivoire et de Cura\u00e7ao.<\/p>\n<p class=\"fig-paragraph\">La suite \u00e9ventuelle\u00a0? En quart de finale th\u00e9orique, l\u2019\u00e9quipe de France affronterait le Br\u00e9sil (groupe C), les Pays-Bas (groupe F) ou le Maroc (groupe C) \u00e0 Boston. Puis, \u00e9ventuellement, d\u00e9fierait l\u2019Espagne (groupe H) en demi-finale, \u00e0 Dallas, pour la revanche du dernier Euro. Et ce parcours de r\u00eave se terminerait avec une finale, \u00e0 New York, face \u00e0 l\u2019Angleterre (groupe L), le Portugal (groupe K) ou&#8230; l\u2019Argentine (groupe J). Imaginez un peu.<\/p>\n<p>\n        20:32\n            <\/p>\n<p class=\"fig-live-post__title\" role=\"heading\" aria-level=\"3\">Les douze groupes de la Coupe du monde 2026<\/p>\n<p>\n        20:30\n            <\/p>\n<p class=\"fig-live-post__title\" role=\"heading\" aria-level=\"3\">\u00abIl faudra se battre\u00bb dans \u00abun groupe relev\u00e9\u00bb, d\u00e9clare Adrien Rabiot<\/p>\n<p class=\"fig-paragraph\">\u00abC\u2019est un groupe assez relev\u00e9 mais on sait que c\u2019est une Coupe du monde, les \u00e9quipes m\u00e9ritent d\u2019\u00eatre l\u00e0. Il faudra se battre pour atteindre la prochaine \u00e9tape.\u00bb<\/p>\n<p class=\"fig-paragraph\">\u00c0 la question \u00abVous avez peur\u00a0?\u00bb\u00a0: \u00abPeur de\u00a0? (sourire) Non, \u00e7a reste du football. Il faudra \u00eatre pr\u00eats, \u00eatre en forme surtout. Apr\u00e8s une tr\u00e8s longue saison, les \u00e9quipes qui performeront seront celles qui seront le mieux physiquement. On conna\u00eet aussi les conditions climatiques aux \u00c9tats-Unis. Il faudra prendre en compte tous ces param\u00e8tres pour performer.\u00bb (M6)<\/p>\n<p>    Adrien Rabiot.<br \/>\n                Abaca \/ Icon Sport<\/p>\n<p>\n        20:24\n            <\/p>\n<p class=\"fig-live-post__title\" role=\"heading\" aria-level=\"3\">La r\u00e9action d\u2019Hugo Lloris, ex-capitaine des Bleus et champion du monde 2018, apr\u00e8s le tirage au sort<\/p>\n<p class=\"fig-paragraph\">\u00abLe S\u00e9n\u00e9gal et la Norv\u00e8ge sont de tr\u00e8s bonnes nations avec de tr\u00e8s bons joueurs, tr\u00e8s performants ces derniers temps. Ce sont des \u00e9quipes comp\u00e9titives, \u00e7a promet de belles rencontres. Ce groupe fait partie des plus comp\u00e9titifs de ce premier tour. Mais je ne suis pas inquiet pour les Bleus qui font partie des favoris, surtout vu leur niveau affich\u00e9 ces derniers temps. J\u2019esp\u00e8re qu\u2019ils ne laisseront pas trop d\u2019\u00e9nergie dans cette phase de groupes. On conna\u00eet \u00e9galement l\u2019exp\u00e9rience de Didier Deschamps, qui mettra ses joueurs dans les meilleures conditions pour pr\u00e9parer cette \u00e9ch\u00e9ance.\u00bb (M6)<\/p>\n<p>\n        20:18\n            <\/p>\n<p class=\"fig-live-post__title\" role=\"heading\" aria-level=\"3\">Une bonne nouvelle pour l\u2019\u00e9quipe de France<\/p>\n<p class=\"fig-paragraph\">Aper\u00e7u tout sourire au John F. Kennedy Center de Washington aux c\u00f4t\u00e9s du s\u00e9lectionneur norv\u00e9gien, Didier Deschamps a le droit de positiver\u00a0: les Bleus joueront leurs matchs de groupe dans le nord-est des \u00c9tats-Unis (\u00e0 Boston, New York, Toronto et Philadelphie) comme le staff tricolore le souhaitait.<\/p>\n<p class=\"fig-paragraph\">Pour ce qui est du calendrier, le lieu pr\u00e9cis et les horaires des matchs, il faudra encore attendre samedi, \u00e0 partir de 18 heures.<\/p>\n<p class=\"fig-body-link\">\n            \u00c0 lire aussi<br \/>\n        <a class=\"fig-body-link__link\" href=\"http:\/\/www.lefigaro.fr\/sports\/football\/coupe-du-monde\/coupe-du-monde-2026-quand-seront-annonces-les-horaires-des-rencontres-et-le-programme-detaille-20251205\" data-fig-type=\"NewsFlash\" data-gtm-custom-categorie=\"navigation\" data-gtm-custom-action=\"crossclick\" data-gtm-custom-label=\"Contextuel\" data-gtm-event=\"customEventSPE\" data-fig-domain=\"LEFIGARO\" target=\"_blank\" rel=\"noopener\"><\/p>\n<p>        Coupe du monde 2026\u00a0: quand seront d\u00e9voil\u00e9s le calendrier complet et les horaires des rencontres\u00a0?<br \/>\n    <\/a>\n<\/p>\n<p>\n        20:14\n            <\/p>\n<p class=\"fig-live-post__title\" role=\"heading\" aria-level=\"3\">Un groupe plut\u00f4t relev\u00e9 pour les Bleus<\/p>\n<p class=\"fig-paragraph\">S\u00e9n\u00e9gal, Norv\u00e8ge et un barragiste (Irak, Bolivie ou Suriname), l\u2019\u00e9quipe de France a h\u00e9rit\u00e9 d\u2019adversaires \u00e9videmment \u00e0 sa port\u00e9e mais il faudra se m\u00e9fier de la s\u00e9lection s\u00e9n\u00e9galaise, championne d\u2019Afrique en 2021 et cador de son continent.<\/p>\n<p class=\"fig-body-link\">\n            \u00c0 lire aussi<br \/>\n        <a class=\"fig-body-link__link\" href=\"http:\/\/www.lefigaro.fr\/sports\/football\/coupe-du-monde\/coupe-du-monde-2026-les-bleus-de-deschamps-sont-fixes-sur-leurs-adversaires-du-premier-tour-20251205\" data-fig-type=\"NewsFlash\" data-gtm-custom-categorie=\"navigation\" data-gtm-custom-action=\"crossclick\" data-gtm-custom-label=\"Contextuel\" data-gtm-event=\"customEventSPE\" data-fig-domain=\"LEFIGARO\" target=\"_blank\" rel=\"noopener\"><\/p>\n<p>        Coupe du monde 2026\u00a0: les Bleus de Deschamps sont fix\u00e9s &#8230; et pas forc\u00e9ment vernis au premier tour<br \/>\n    <\/a>\n<\/p>\n<p class=\"fig-paragraph\">La Norv\u00e8ge, qui revient en Coupe du monde pour la premi\u00e8re fois depuis 1998, a de son c\u00f4t\u00e9 impressionn\u00e9 en qualifications. Son principal atout\u00a0? Sa force offensive incarn\u00e9e par l\u2019attaquant Erling Haaland, v\u00e9ritable machine \u00e0 buts.<\/p>\n<p>\n        20:11\n            <\/p>\n<p class=\"fig-live-post__title\" role=\"heading\" aria-level=\"3\">Le tirage au sort complet de la Coupe du monde 2026<\/p>\n<p class=\"fig-paragraph\"><strong>Groupe A<\/strong><\/p>\n<ul class=\"fig-list\">\n<li>Mexique<\/li>\n<li>Cor\u00e9e du Sud<\/li>\n<li>Afrique du Sud<\/li>\n<li>Barragiste entre\u00a0: Danemark, Mac\u00e9doine du Nord, R\u00e9publique tch\u00e8que ou Irlande<\/li>\n<\/ul>\n<p class=\"fig-paragraph\"><strong>Groupe B<\/strong><\/p>\n<ul class=\"fig-list\">\n<li>Canada<\/li>\n<li>Suisse<\/li>\n<li>Qatar<\/li>\n<li>Barragiste entre\u00a0: Italie, Irlande du Nord, pays de Galles ou Bosnie<\/li>\n<\/ul>\n<p class=\"fig-paragraph\"><strong>Groupe C<\/strong><\/p>\n<ul class=\"fig-list\">\n<li>Br\u00e9sil<\/li>\n<li>Maroc<\/li>\n<li>\u00c9cosse<\/li>\n<li>Ha\u00efti<\/li>\n<\/ul>\n<p class=\"fig-paragraph\"><strong>Groupe D<\/strong><\/p>\n<ul class=\"fig-list\">\n<li>\u00c9tats-Unis<\/li>\n<li>Australie<\/li>\n<li>Paraguay<\/li>\n<li>Barragiste entre\u00a0: Turquie, Roumanie, Slovaquie ou Kosovo<\/li>\n<\/ul>\n<p class=\"fig-paragraph\"><strong>Groupe E<\/strong><\/p>\n<ul class=\"fig-list\">\n<li>Allemagne<\/li>\n<li>\u00c9quateur<\/li>\n<li>C\u00f4te d\u2019Ivoire<\/li>\n<li>Cura\u00e7ao<\/li>\n<\/ul>\n<p class=\"fig-paragraph\"><strong>Groupe F<\/strong><\/p>\n<ul class=\"fig-list\">\n<li>Pays-Bas<\/li>\n<li>Japon<\/li>\n<li>Tunisie<\/li>\n<li>Barragiste entre\u00a0: Ukraine, Su\u00e8de, Pologne ou Albanie<\/li>\n<\/ul>\n<p class=\"fig-paragraph\"><strong>Groupe G<\/strong><\/p>\n<ul class=\"fig-list\">\n<li>Belgique<\/li>\n<li>Iran<\/li>\n<li>\u00c9gypte<\/li>\n<li>Nouvelle-Z\u00e9lande<\/li>\n<\/ul>\n<p class=\"fig-paragraph\"><strong>Groupe H<\/strong><\/p>\n<ul class=\"fig-list\">\n<li>Espagne<\/li>\n<li>Uruguay<\/li>\n<li>Arabie saoudite<\/li>\n<li>Cap Vert<\/li>\n<\/ul>\n<p class=\"fig-paragraph\"><strong>Groupe I<\/strong><\/p>\n<ul class=\"fig-list\">\n<li><strong>France<\/strong><\/li>\n<li>S\u00e9n\u00e9gal<\/li>\n<li>Norv\u00e8ge<\/li>\n<li>Barragiste entre\u00a0: Irak, Bolivie ou Suriname<\/li>\n<\/ul>\n<p class=\"fig-paragraph\"><strong>Groupe J<\/strong><\/p>\n<ul class=\"fig-list\">\n<li>Argentine<\/li>\n<li>Autriche<\/li>\n<li>Alg\u00e9rie<\/li>\n<li>Jordanie<\/li>\n<\/ul>\n<p class=\"fig-paragraph\"><strong>Groupe K<\/strong><\/p>\n<ul class=\"fig-list\">\n<li>Portugal<\/li>\n<li>Colombie<\/li>\n<li>Ouzb\u00e9kistan<\/li>\n<li>Barragiste entre\u00a0: RD Congo, Nouvelle-Cal\u00e9donie ou Jama\u00efque<\/li>\n<\/ul>\n<p class=\"fig-paragraph\"><strong>Groupe L<\/strong><\/p>\n<ul class=\"fig-list\">\n<li>Angleterre<\/li>\n<li>Croatie<\/li>\n<li>Panama<\/li>\n<li>Ghana<\/li>\n<\/ul>\n<p>\n        20:08\n            <\/p>\n<p class=\"fig-live-post__title\" role=\"heading\" aria-level=\"3\">La Nouvelle-Z\u00e9lande face \u00e0 la Belgique de Rudi Garcia<\/p>\n<p class=\"fig-paragraph\">Le groupe G\u00a0:<\/p>\n<ul class=\"fig-list\">\n<li>Belgique<\/li>\n<li>Iran<\/li>\n<li>Egypte<\/li>\n<li>Nouvelle-Z\u00e9lande<\/li>\n<\/ul>\n<p>\n        20:08\n            <\/p>\n<p class=\"fig-live-post__title\" role=\"heading\" aria-level=\"3\">La Jordanie rejoint l\u2019Alg\u00e9rie et l\u2019Argentine<\/p>\n<p class=\"fig-paragraph\">Le groupe J\u00a0:<\/p>\n<ul class=\"fig-list\">\n<li>Argentine<\/li>\n<li>Autriche<\/li>\n<li>Alg\u00e9rie<\/li>\n<li>Jordanie<\/li>\n<\/ul>\n<p>\n        20:07\n            <\/p>\n<p class=\"fig-live-post__title\" role=\"heading\" aria-level=\"3\">Le Ghana tombe face \u00e0 l\u2019Angleterre et la Croatie !<\/p>\n<p class=\"fig-paragraph\">Le groupe L\u00a0:<\/p>\n<ul class=\"fig-list\">\n<li>Angleterre<\/li>\n<li>Croatie<\/li>\n<li>Panama<\/li>\n<li>Ghana<\/li>\n<\/ul>\n<p>\n        20:06\n            <\/p>\n<p class=\"fig-live-post__title\" role=\"heading\" aria-level=\"3\">Le deuxi\u00e8me barragiste intercontinental dans le groupe<\/p>\n<p class=\"fig-paragraph\">Ce sera soit la RC Congo, la Jama\u00efque ou la Nouvelle-Cal\u00e9donie.<\/p>\n<p class=\"fig-paragraph\">Le groupe K\u00a0:<\/p>\n<ul class=\"fig-list\">\n<li>Portugal<\/li>\n<li>Colombie<\/li>\n<li>Ouzb\u00e9kistan<\/li>\n<li>Barragiste intercontinental<\/li>\n<\/ul>\n<p>\n        20:04\n            <\/p>\n<p class=\"fig-live-post__title\" role=\"heading\" aria-level=\"3\">Le groupe F pas encore complet non plus<\/p>\n<p class=\"fig-paragraph\">Le groupe F\u00a0:<\/p>\n<ul class=\"fig-list\">\n<li>Pays-Bas<\/li>\n<li>Japon<\/li>\n<li>Tunisie<\/li>\n<li>Barragiste europ\u00e9en<\/li>\n<\/ul>\n<p>\n        20:04\n            <\/p>\n<p class=\"fig-live-post__title\" role=\"heading\" aria-level=\"3\">Les \u00c9tats-Unis face \u00e0 un barragiste europ\u00e9en<\/p>\n<p class=\"fig-paragraph\">Le groupe D\u00a0:<\/p>\n<ul class=\"fig-list\">\n<li>\u00c9tats-Unis<\/li>\n<li>Australie<\/li>\n<li>Paraguay<\/li>\n<li>Barragiste europ\u00e9en<\/li>\n<\/ul>\n<p>\n        20:03\n            <\/p>\n<p class=\"fig-live-post__title\" role=\"heading\" aria-level=\"3\">Le Cap-Vert dans le groupe H avec l\u2019Espagne !<\/p>\n<p class=\"fig-paragraph\">Le groupe H\u00a0:<\/p>\n<ul class=\"fig-list\">\n<li>Espagne<\/li>\n<li>Uruguay<\/li>\n<li>Arabie saoudite<\/li>\n<li>Cap-Vert<\/li>\n<\/ul>\n<p>\n        20:02\n            <\/p>\n<p class=\"fig-live-post__title\" role=\"heading\" aria-level=\"3\">Un barragiste intercontinental dans le groupe des Bleus<\/p>\n<p class=\"fig-paragraph\">Ce sera soit la Bolivie, soit le Surinam, soit l\u2019Irak qui rejoindra le groupe de l\u2019\u00e9quipe de France\u00a0!<\/p>\n<p class=\"fig-paragraph\">Le groupe I\u00a0:<\/p>\n<ul class=\"fig-list\">\n<li>France<\/li>\n<li>S\u00e9n\u00e9gal<\/li>\n<li>Norv\u00e8ge<\/li>\n<li>Barragiste continental<\/li>\n<\/ul>\n<p>\n        20:01\n            <\/p>\n<p class=\"fig-live-post__title\" role=\"heading\" aria-level=\"3\">Le novice Cura\u00e7ao avec l\u2019Allemagne !<\/p>\n<p class=\"fig-paragraph\">Le groupe E\u00a0:<\/p>\n<ul class=\"fig-list\">\n<li>Allemagne<\/li>\n<li>\u00c9quateur<\/li>\n<li>C\u00f4te d\u2019Ivoire<\/li>\n<li>Cura\u00e7ao<\/li>\n<\/ul>\n<p>\n        20:00\n            <\/p>\n<p class=\"fig-live-post__title\" role=\"heading\" aria-level=\"3\">Ha\u00efti face au Maroc et au Br\u00e9sil !<\/p>\n<p class=\"fig-paragraph\">Le groupe C est all\u00e9chant\u00a0!<\/p>\n<ul class=\"fig-list\">\n<li>Br\u00e9sil<\/li>\n<li>Maroc<\/li>\n<li>\u00c9cosse<\/li>\n<li>Haiti<\/li>\n<\/ul>\n<p>\n        19:59\n            <\/p>\n<p class=\"fig-live-post__title\" role=\"heading\" aria-level=\"3\">M\u00eame chose pour la poule B&#8230; celle de l\u2019Italie ?<\/p>\n<p class=\"fig-paragraph\">Le groupe B\u00a0:<\/p>\n<ul class=\"fig-list\">\n<li>Canada<\/li>\n<li>Suisse<\/li>\n<li>Qatar<\/li>\n<li>Barragiste europ\u00e9en (possiblement l\u2019Italie)<\/li>\n<\/ul>\n<p>\n        19:58\n            <\/p>\n<p class=\"fig-live-post__title\" role=\"heading\" aria-level=\"3\">Un barragiste europ\u00e9en dans le groupe A<\/p>\n<p class=\"fig-paragraph\">Le groupe A\u00a0:<\/p>\n<ul class=\"fig-list\">\n<li>Mexique<\/li>\n<li>Cor\u00e9e du Sud<\/li>\n<li>Afrique du Sud<\/li>\n<li>Barragiste europ\u00e9en<\/li>\n<\/ul>\n<p>\n        19:57\n            <\/p>\n<p class=\"fig-live-post__title\" role=\"heading\" aria-level=\"3\">Derni\u00e8re phase du tirage : le chapeau 4<\/p>\n<p class=\"fig-paragraph\"><strong>Chapeau 4<\/strong>\u00a0: Jordanie, Cap-Vert, Ghana, Cura\u00e7ao, Ha\u00efti, Nouvelle-Z\u00e9lande, qualifi\u00e9s barrages europ\u00e9ens A, B, C et D, qualifi\u00e9s tournois de barrage Fifa 1 et 2<\/p>\n<p>\n        19:55\n            <\/p>\n<p class=\"fig-live-post__title\" role=\"heading\" aria-level=\"3\">Les Bleus d\u00e9fieront la Norv\u00e8ge d\u2019Erling Haaland !<\/p>\n<p class=\"fig-paragraph\">Le groupe des Bleus est relev\u00e9\u00a0! En plus du S\u00e9n\u00e9gal, les hommes de Didier Deschamps affronteront les Norv\u00e9giens qui ont domin\u00e9 l\u2019Italie en qualifications.<\/p>\n<p class=\"fig-paragraph\">\u00ab\u00c7a commence \u00e0 ressembler \u00e0 un groupe important&#8230;\u00bb, r\u00e9agit Hugo Lloris au micro de M6. On a aper\u00e7u par ailleurs Didier Deschamps tout sourire \u00e0 Washington.<\/p>\n<p class=\"fig-paragraph\">Le groupe I\u00a0:<\/p>\n<ul class=\"fig-list\">\n<li>France<\/li>\n<li>S\u00e9n\u00e9gal<\/li>\n<li>Norv\u00e8ge<\/li>\n<\/ul>\n<p>\n        19:53\n            <\/p>\n<p class=\"fig-live-post__title\" role=\"heading\" aria-level=\"3\">Le Panama termine dans le groupe L<\/p>\n<p class=\"fig-paragraph\">Le groupe L\u00a0:<\/p>\n<ul class=\"fig-list\">\n<li>Angleterre<\/li>\n<li>Croatie<\/li>\n<li>Panama<\/li>\n<\/ul>\n<p>\n        19:53\n            <\/p>\n<p class=\"fig-live-post__title\" role=\"heading\" aria-level=\"3\">L\u2019Ouzb\u00e9kistan plac\u00e9 avec le Portugal<\/p>\n<p class=\"fig-paragraph\">Le groupe K\u00a0:<\/p>\n<ul class=\"fig-list\">\n<li>Portugal<\/li>\n<li>Colombie<\/li>\n<li>Ouzb\u00e9kistan<\/li>\n<\/ul>\n<p>\n        19:52\n            <\/p>\n<p class=\"fig-live-post__title\" role=\"heading\" aria-level=\"3\">L\u2019Alg\u00e9rie se mesurera \u00e0 l\u2019Argentine<\/p>\n<p class=\"fig-paragraph\">Le groupe J\u00a0:<\/p>\n<ul class=\"fig-list\">\n<li>Argentine<\/li>\n<li>Autriche<\/li>\n<li>Alg\u00e9rie<\/li>\n<\/ul>\n<p>\n        19:51\n            <\/p>\n<p class=\"fig-live-post__title\" role=\"heading\" aria-level=\"3\">L\u2019Arabie saoudite d\u2019Herv\u00e9 Renard aura fort \u00e0 faire<\/p>\n<p class=\"fig-paragraph\">Le groupe H\u00a0:<\/p>\n<ul class=\"fig-list\">\n<li>Espagne<\/li>\n<li>Uruguay<\/li>\n<li>Arabie saoudite<\/li>\n<\/ul>\n<p>\n        19:51\n            <\/p>\n<p class=\"fig-live-post__title\" role=\"heading\" aria-level=\"3\">L\u2019\u00c9cosse prend place dans le relev\u00e9 groupe C<\/p>\n<p>\n        19:50\n            <\/p>\n<p class=\"fig-live-post__title\" role=\"heading\" aria-level=\"3\">La Belgique h\u00e9rite de l\u2019Egypte<\/p>\n<p>\n        19:50\n            <\/p>\n<p class=\"fig-live-post__title\" role=\"heading\" aria-level=\"3\">La Tunisie dans le groupe F<\/p>\n<p>\n        19:49\n            <\/p>\n<p class=\"fig-live-post__title\" role=\"heading\" aria-level=\"3\">La C\u00f4te d\u2019Ivoire affrontera l\u2019Allemagne<\/p>\n<p class=\"fig-paragraph\">Le groupe E\u00a0:<\/p>\n<ul class=\"fig-list\">\n<li>Allemagne<\/li>\n<li>\u00c9quateur<\/li>\n<li>C\u00f4te d\u2019Ivoire<\/li>\n<\/ul>\n<p>\n        19:49\n            <\/p>\n<p class=\"fig-live-post__title\" role=\"heading\" aria-level=\"3\">Le Paraguay avec les USA, un groupe D homog\u00e8ne<\/p>\n<p class=\"fig-paragraph\">Le groupe D\u00a0:<\/p>\n<ul class=\"fig-list\">\n<li>\u00c9tats-Unis<\/li>\n<li>Australie<\/li>\n<li>Paraguay<\/li>\n<\/ul>\n<p>\n        19:48\n            <\/p>\n<p class=\"fig-live-post__title\" role=\"heading\" aria-level=\"3\">Le groupe B pour le Qatar<\/p>\n<p>\n        19:48\n            <\/p>\n<p class=\"fig-live-post__title\" role=\"heading\" aria-level=\"3\">L\u2019Afrique du Sud rejoint le Mexique<\/p>\n<p class=\"fig-paragraph\">Le groupe A\u00a0:<\/p>\n<ul class=\"fig-list\">\n<li>Mexique<\/li>\n<li>Cor\u00e9e du Sud<\/li>\n<li>Afrique du Sud<\/li>\n<\/ul>\n<p>\n        19:47\n            <\/p>\n<p class=\"fig-live-post__title\" role=\"heading\" aria-level=\"3\">Place au tirage du chapeau 3<\/p>\n<p class=\"fig-paragraph\"><strong>Chapeau 3<\/strong>\u00a0: Norv\u00e8ge, Panama, \u00c9gypte, Alg\u00e9rie, \u00c9cosse, Paraguay, Tunisie, C\u00f4te d\u2019Ivoire, Ouzb\u00e9kistan, Qatar, Arabie saoudite, Afrique du Sud<\/p>\n<p>\n        19:43\n            <\/p>\n<p class=\"fig-live-post__title\" role=\"heading\" aria-level=\"3\">Des retrouvailles entre la Croatie et l\u2019Angleterre dans le groupe L<\/p>\n<p class=\"fig-paragraph\">Huit ans apr\u00e8s la demi-finale 2018 remport\u00e9e par les Croates&#8230;<\/p>\n<p class=\"fig-paragraph\">Le groupe L\u00a0:<\/p>\n<p>\n        19:42\n            <\/p>\n<p class=\"fig-live-post__title\" role=\"heading\" aria-level=\"3\">La Colombie au d\u00e9fi du Portugal<\/p>\n<p class=\"fig-paragraph\">Un match qui promet dans le groupe K\u00a0!<\/p>\n<p class=\"fig-paragraph\">Le groupe K\u00a0:<\/p>\n<p>\n        19:42\n            <\/p>\n<p class=\"fig-live-post__title\" role=\"heading\" aria-level=\"3\">Le champion du monde argentin avec l\u2019Autriche<\/p>\n<p>\n        19:41\n            <\/p>\n<p class=\"fig-live-post__title\" role=\"heading\" aria-level=\"3\">Le S\u00e9n\u00e9gal, premier adversaire des Bleus !<\/p>\n<p class=\"fig-paragraph\">L\u2019\u00e9quipe de France affrontera les Lions de la Teranga, champions d\u2019Afrique 2021 et 18es au classement FIFA, comme lors de la Coupe du monde 2002. Un tr\u00e8s mauvais souvenir pour les Bleus, champions du monde 1998 qui s\u2019\u00e9taient inclin\u00e9s 0-1 face au S\u00e9n\u00e9gal lors de la phase de poules. Avant de prendre la porte&#8230;<\/p>\n<p class=\"fig-paragraph\">Le groupe I\u00a0:<\/p>\n<p>\n        19:40\n            <\/p>\n<p class=\"fig-live-post__title\" role=\"heading\" aria-level=\"3\">L\u2019Uruguay avec l\u2019Espagne, championne d\u2019Europe, dans le groupe H !<\/p>\n<p>\n        19:40\n            <\/p>\n<p class=\"fig-live-post__title\" role=\"heading\" aria-level=\"3\">La Belgique de Rudi Garcia \u00e9pargn\u00e9e<\/p>\n<p>\n        19:39\n            <\/p>\n<p class=\"fig-live-post__title\" role=\"heading\" aria-level=\"3\">Le Japon face aux Pays-Bas<\/p>\n<p>\n        19:39\n            <\/p>\n<p class=\"fig-live-post__title\" role=\"heading\" aria-level=\"3\">Un joli duel Allemagne-Equateur dans le groupe E<\/p>\n<p class=\"fig-paragraph\">Une affiche qui promet \u00e9galement\u00a0!<\/p>\n<p class=\"fig-paragraph\">Le groupe E\u00a0:<\/p>\n<p>\n        19:38\n            <\/p>\n<p class=\"fig-live-post__title\" role=\"heading\" aria-level=\"3\">L\u2019Australie avec les Etats-Unis<\/p>\n<p>\n        19:37\n            <\/p>\n<p class=\"fig-live-post__title\" role=\"heading\" aria-level=\"3\">Un premier choc Maroc-Br\u00e9sil dans le groupe C !<\/p>\n<p class=\"fig-paragraph\">Le Maroc, demi-finaliste en 2022, affrontera la Sele\u00e7ao de Carlo Ancelotti.<\/p>\n<p class=\"fig-paragraph\">Le groupe C\u00a0:<\/p>\n<p>\n        19:37\n            <\/p>\n<p class=\"fig-live-post__title\" role=\"heading\" aria-level=\"3\">Un duel Suisse-Canada dans le groupe B<\/p>\n<p>\n        19:36\n            <\/p>\n<p class=\"fig-live-post__title\" role=\"heading\" aria-level=\"3\">La Cor\u00e9e du Sud d\u00e9fiera le Mexique<\/p>\n<p>\n        19:36\n            <\/p>\n<p class=\"fig-live-post__title\" role=\"heading\" aria-level=\"3\">C\u2019est parti pour le chapeau 2<\/p>\n<p class=\"fig-paragraph\">Shaquille O\u2019Neal s\u2019occupe du tirage au sort.<\/p>\n<p class=\"fig-paragraph\"><strong>Chapeau 2<\/strong>\u00a0: Croatie, Maroc, Colombie, Uruguay, Suisse, Japon, S\u00e9n\u00e9gal, Iran, Cor\u00e9e du Sud, \u00c9quateur, Autriche, Australie<\/p>\n<p>\n        19:32\n            <\/p>\n<p class=\"fig-live-post__title\" role=\"heading\" aria-level=\"3\">L\u2019Angleterre \u00e9choue dans le groupe L<\/p>\n<p class=\"fig-paragraph\">La s\u00e9lection anglaise est la derni\u00e8re nation tir\u00e9e du chapeau 1.<\/p>\n<p class=\"fig-paragraph\">Le groupe L<\/p>\n<p>\n        19:31\n            <\/p>\n<p class=\"fig-live-post__title\" role=\"heading\" aria-level=\"3\">Le groupe K pour le Portugal<\/p>\n<p>\n        19:31\n            <\/p>\n<p class=\"fig-live-post__title\" role=\"heading\" aria-level=\"3\">La France dans le groupe I<\/p>\n<p class=\"fig-paragraph\">Didier Deschamps avait une pr\u00e9f\u00e9rence pour ce groupe en fonction de la localisation des matchs aux \u00c9tats-Unis (\u00e0 Boston, New York, Toronto et Philadelphie). Une premi\u00e8re bonne nouvelle, a priori.<\/p>\n<p class=\"fig-paragraph\">Le groupe I\u00a0:<\/p>\n<p>    Le tirage au sort de la Coupe du monde 2026.<br \/>\n                Jonathan Ernst \/ REUTERS<\/p>\n<p>\n        19:30\n            <\/p>\n<p class=\"fig-live-post__title\" role=\"heading\" aria-level=\"3\">L\u2019Argentine sera dans le groupe J<\/p>\n<p>\n        19:29\n            <\/p>\n<p class=\"fig-live-post__title\" role=\"heading\" aria-level=\"3\">L\u2019Espagne dans le H<\/p>\n<p>\n        19:29\n            <\/p>\n<p class=\"fig-live-post__title\" role=\"heading\" aria-level=\"3\">Le groupe G pour la Belgique<\/p>\n<p>\n        19:29\n            <\/p>\n<p class=\"fig-live-post__title\" role=\"heading\" aria-level=\"3\">Les Pays-Bas dans le groupe F<\/p>\n<p>\n        19:28\n            <\/p>\n<p class=\"fig-live-post__title\" role=\"heading\" aria-level=\"3\">L\u2019Allemagne dans le groupe E<\/p>\n<p>\n        19:28\n            <\/p>\n<p class=\"fig-live-post__title\" role=\"heading\" aria-level=\"3\">Le Br\u00e9sil, premi\u00e8re nation tir\u00e9e, dans le groupe C<\/p>\n<p>\n        19:27\n            <\/p>\n<p class=\"fig-live-post__title\" role=\"heading\" aria-level=\"3\">Le tirage au sort d\u00e9bute !<\/p>\n<p class=\"fig-paragraph\">Samantha Johnson et Rio Ferdinand en ont fini des explications sur les modalit\u00e9s du tirage au sort. C\u2019est enfin parti\u00a0!<\/p>\n<p class=\"fig-paragraph\">Le groupe A\u00a0:<\/p>\n<p class=\"fig-paragraph\">Le groupe B\u00a0:<\/p>\n<p class=\"fig-paragraph\">Le groupe D\u00a0:<\/p>\n<p>\n        19:22\n            <\/p>\n<p class=\"fig-live-post__title\" role=\"heading\" aria-level=\"3\">Les stars du tirage au sort montent sur sc\u00e8ne !<\/p>\n<p class=\"fig-paragraph\">Samantha Johnson et Rio Ferdinand, aux c\u00f4t\u00e9s des ma\u00eetres de c\u00e9r\u00e9monie Kevin Hart et Heidi Klum accueillent Aaron James Judge, capitaine des Yankees de New York (baseball). L\u2019ex-star de la NBA, Shaquille O\u2019Neal, qui impressionne par sa taille (2,16 m), monte sur sc\u00e8ne \u00e0 son tour. Tout comme la l\u00e9gende de la NFL Tom Brady et Wayne Gretzky, ancien joueur am\u00e9ricain de hockey sur glace.<\/p>\n<p>    Shaquille O\u2019Neal.<br \/>\n                JIA HAOCHENG \/ REUTERS<\/p>\n<p>\n        19:16\n            <\/p>\n<p class=\"fig-live-post__title\" role=\"heading\" aria-level=\"3\">Le tirage au sort est imminent&#8230;<\/p>\n<p class=\"fig-paragraph\">L\u2019Am\u00e9ricaine Samantha Johnson et Rio Ferdinand, ex-international anglais, vont pr\u00e9senter ce tirage. Les voici sur sc\u00e8ne.<\/p>\n<p>    Rio Ferdinand s\u2019exprime \u00e0 Washington.<br \/>\n                Carlos Barria \/ REUTERS<\/p>\n<p>\n        19:15\n            <\/p>\n<p class=\"fig-live-post__title\" role=\"heading\" aria-level=\"3\">Un groupe des novices pour les Bleus ?<\/p>\n<p class=\"fig-paragraph\">L\u2019\u00e9quipe de France pourrait h\u00e9riter d\u2019un groupe de novices ou presque. Impossible d\u2019affronter quatre d\u00e9butants \u00e0 ce stade de la comp\u00e9tition, mais dans le chapeau 2, on retrouve par exemple le S\u00e9n\u00e9gal et l\u2019\u00c9quateur, qui n\u2019ont particip\u00e9 qu\u2019\u00e0 quatre phases finales du Mondial jusqu\u2019ici. Dans le chapeau 3, l\u2019Ouzb\u00e9kistan est le seul novice. Il y en a en revanche plusieurs nations qui d\u00e9couvriront le Mondial dans le chapeau 4, comme Cura\u00e7ao, Ha\u00efti ou encore le Cap Vert.<\/p>\n<p class=\"fig-paragraph\"><strong>Un groupe possible avec des novices pour les Bleus\u00a0: France<\/strong>, \u00c9quateur, Ouzb\u00e9kistan et Cap Vert ou <strong>France<\/strong>, S\u00e9n\u00e9gal, Ouzb\u00e9kistan et Ha\u00efti.<\/p>\n<p>\n        19:09\n            <\/p>\n<p class=\"fig-live-post__title\" role=\"heading\" aria-level=\"3\">Le tirage au sort devrait (enfin) d\u00e9buter dans quelques instants&#8230;<\/p>\n<p class=\"fig-paragraph\">Le rappel des chapeaux, qui vont former 12 groupes de quatre nations. On conna\u00eet 42 des 48 pays d\u00e9j\u00e0 qualifi\u00e9s avant les barrages organis\u00e9s en mars prochain.<\/p>\n<p class=\"fig-paragraph\"><strong>Chapeau 1<\/strong>\u00a0: Canada, Mexique, \u00c9tats-Unis, Espagne, Argentine, France, Angleterre, Br\u00e9sil, Portugal, Pays-Bas, Belgique, Allemagne<\/p>\n<p class=\"fig-paragraph\"><strong>Chapeau 2<\/strong>\u00a0: Croatie, Maroc, Colombie, Uruguay, Suisse, Japon, S\u00e9n\u00e9gal, Iran, Cor\u00e9e du Sud, \u00c9quateur, Autriche, Australie<\/p>\n<p class=\"fig-paragraph\"><strong>Chapeau 3<\/strong>\u00a0: Norv\u00e8ge, Panama, \u00c9gypte, Alg\u00e9rie, \u00c9cosse, Paraguay, Tunisie, C\u00f4te d\u2019Ivoire, Ouzb\u00e9kistan, Qatar, Arabie saoudite, Afrique du Sud<\/p>\n<p class=\"fig-paragraph\"><strong>Chapeau 4<\/strong>\u00a0: Jordanie, Cap-Vert, Ghana, Cura\u00e7ao, Ha\u00efti, Nouvelle-Z\u00e9lande, qualifi\u00e9s barrages europ\u00e9ens A, B, C et D, qualifi\u00e9s tournois de barrage Fifa 1 et 2<\/p>\n<p>    Le troph\u00e9e de la Coupe du monde.<br \/>\n                DAN MULLAN \/ REUTERS<\/p>\n<p>\n        19:05\n            <\/p>\n<p class=\"fig-live-post__title\" role=\"heading\" aria-level=\"3\">Nouvel interlude musicale<\/p>\n<p class=\"fig-paragraph\">Lauryn Hill, membre du groupe Fugees, monte \u00e0 son tour sur sc\u00e8ne.<\/p>\n<p>    Lauryn Hill.<br \/>\n                JIA HAOCHENG \/ REUTERS<\/p>\n<p>\n        19:03\n            <\/p>\n<p class=\"fig-live-post__title\" role=\"heading\" aria-level=\"3\">Le dernier tirage au sort pour Didier Deschamps \u00e0 la t\u00eate des Bleus<\/p>\n<p class=\"fig-paragraph\">Pour la 17e\u00a0fois de son histoire et la huiti\u00e8me de suite,\u00a0<a href=\"http:\/\/www.lefigaro.fr\/sports\/football\/coupe-du-monde\/quete-d-une-troisieme-etoile-et-reve-legendaire-vivement-2026-pour-les-bleus-20251117\" target=\"_blank\" data-fig-type=\"NewsFlash\" rel=\"noopener\" data-gtm-custom-categorie=\"navigation\" data-gtm-custom-action=\"crossclick\" data-gtm-custom-label=\"Contextuel\" data-gtm-event=\"customEventSPE\" data-fig-domain=\"LEFIGARO\">l\u2019\u00e9quipe de France est sur la ligne de d\u00e9part l\u2019\u00e9t\u00e9 prochain<\/a>, \u00e0 la Coupe du monde 2026.\u00a0\u00abIl ne faut pas banaliser\u00bb,\u00a0<a href=\"http:\/\/www.lefigaro.fr\/sports\/football\/equipe-de-france\/fierte-de-la-qualif-reve-d-une-troisieme-etoile-tournee-aux-us-les-mots-de-deschamps-apres-la-qualification-pour-le-mondial-2026-20251113\" target=\"_blank\" data-fig-type=\"NewsFlash\" rel=\"noopener\" data-gtm-custom-categorie=\"navigation\" data-gtm-custom-action=\"crossclick\" data-gtm-custom-label=\"Contextuel\" data-gtm-event=\"customEventSPE\" data-fig-domain=\"LEFIGARO\">jure Didier Deschamps<\/a>, qui vivra, on le sait, sa derni\u00e8re comp\u00e9tition en tant que s\u00e9lectionneur avant de passer la main.<\/p>\n<p class=\"fig-paragraph\">Champions du monde en 2018 et finalistes malheureux en 2022, les Bleus ne traverseront en tout cas pas l\u2019Atlantique pour faire du tourisme ou se satisfaire d\u2019une demi-finale.\u00a0\u00abJe ne comprends pas ce truc de dire qu\u2019on vise la demi-finale. Si l\u2019objectif est la demi-finale, on va dans le dernier carr\u00e9, on s\u2019arr\u00eate, on rentre\u00a0?\u00bb,\u00a0<a href=\"http:\/\/www.lefigaro.fr\/sports\/football\/equipe-de-france\/400-buts-ca-n-impressionne-pas-les-gens-l-appetit-sans-limite-de-mbappe-20251113\" target=\"_blank\" data-fig-type=\"NewsFlash\" rel=\"noopener\" data-gtm-custom-categorie=\"navigation\" data-gtm-custom-action=\"crossclick\" data-gtm-custom-label=\"Contextuel\" data-gtm-event=\"customEventSPE\" data-fig-domain=\"LEFIGARO\">ironisait Kylian Mbapp\u00e9<\/a>\u00a0apr\u00e8s\u00a0<a href=\"http:\/\/www.lefigaro.fr\/sports\/football\/coupe-du-monde\/les-notes-des-bleus-contre-l-ukraine-mbappe-et-olise-aux-deux-visages-eternel-kante-cherki-discret-20251113\" target=\"_blank\" data-fig-type=\"NewsFlash\" rel=\"noopener\" data-gtm-custom-categorie=\"navigation\" data-gtm-custom-action=\"crossclick\" data-gtm-custom-label=\"Contextuel\" data-gtm-event=\"customEventSPE\" data-fig-domain=\"LEFIGARO\">France-Ukraine (4-0)<\/a>. Et l\u2019homme du tripl\u00e9 en finale il y a quatre ans de poursuivre\u00a0:\u00a0\u00abNon, l\u2019objectif, le r\u00eave, c\u2019est de gagner.\u00bb\u00a0Clair et net. Sur les rotules \u00e0 l\u2019Euro 2024, le capitaine des Bleus a retrouv\u00e9 de sa superbe depuis le d\u00e9but de la saison. Avec un Mbapp\u00e9 au top et des talents qui pullulent (Dou\u00e9, Olise, Cherki\u2026), \u00abDD\u00bb aura de quoi faire pour sa der. Tous les r\u00eaves sont permis.<\/p>\n<p class=\"fig-paragraph\"><strong>\u00c0 lire aussi<\/strong>\u00a0<a href=\"http:\/\/www.lefigaro.fr\/sports\/football\/coupe-du-monde\/coupe-du-monde-2026-benjamin-pavard-desire-doue-rayan-cherki-quels-bleus-dans-l-avion-pour-l-amerique-20251114\" target=\"_blank\" data-fig-type=\"Article\" rel=\"noopener\" data-gtm-custom-categorie=\"navigation\" data-gtm-custom-action=\"crossclick\" data-gtm-custom-label=\"Contextuel\" data-gtm-event=\"customEventSPE\" data-fig-domain=\"LEFIGARO\">Coupe du monde 2026\u00a0: Pavard, Dou\u00e9, Cherki&#8230; Quels Bleus dans l\u2019avion pour l\u2019Am\u00e9rique\u00a0?\u00a0<\/a><\/p>\n<p>    Didier Deschamps, Guy Stephan et Philippe Diallo attendent le verdict.<br \/>\n                DAN MULLAN \/ REUTERS<\/p>\n<p>\n        19:00\n            <\/p>\n<p class=\"fig-live-post__title\" role=\"heading\" aria-level=\"3\">Un groupe de vieilles connaissances pour les Bleus ?<\/p>\n<p class=\"fig-paragraph\">Les Bleus pourraient retrouver des \u00e9quipes qu\u2019ils ont souvent affront\u00e9es dans leur histoire au Mondial, ravivant de bons et de moins bons souvenirs.<\/p>\n<p class=\"fig-paragraph\"><strong>Un groupe possible face \u00e0 des adversaires r\u00e9currents\u00a0: France<\/strong>, Uruguay, Afrique du Sud et Italie (si qualifi\u00e9e) ou <strong>France<\/strong>, Australie, Alg\u00e9rie et Danemark (si qualifi\u00e9)<\/p>\n<p>\n        18:56\n            <\/p>\n<p class=\"fig-live-post__title\" role=\"heading\" aria-level=\"3\">R\u00e9p\u00e9tition g\u00e9n\u00e9rale du tirage<\/p>\n<p class=\"fig-paragraph\">Les chefs d\u2019\u00c9tat ont confirm\u00e9 ce que l\u2019on savait d\u00e9j\u00e0 en tirant les trois boules de leur pays h\u00f4te respectif. Le Mexique sera dans le groupe A, le Canada dans le B et les \u00c9tats-Unis dans le C.<\/p>\n<p>    Le Premier Ministre canadien Mark Carney tout sourire.<br \/>\n                Carlos Barria \/ REUTERS<\/p>\n<p>\n        18:54\n            <\/p>\n<p class=\"fig-live-post__title\" role=\"heading\" aria-level=\"3\">Quel serait le pire tirage pour les Bleus de Didier Deschamps ?<\/p>\n<p class=\"fig-paragraph\">Plut\u00f4t prot\u00e9g\u00e9e, comme \u00e9voqu\u00e9 par son ancien capitaine Hugo Lloris, l\u2019\u00e9quipe de France \u00e9vitera quoi qu\u2019il arrive une \u00abpoule de la mort\u00bb avec trois matchs XXL.<\/p>\n<p class=\"fig-paragraph\">Demi-finaliste de la derni\u00e8re Coupe du monde, le Maroc d\u2019Achraf Hakimi fait tout de m\u00eame partie des \u00e9quipes \u00e0 \u00e9viter dans le deuxi\u00e8me chapeau. S\u2019ils ont perdu de leur lustre pass\u00e9, les Uruguayens et les Colombiens ne seraient sans doute pas bons \u00e0 prendre non plus. Dans le troisi\u00e8me chapeau, la Norv\u00e8ge d\u2019Erling Haaland a d\u00e9montr\u00e9 en l\u2019emportant 4-1 \u00e0 Milan qu\u2019il faudra compter avec elle. Reste \u00e0 savoir si le groupe de la France serait plus compliqu\u00e9 avec la Norv\u00e8ge, issue du pot 3, ou potentiellement l\u2019Italie, qui pourrait venir du pot 4\u2026 en cas de qualification.\u00a0<\/p>\n<p><strong>Les pires groupes possibles pour les Bleus\u00a0: France<\/strong>, Uruguay\/Colombie, Norv\u00e8ge et Ghana ou <strong>France<\/strong>, Maroc, Paraguay et Italie ou <strong>France<\/strong>, Croatie, Paraguay, Ghana<\/p>\n<p>\n        18:50\n            <\/p>\n<p class=\"fig-live-post__title\" role=\"heading\" aria-level=\"3\">Les dirigeants des pays h\u00f4tes montent sur sc\u00e8ne<\/p>\n<p class=\"fig-paragraph\">Le pr\u00e9sident am\u00e9ricain Donald Trump, la pr\u00e9sidente du Mexique Claudia Sheinbaum et le Premier Ministre canadien Mark Carney s\u2019expriment \u00e0 leur tour, chacun \u00e0 leur pupitre color\u00e9. Le tirage au sort se met dans le m\u00eame temps en place. Plus que quelques minutes \u00e0 patienter&#8230;<\/p>\n<p>    Donald Trump, la pr\u00e9sidente du Mexique Claudia Sheinbaum et le Premier Ministre canadien Mark Carney.<br \/>\n                Kevin Lamarque \/ REUTERS<\/p>\n<p>\n        18:48\n            <\/p>\n<p class=\"fig-live-post__title\" role=\"heading\" aria-level=\"3\">Et si la France h\u00e9ritait d\u2019un tirage&#8230; tr\u00e8s fran\u00e7ais ?<\/p>\n<p class=\"fig-paragraph\">Un groupe avec quatre s\u00e9lectionneurs fran\u00e7ais\u00a0? C\u2019est possible. Didier Deschamps y serait oppos\u00e9 au Franco-Marocain Walid Regragui, s\u00e9lectionneur des Lions de l\u2019Atlas, Herv\u00e9 Renard (Arabie saoudite) et\u00a0<a href=\"http:\/\/www.lefigaro.fr\/sports\/football\/coupe-du-monde\/sebastien-migne-selectionneur-francais-d-haiti-nous-n-irons-pas-au-mondial-en-touriste-20251205\" data-fig-type=\"NewsFlash\" data-gtm-custom-categorie=\"navigation\" data-gtm-custom-action=\"crossclick\" data-gtm-custom-label=\"Contextuel\" data-gtm-event=\"customEventSPE\" data-fig-domain=\"LEFIGARO\" target=\"_blank\" rel=\"noopener\">S\u00e9bastien Mign\u00e9 (Ha\u00efti).<\/a>\u00a0Deux autres techniciens fran\u00e7ais tenteront de s\u2019inviter \u00e0 la f\u00eate via les barrages intercontinentaux, S\u00e9bastien Desabre (RD Congo) et Johann Sidaner (Nouvelle-Cal\u00e9donie). Dans ce cas pr\u00e9cis, les Bleus ne pourraient toutefois pas croiser la R\u00e9publique d\u00e9mocratique du Congo puisque le Maroc est la seule option possible dans le deuxi\u00e8me chapeau.<\/p>\n<p class=\"fig-paragraph\"><strong>Un groupe \u00e0 l\u2019accent fran\u00e7ais possible\u00a0: <\/strong>France, Maroc, Arabie saoudite et Ha\u00efti ou Nouvelle-Cal\u00e9donie<\/p>\n<p class=\"fig-paragraph\">Parmi ses adversaires potentiels, la France pourrait aussi \u00eatre oppos\u00e9e \u00e0 trois s\u00e9lections pour qui la langue fran\u00e7aise est famili\u00e8re, voire carr\u00e9ment la langue officielle. Nombreuses options pour composer ce groupe&#8230;<\/p>\n<p class=\"fig-paragraph\"><strong>Un groupe francophone possible\u00a0: <\/strong>France, Suisse, Alg\u00e9rie et Ha\u00efti ou France, Suisse, C\u00f4te d\u2019Ivoire et Nouvelle-Cal\u00e9donie<\/p>\n<p>\n        18:47\n            <\/p>\n<p class=\"fig-live-post__title\" role=\"heading\" aria-level=\"3\">Le meilleur tirage pour les Bleus serait&#8230;<\/p>\n<p class=\"fig-paragraph\">Prot\u00e9g\u00e9s en tant que chapeau 1, les Bleus pourraient h\u00e9riter d\u2019un groupe tr\u00e8s abordable sur le papier. De nombreux choix sont possibles pour composer le groupe le plus ais\u00e9.\u00a0<\/p>\n<p><strong>Les groupes (tr\u00e8s) abordables possibles pour les Bleus\u00a0: France<\/strong>, Iran, Panama, Nouvelle-Z\u00e9lande ou <strong>France<\/strong>, Australie, Afrique du Sud et Cura\u00e7ao ou <strong>France<\/strong>, Autriche, Ouzb\u00e9kistan et Jordanie.<\/p>\n<p class=\"fig-body-link\">\n            \u00c0 lire aussi<br \/>\n        <a class=\"fig-body-link__link\" href=\"http:\/\/www.lefigaro.fr\/sports\/football\/coupe-du-monde\/coupe-du-monde-2026-le-plus-facile-groupe-de-la-mort-francophonie-bout-du-monde-quel-tirage-pour-les-bleus-20251204\" data-fig-type=\"NewsFlash\" data-gtm-custom-categorie=\"navigation\" data-gtm-custom-action=\"crossclick\" data-gtm-custom-label=\"Contextuel\" data-gtm-event=\"customEventSPE\" data-fig-domain=\"LEFIGARO\" target=\"_blank\" rel=\"noopener\"><\/p>\n<p>        Coupe du monde 2026\u00a0: le plus facile, groupe de la mort, francophonie, bout du monde&#8230; Quel tirage pour les Bleus\u00a0?<br \/>\n    <\/a>\n<\/p>\n<p>\n        18:41\n            <\/p>\n<p class=\"fig-live-post__title\" role=\"heading\" aria-level=\"3\">L\u2019in\u00e9dit \u00abPrix FIFA pour la paix &#8211; Le football unit le monde\u00bb est remis \u00e0 Donald Trump<\/p>\n<p class=\"fig-paragraph\">Gianni Infantino accueille le pr\u00e9sident am\u00e9ricain sur sc\u00e8ne. \u00abVoici votre prix pour la paix et une m\u00e9daille pour vous, que vous porterez l\u00e0 o\u00f9 vous le voulez. Et vous recevrez \u00e9galement un certificat.\u00bb<\/p>\n<p class=\"fig-paragraph\">\u00abLe prix de la paix est d\u00e9livr\u00e9 chaque ann\u00e9e par la FIFA \u00e0 ceux qui unissent le monde\u00bb, d\u00e9veloppe le pr\u00e9sident de la FIFA, avant d\u2019honorer Donald Trump \u00aben reconnaissance de ses actions extraordinaires pour promouvoir la paix \u00e0 travers le monde. Un dirigeant qui se soucie du bien-\u00eatre des peuples.\u00bb<\/p>\n<p class=\"fig-paragraph\">\u00abNous voyons des images de guerre dans le monde, nous souffrons pour chaque enfant qui meurt, nous souffrons avec chaque m\u00e8re qui perd un \u00eatre aim\u00e9. Nous voulons voir la paix, l\u2019unit\u00e9. Nous voulons voir un avenir dans le monde\u00bb, poursuit Gianni Infantino. Et de conclure en s\u2019adressant \u00e0 Donald Trump\u00a0: \u00abMonsieur Le Pr\u00e9sident, vous m\u00e9ritez ce prix pour vos actions. Vous pouvez toujours compter sur mon soutien et le soutien de la communaut\u00e9 du football.\u00bb<\/p>\n<p class=\"fig-paragraph\">Le pr\u00e9sident des \u00c9tats-Unis prend la parole \u00e0 son tour\u00a0: \u00abC\u2019est l\u2019un des plus grands honneurs de ma vie. Au-del\u00e0 des prix, on a sauv\u00e9 des millions de vies. Le Congo est un exemple. Plus de 10 millions de morts et on se dirigeait vers 10 millions de plus\u2026 Le fait que j\u2019ai r\u00e9ussi \u00e0 faire cela, l\u2019Inde, le Pakistan, tant de guerres auxquelles on a r\u00e9ussi \u00e0 mettre fin, parfois m\u00eame avant qu\u2019elles d\u00e9marrent. C\u2019est un honneur d\u2019\u00eatre ici avec Gianni. Il a fait un travail incroyable. Vous avez \u00e9tabli de nouveaux records de ventes de billet. Je veux le mettre en avant. Au football, c\u2019est incroyable, des chiffres comme on n\u2019en avait jamais vu, je crois que cela d\u00e9passe vos esp\u00e9rances.\u00bb<\/p>\n<p class=\"fig-paragraph\">Donald Trump en termine, tr\u00e8s diplomate\u00a0: \u00abJe veux remercier ma famille, la premi\u00e8re dame Melania. Je pense que vous aurez un \u00e9v\u00e9nement comme le monde n\u2019en a jamais vu. Je n\u2019ai jamais vu un tel enthousiasme. On a eu une excellente relation de travail avec le Canada, le premier ministre canadien est l\u00e0, la pr\u00e9sidente du Mexique aussi. Nos relations ont \u00e9t\u00e9 incroyables. Je veux remercier vos pays, vous tous ici pr\u00e9sents. Le monde est plus s\u00fbr que jamais. Les \u00c9tats-Unis se portaient tr\u00e8s mal il y a un an. Et maintenant, nous sommes au sommet.\u00bb<\/p>\n<p>    Gianni Infantino r\u00e9compense Donald Trump.<br \/>\n                Carlos Barria \/ REUTERS<\/p>\n<p>\n        18:35\n            <\/p>\n<p class=\"fig-live-post__title\" role=\"heading\" aria-level=\"3\">Les images marquantes du tirage au sort<\/p>\n<p class=\"fig-paragraph\"><strong>DIAPORAMA &#8211; <\/strong>Retrouvez les images fortes de la c\u00e9r\u00e9monie du tirage de la Coupe du monde 2026, ce vendredi, \u00e0 Washington DC.<\/p>\n<p>                    <a href=\"https:\/\/photo.lefigaro.fr\/sports\/football\/coupe-du-monde\/coupe-du-monde-2026-les-images-marquantes-du-tirage-au-sort-20251205\" target=\"_blank\" rel=\"noopener\"><\/p>\n<p class=\"fig-slideshow__title\">\n                    Coupe du monde 2026\u00a0: les images marquantes du tirage au sort\n                <\/p>\n<p>Acc\u00e9der au diaporama (11)<\/p>\n<p>    <\/a><\/p>\n<p>\n        18:30\n            <\/p>\n<p class=\"fig-live-post__title\" role=\"heading\" aria-level=\"3\">Rappel des chapeaux du tirage au sort<\/p>\n<p class=\"fig-paragraph\"><strong>Chapeau 1<\/strong>\u00a0: Canada, Mexique, \u00c9tats-Unis, Espagne, Argentine, France, Angleterre, Br\u00e9sil, Portugal, Pays-Bas, Belgique, Allemagne<\/p>\n<p class=\"fig-paragraph\"><strong>Chapeau 2<\/strong>\u00a0: Croatie, Maroc, Colombie, Uruguay, Suisse, Japon, S\u00e9n\u00e9gal, Iran, Cor\u00e9e du Sud, \u00c9quateur, Autriche, Australie<\/p>\n<p class=\"fig-paragraph\"><strong>Chapeau 3<\/strong>\u00a0: Norv\u00e8ge, Panama, \u00c9gypte, Alg\u00e9rie, \u00c9cosse, Paraguay, Tunisie, C\u00f4te d\u2019Ivoire, Ouzb\u00e9kistan, Qatar, Arabie saoudite, Afrique du Sud<\/p>\n<p class=\"fig-paragraph\"><strong>Chapeau 4<\/strong>\u00a0: Jordanie, Cap-Vert, Ghana, Cura\u00e7ao, Ha\u00efti, Nouvelle-Z\u00e9lande, qualifi\u00e9s barrages europ\u00e9ens A, B, C et D, qualifi\u00e9s tournois de barrage Fifa 1 et 2<\/p>\n<\/p>\n<p>\n        18:23\n            <\/p>\n<p class=\"fig-live-post__title\" role=\"heading\" aria-level=\"3\">Au tour de Robbie Wiliiams d\u2019assurer le spectacle<\/p>\n<p class=\"fig-paragraph\">Le show se poursuit. Nicole Scherzinger rejoint Robbie Wiliiams sur sc\u00e8ne pour interpr\u00e9ter l\u2019hymne officiel de la FIFA, Desire.<\/p>\n<p>    Nicole Scherzinger et Robbie Wiliiams.<br \/>\n                Kevin Lamarque \/ REUTERS<\/p>\n<p>\n        18:20\n            <\/p>\n<p class=\"fig-live-post__title\" role=\"heading\" aria-level=\"3\">\u00abLa FIFA est le fournisseur officiel de bonheur de l\u2019humanit\u00e9\u00bb, d\u00e9clare Gianni Infantino<\/p>\n<p class=\"fig-paragraph\">Le pr\u00e9sident de la FIFA monte sur sc\u00e8ne et prend la parole\u00a0: \u00abBonjour \u00e0 tous. Bienvenue dans toutes les langues du monde et bien s\u00fbr dans la langue du football. Le foot, langage du bonheur et de l\u2019amour. La FIFA est le fournisseur officiel de bonheur de l\u2019humanit\u00e9. Accueillez s\u2019il vous pla\u00eet le pr\u00e9sident Donald Trump et madame la premi\u00e8re dame des \u00c9tats-Unis Melania. Et bienvenue \u00e9galement \u00e0 la pr\u00e9sidente du Mexique Claudia Sheinbaum et au Premier Ministre canadien Mark Carney. Merci \u00e0 tous pour votre pr\u00e9sence.\u00bb<\/p>\n<p class=\"fig-paragraph\">\u00abNous sommes ici pour c\u00e9l\u00e9brer le tirage de la plus grande Coupe du monde de tous les temps. Le plus grand \u00e9v\u00e8nement que l\u2019humanit\u00e9 ait connu. \u00c7a va \u00eatre stratosph\u00e9rique, spectaculaire. C\u2019est l\u2019\u00e9quivalent de 104 Super Bowl que l\u2019on va organiser en un mois\u00bb, ajoute Gianni Infantino en d\u00e9taillant les chiffres fous du Mondial (stades, spectateurs attendus, nombre d\u2019\u00e9quipes&#8230;)<\/p>\n<p class=\"fig-paragraph\">Le patron du football mondial termine en mettant l\u2019ambiance. Il demande coup sur coup au public de crier \u00abUSA, USA, USA\u00a0!\u00bb, \u00abCanada, Canada, Canada\u00a0!\u00bb puis \u00abMexico, Mexico, Mexico\u00a0!\u00bb. Il fait le show.<\/p>\n<p>    Gianni Infantino salue les chefs d\u2019Etat qui accueillent le Mondial 2026.<br \/>\n                Carlos Barria \/ REUTERS<\/p>\n<p>\n        18:09\n            <\/p>\n<p class=\"fig-live-post__title\" role=\"heading\" aria-level=\"3\">Hugo Lloris, capitaine des champions du monde 2018, r\u00e9pond aux questions de M6<\/p>\n<p class=\"fig-paragraph\">\u00abIl y a de l\u2019excitation et une part d\u2019inconnu avant ce tirage. On aimerait un tirage cl\u00e9ment pour les Fran\u00e7ais. En tout cas, avec le nouveau format, les favoris sont assez prot\u00e9g\u00e9s. Il ne faudra pas \u00eatre pr\u00eats trop rapidement dans la comp\u00e9tition, plus on avance, plus il faut \u00e9lever notre niveau. Le succ\u00e8s se construit, puis il y aura un match suppl\u00e9mentaire \u00e0 g\u00e9rer (16es de finale). On peut faire confiance \u00e0 Didier Deschamps et son staff pour g\u00e9rer au mieux.\u00bb<\/p>\n<p>\n        18:06\n            <\/p>\n<p class=\"fig-live-post__title\" role=\"heading\" aria-level=\"3\">La France \u00aba une grande \u00e9quipe\u00bb souffle Donald Trump<\/p>\n<p class=\"fig-paragraph\">Le pr\u00e9sident am\u00e9ricain a gliss\u00e9 quelques mots au diffuseur M6\u00a0: \u00abLa France a une grande \u00e9quipe, elle fait \u00e9videmment partie des favoris. Nous sommes pr\u00eats \u00e0 accueillir la Coupe du monde.\u00bb<\/p>\n<p>\n        18:04\n            <\/p>\n<p class=\"fig-live-post__title\" role=\"heading\" aria-level=\"3\">La c\u00e9r\u00e9monie a d\u00e9but\u00e9 au John F. Kennedy Center de Washington<\/p>\n<p class=\"fig-paragraph\">Le chanteur italien Andrea Bocelli lance la soir\u00e9e, pr\u00e9sent\u00e9e par le trio de stars Kevin Hart, Heidi Klum et Danny Ramirez.<\/p>\n<p>\n        17:56\n            <\/p>\n<p class=\"fig-live-post__title\" role=\"heading\" aria-level=\"3\">Coupe du monde 2026 : \u00e9largissement \u00e0 48 pays, vraie fausse bonne id\u00e9e<\/p>\n<p class=\"fig-paragraph\">Au-del\u00e0 d\u2019une vitrine qui appara\u00eet all\u00e9chante \u00e0 bien des \u00e9gards, l\u2019\u00e9largissement \u00e0 48 nations pour l\u2019\u00e9dition 2026 apporte plus de probl\u00e8mes que de solutions&#8230;<\/p>\n<p class=\"fig-paragraph\">Lire l\u2019humeur du Figaro sur la Coupe du monde 2026\u00a0:\u00a0<a href=\"http:\/\/www.lefigaro.fr\/sports\/football\/coupe-du-monde\/coupe-du-monde-2026-elargissement-a-48-pays-vraie-fausse-bonne-idee-20251205\" data-fig-type=\"NewsFlash\" data-gtm-custom-categorie=\"navigation\" data-gtm-custom-action=\"crossclick\" data-gtm-custom-label=\"Contextuel\" data-gtm-event=\"customEventSPE\" data-fig-domain=\"LEFIGARO\" target=\"_blank\" rel=\"noopener\"><strong>Coupe du monde 2026\u00a0: \u00e9largissement \u00e0 48 pays, vraie fausse bonne id\u00e9e<\/strong><\/a><\/p>\n<p>\n        17:50\n            <\/p>\n<p class=\"fig-live-post__title\" role=\"heading\" aria-level=\"3\">\u00abUn grand honneur d\u2019\u00eatre ici\u00bb, d\u00e9clare Donald Trump<\/p>\n<p class=\"fig-paragraph\">\u00c0 quelques minutes du d\u00e9but de la c\u00e9r\u00e9monie, le pr\u00e9sident am\u00e9ricain s\u2019est arr\u00eat\u00e9 au micro de\u00a0<a href=\"https:\/\/rmcsport.bfmtv.com\/football\/coupe-du-monde\/direct-coupe-de-monde-2026-suivez-le-tirage-au-sort-des-groupes-de-la-phase-de-poule-en-live_LN-202512050657.html\" target=\"_blank\" rel=\"sponsored noopener\" data-gtm-custom-categorie=\"navigation\" data-gtm-custom-action=\"crossclick\" data-gtm-custom-label=\"Contextuel\" data-gtm-event=\"customEventSPE\">RMC Sport<\/a>\u00a0: \u00abC\u2019est un grand honneur d\u2019\u00eatre ici. Gianni Infantino a fait un travail fantastique. Les ventes de billets battent des records, c\u2019est g\u00e9nial. Est-ce que les \u00c9tats-Unis ont une chance de gagner la Coupe du monde\u00a0? Je pense que oui, une petite chance. C\u2019est une comp\u00e9tition difficile mais on a une chance. Quel pays vais-je soutenir\u00a0? Vous savez, j\u2019ai l\u2019habitude de soutenir beaucoup de pays. Mais ce coup-ci, je vais surtout \u00eatre derri\u00e8re les \u00c9tats-Unis.\u00bb<\/p>\n<p class=\"fig-paragraph\">\u00abC\u2019est un grand jour et c\u2019est un sport formidable\u00bb, a par ailleurs ajout\u00e9 Donald Trump, cit\u00e9 par l\u2019AFP, sur le tapis rouge du Kennedy Center, la grande salle de spectacles de Washington qui accueille l\u2019\u00e9v\u00e9nement.<\/p>\n<p>    Donald Trump avec Gianni Infantino ce vendredi.<br \/>\n                Brian Snyder \/ REUTERS<\/p>\n<p>\n        17:46\n            <\/p>\n<p class=\"fig-live-post__title\" role=\"heading\" aria-level=\"3\">S\u00e9bastien Mign\u00e9, s\u00e9lectionneur fran\u00e7ais d\u2019Ha\u00efti : \u00abLes Bleus jouent le titre, on boxe dans une autre cat\u00e9gorie\u00bb<\/p>\n<p class=\"fig-paragraph\"><a href=\"http:\/\/www.lefigaro.fr\/sports\/football\/coupe-du-monde\/qui-est-sebastien-migne-le-francais-qui-a-qualifie-haiti-au-mondial-2026-mais-qui-n-y-a-jamais-mis-les-pieds-20251121\" target=\"_blank\" data-fig-type=\"NewsFlash\" rel=\"noopener\" data-gtm-custom-categorie=\"navigation\" data-gtm-custom-action=\"crossclick\" data-gtm-custom-label=\"Contextuel\" data-gtm-event=\"customEventSPE\" data-fig-domain=\"LEFIGARO\">S\u00e9bastien Mign\u00e9<\/a>, 53\u00a0ans, joueur modeste dans les ann\u00e9es 1990 (La Roche-sur-Yon, Mougins, Vallauris, Hoxton), devenu entra\u00eeneur adjoint de\u00a0<a href=\"http:\/\/www.lefigaro.fr\/flash-sport\/foot-papin-quitte-son-poste-d-entraineur-de-la-reserve-de-l-om-20250530\" target=\"_blank\" data-fig-type=\"NewsFlash\" rel=\"noopener\" data-gtm-custom-categorie=\"navigation\" data-gtm-custom-action=\"crossclick\" data-gtm-custom-label=\"Contextuel\" data-gtm-event=\"customEventSPE\" data-fig-domain=\"LEFIGARO\">Jean-Pierre Papin<\/a>\u00a0(Strasbourg, Lens),\u00a0<a href=\"https:\/\/www.lefigaro.fr\/sports\/football\/en-afrique-il-ne-faut-pas-avoir-peur-d-etre-remis-dans-l-avion-le-soir-meme-herve-renard-et-claude-le-roy-se-confient-au-figaro-20240115\" target=\"_blank\" data-fig-type=\"Article\" rel=\"noopener\" data-gtm-custom-categorie=\"navigation\" data-gtm-custom-action=\"crossclick\" data-gtm-custom-label=\"Contextuel\" data-gtm-event=\"customEventSPE\" data-fig-domain=\"LEFIGARO\">Claude Le Roy<\/a>\u00a0(Oman), avant d\u2019\u00e9pouser une carri\u00e8re de num\u00e9ro un (Congo, Kenya, Guin\u00e9e \u00e9quatoriale), va d\u00e9couvrier l\u2019\u00e9t\u00e9 prochain la Coupe du monde en tant que s\u00e9lectionneur d\u2019Ha\u00efti. Les Grenadiers, 84e\u00a0nation au classement Fifa, disputeront leur deuxi\u00e8me Mondial apr\u00e8s 1974, sans avoir jou\u00e9 un seul match devant leur public,\u00a0<a href=\"http:\/\/www.lefigaro.fr\/international\/ils-ne-comprennent-que-les-coups-de-baton-face-a-haiti-plongee-dans-le-chaos-la-republique-dominicaine-assume-son-mur-et-ses-expulsions-massives-20250720\" target=\"_blank\" data-fig-type=\"Article\" rel=\"noopener\" data-gtm-custom-categorie=\"navigation\" data-gtm-custom-action=\"crossclick\" data-gtm-custom-label=\"Contextuel\" data-gtm-event=\"customEventSPE\" data-fig-domain=\"LEFIGARO\">ins\u00e9curit\u00e9 au pays oblige<\/a>. Entre ambition, fiert\u00e9 et contexte national instable, le technicien fran\u00e7ais se confie au\u00a0Figaro\u00a0avant l\u2019immense rendez-vous qui l\u2019attend.<\/p>\n<p class=\"fig-paragraph\">Lire l\u2019interview compl\u00e8te du Figaro\u00a0:\u00a0<a href=\"http:\/\/www.lefigaro.fr\/sports\/football\/coupe-du-monde\/sebastien-migne-selectionneur-francais-d-haiti-nous-n-irons-pas-au-mondial-en-touriste-20251205\" data-fig-type=\"NewsFlash\" data-gtm-custom-categorie=\"navigation\" data-gtm-custom-action=\"crossclick\" data-gtm-custom-label=\"Contextuel\" data-gtm-event=\"customEventSPE\" data-fig-domain=\"LEFIGARO\" target=\"_blank\" rel=\"noopener\"><strong>S\u00e9bastien Mign\u00e9, s\u00e9lectionneur fran\u00e7ais d\u2019Ha\u00efti&#8230; qui n\u2019y a jamais mis les pieds\u00a0: \u00abNous n\u2019irons pas au Mondial en touriste\u00bb<\/strong><\/a><\/p>\n<p>\n        17:43\n            <\/p>\n<p class=\"fig-live-post__title\" role=\"heading\" aria-level=\"3\">Donald Trump est bien l\u00e0, aux c\u00f4t\u00e9s du pr\u00e9sident de la FIFA Gianni Infantino<\/p>\n<p>    Donald Trump et Gianni Infantino.<br \/>\n                Jonathan Ernst \/ REUTERS<\/p>\n<p>\n        17:40\n            <\/p>\n<p class=\"fig-live-post__title\" role=\"heading\" aria-level=\"3\">Donald Trump, Heidi Klum, Andrea Bocelli, Village People&#8230; Quelles sont les stars pr\u00e9vues au tirage de la Coupe du monde 2026 ?<\/p>\n<p class=\"fig-paragraph\">Show \u00e0 l\u2019am\u00e9ricaine pour le tirage au sort de la\u00a0<a href=\"http:\/\/www.lefigaro.fr\/sports\/football\/coupe-du-monde\/coupe-du-monde-2025-chapeaux-protections-calendrier-les-procedures-du-tirage-20251125\" target=\"_blank\" data-fig-type=\"NewsFlash\" rel=\"noopener\" data-gtm-custom-categorie=\"navigation\" data-gtm-custom-action=\"crossclick\" data-gtm-custom-label=\"Contextuel\" data-gtm-event=\"customEventSPE\" data-fig-domain=\"LEFIGARO\">Coupe du monde de football 2026<\/a>, au John F. Kennedy Center \u00e0 Washington. Au programme, on annonce une pr\u00e9sentation de la c\u00e9r\u00e9monie par le trio de stars Kevin Hart, Heidi Klum et Danny Ramirez. Des performances musicales sont aussi pr\u00e9vues, assur\u00e9es notamment par Andrea Bocelli, Robbie Williams en duo avec Nicole Scherzinger, mais aussi les Village People. Sous les yeux du pr\u00e9sident am\u00e9ricain Donald Trump.<\/p>\n<p>                    <a href=\"https:\/\/photo.lefigaro.fr\/sports\/football\/coupe-du-monde\/quelles-stars-seront-presentes-lors-du-tirage-au-sort-de-la-coupe-du-monde-de-football-2026-ce-vendredi-20251203\" target=\"_blank\" rel=\"noopener\"><\/p>\n<p class=\"fig-slideshow__title\">\n                    Quelles stars seront pr\u00e9sentes lors du tirage au sort de la Coupe du Monde de football 2026 ce vendredi\u00a0?\n                <\/p>\n<p>Acc\u00e9der au diaporama (8)<\/p>\n<p>    <\/a><\/p>\n<p>\n        17:35\n            <\/p>\n<p class=\"fig-live-post__title\" role=\"heading\" aria-level=\"3\">Carlo Ancelotti et Rudi Garcia s\u2019installent<\/p>\n<p class=\"fig-paragraph\">Le s\u00e9lectionneur italien du Br\u00e9sil et l\u2019entra\u00eeneur fran\u00e7ais, \u00e0 la t\u00eate de la Belgique, seront bient\u00f4t fix\u00e9s.<\/p>\n<p>    Rudi Garcia et Carlo Ancelotti se saluent.<br \/>\n                STEPHANIE SCARBROUGH \/ REUTERS<\/p>\n<p>\n        17:33\n            <\/p>\n<p class=\"fig-live-post__title\" role=\"heading\" aria-level=\"3\">Rappel des chapeaux pour le tirage au sort<\/p>\n<p class=\"fig-paragraph\"><strong>Chapeau 1<\/strong>\u00a0: Canada, Mexique, \u00c9tats-Unis, Espagne, Argentine, France, Angleterre, Br\u00e9sil, Portugal, Pays-Bas, Belgique, Allemagne<\/p>\n<p class=\"fig-paragraph\"><strong>Chapeau 2<\/strong>\u00a0: Croatie, Maroc, Colombie, Uruguay, Suisse, Japon, S\u00e9n\u00e9gal, Iran, Cor\u00e9e du Sud, \u00c9quateur, Autriche, Australie<\/p>\n<p class=\"fig-paragraph\"><strong>Chapeau 3<\/strong>\u00a0: Norv\u00e8ge, Panama, \u00c9gypte, Alg\u00e9rie, \u00c9cosse, Paraguay, Tunisie, C\u00f4te d\u2019Ivoire, Ouzb\u00e9kistan, Qatar, Arabie saoudite, Afrique du Sud<\/p>\n<p class=\"fig-paragraph\"><strong>Chapeau 4<\/strong>\u00a0: Jordanie, Cap-Vert, Ghana, Cura\u00e7ao, Ha\u00efti, Nouvelle-Z\u00e9lande, barrages europ\u00e9ens A, B, C et D, tournois de barrage Fifa 1 et 2<\/p>\n<p class=\"fig-paragraph\">Une chose est d\u00e9j\u00e0 certaine concernant les trois pays organisateurs\u00a0: le Mexique sera dans le groupe A, le Canada ira dans la poule B et les \u00c9tats-Unis, dans le groupe D. Dans une logique \u00abd\u2019\u00e9quilibre comp\u00e9titif, deux parcours distincts vers les demi-finales ont \u00e9t\u00e9 mis en place lors de l\u2019\u00e9laboration du calendrier des matchs\u00bb, avait expliqu\u00e9 la FIFA dans un communiqu\u00e9.<\/p>\n<p>\n        17:30\n            <\/p>\n<p class=\"fig-live-post__title\" role=\"heading\" aria-level=\"3\">Blaise Matuidi et Javier Pastore sont \u00e0 Washington<\/p>\n<p class=\"fig-paragraph\">Le champion du monde 2018 Blaise Matuidi et son ancien co\u00e9quipier au PSG, l\u2019Argentin Javier Pastore, vont assister \u00e0 ce tirage au sort.<\/p>\n<p>\n        17:26\n            <\/p>\n<p class=\"fig-live-post__title\" role=\"heading\" aria-level=\"3\">\u00abNid\u00bb futuriste, \u00e9cran \u00e0 360\u00b0, vue sur les montagnes&#8230; En images, les 16 stades de la Coupe du monde 2026<\/p>\n<p class=\"fig-paragraph\">Du Mexique au Canada en passant par les quatre coins des \u00c9tats-Unis, la\u00a0<a href=\"http:\/\/www.lefigaro.fr\/sports\/football\/coupe-du-monde\/coupe-du-monde-2026-italie-haiti-maroc-curacao-norvege-le-meilleur-et-le-pire-tirage-pour-les-bleus-20251125\" target=\"_blank\" data-fig-type=\"NewsFlash\" rel=\"noopener\" data-gtm-custom-categorie=\"navigation\" data-gtm-custom-action=\"crossclick\" data-gtm-custom-label=\"Contextuel\" data-gtm-event=\"customEventSPE\" data-fig-domain=\"LEFIGARO\">Coupe du Monde 2026\u00a0<\/a>va nous faire voyager l\u2019\u00e9t\u00e9 prochain. Au total, 16 stades ont \u00e9t\u00e9 retenus par la FIFA pour accueillir les 104 matchs jou\u00e9s par les 48 \u00e9quipes nationales. Les organisateurs ont fait le choix de les s\u00e9parer en trois zones. Une au nord-ouest des \u00c9tats-Unis avec trois villes am\u00e9ricaines (Seattle, San Francisco et Los Angeles) et une canadienne (Vancouver). Une deuxi\u00e8me zone au sud compos\u00e9 de trois stades am\u00e9ricains (Kansas City, Houston et Dallas) ainsi que trois enceintes mexicaines (Mexico, Guadalajara et Monterrey). Et enfin une derni\u00e8re zone \u00e0 l\u2019est avec cinq villes am\u00e9ricaines (Boston, New York, Philadelphie, Atlanta et Miami) et une canadienne (Toronto). D\u00e9couvrez en images les 16 enceintes.<\/p>\n<p>                    <a href=\"https:\/\/photo.lefigaro.fr\/sports\/football\/coupe-du-monde\/nid-futuriste-ecran-a-3600-vue-sur-les-montagnes-en-images-les-16-stades-de-la-coupe-du-monde-2026-20251201\" target=\"_blank\" rel=\"noopener\"><\/p>\n<p class=\"fig-slideshow__title\">\n                    \u00abNid\u00bb futuriste, \u00e9cran \u00e0 360\u00b0, vue sur les montagnes&#8230; En images, les 16 stades de la Coupe du monde 2026\n                <\/p>\n<p>Acc\u00e9der au diaporama (16)<\/p>\n<p>    <\/a><\/p>\n<p>\n        17:24\n            <\/p>\n<p class=\"fig-live-post__title\" role=\"heading\" aria-level=\"3\">L\u2019insolite relation entre Donald Trump et Gianni Infantino, le \u00abstrat\u00e8ge-courtisan\u00bb \u00e0 la t\u00eate de la FIFA<\/p>\n<p class=\"fig-paragraph\">Sur la photo officielle du\u00a0<a href=\"http:\/\/www.lefigaro.fr\/international\/au-sommet-de-charm-el-cheikh-le-president-americain-tend-la-main-a-l-autorite-palestinienne-20251013\" target=\"_blank\" data-fig-type=\"Article\" rel=\"noopener\" data-gtm-custom-categorie=\"navigation\" data-gtm-custom-action=\"crossclick\" data-gtm-custom-label=\"Contextuel\" data-gtm-event=\"customEventSPE\" data-fig-domain=\"LEFIGARO\">sommet de Charm el-Cheikh<\/a>\u00a0\u00abpour la paix \u00e0 Gaza\u00bb, la pr\u00e9sence de cet homme altier et souriant d\u00e9tonne. Il n\u2019est ni roi, ni chef d\u2019\u00c9tat, ni premier ministre. Pas m\u00eame \u00e9missaire de l\u2019Organisation des Nations unies. Encore moins pr\u00e9sident d\u2019une ONG qui \u0153uvrerait \u00e0 l\u2019acheminement de l\u2019aide humanitaire dans le\u00a0<a href=\"http:\/\/www.lefigaro.fr\/international\/a-la-pelle-ou-a-la-pioche-la-bande-de-gaza-a-la-recherche-de-ses-10-000-disparus-20251120\" target=\"_blank\" data-fig-type=\"Article\" rel=\"noopener\" data-gtm-custom-categorie=\"navigation\" data-gtm-custom-action=\"crossclick\" data-gtm-custom-label=\"Contextuel\" data-gtm-event=\"customEventSPE\" data-fig-domain=\"LEFIGARO\">territoire enclav\u00e9 palestinien<\/a>. Sur l\u2019estrade sur\u00e9lev\u00e9e, ce 13 novembre 2025, il se tient dans son costume bleu nuit juste derri\u00e8re les premiers ministres espagnol et hongrois et \u00e0 une poign\u00e9e de main de\u00a0<a href=\"http:\/\/www.lefigaro.fr\/international\/mahmoud-abbas-au-figaro-le-hamas-n-aura-aucun-role-dans-la-gouvernance-de-gaza-20251111\" target=\"_blank\" data-fig-type=\"Article\" rel=\"noopener\" data-gtm-custom-categorie=\"navigation\" data-gtm-custom-action=\"crossclick\" data-gtm-custom-label=\"Contextuel\" data-gtm-event=\"customEventSPE\" data-fig-domain=\"LEFIGARO\">Mahmoud Abbas<\/a>, le pr\u00e9sident de l\u2019autorit\u00e9 palestinienne, en haut \u00e0 gauche du clich\u00e9. Emmanuel Macron, Abdel Fattah al-Sissi, Giorgia Meloni &#8211; pour ne citer qu\u2019eux &#8211; sont \u00e9galement pr\u00e9sents. Cet homme helv\u00e9tico-italo-libanais \u00e2g\u00e9 de 55 ans s\u2019appelle Gianni Infantino. Il est pr\u00e9sident de la F\u00e9d\u00e9ration internationale de football&#8230;<\/p>\n<p class=\"fig-paragraph\">Lire le r\u00e9cit complet du Figaro\u00a0:\u00a0<a href=\"http:\/\/www.lefigaro.fr\/international\/l-insolite-relation-entre-donald-trump-et-gianni-infantino-le-stratege-courtisan-a-la-tete-de-la-fifa-20251205\" data-fig-type=\"Article\" data-gtm-custom-categorie=\"navigation\" data-gtm-custom-action=\"crossclick\" data-gtm-custom-label=\"Contextuel\" data-gtm-event=\"customEventSPE\" data-fig-domain=\"LEFIGARO\" target=\"_blank\" rel=\"noopener\"><strong>L\u2019insolite relation entre Donald Trump et Gianni Infantino, le \u00abstrat\u00e8ge-courtisan\u00bb \u00e0 la t\u00eate de la FIFA<\/strong><\/a><\/p>\n<p>    Gianni Infantino, pr\u00e9sident de la FIFA, est arriv\u00e9 \u00e0 Washington.<br \/>\n                Brian Snyder \/ REUTERS<\/p>\n<p>\n        17:20\n            <\/p>\n<p class=\"fig-live-post__title\" role=\"heading\" aria-level=\"3\">Donald Trump sera bien pr\u00e9sent au tirage au sort<\/p>\n<p class=\"fig-paragraph\">La porte-parole de la Maison Blanche l\u2019a annonc\u00e9 lundi, le pr\u00e9sident des \u00c9tats-Unis est attendu au John F. Kennedy Center de Washington ce vendredi. Le Pr\u00e9sident des \u00c9tats-Unis a fait de la Coupe du monde 2026 un \u00e9v\u00e8nement primordial de son second mandat.<\/p>\n<p>    Donald Trump ne va rater le tirage au sort de la Coupe du monde 2026.<br \/>\n                Brian Snyder \/ REUTERS<\/p>\n<p>\n        17:16\n            <\/p>\n<p class=\"fig-live-post__title\" role=\"heading\" aria-level=\"3\">Le meilleur tirage pour les Bleus serait&#8230;<\/p>\n<p class=\"fig-paragraph\">\u00c0 l\u2019inverse, les Bleus pourraient h\u00e9riter d\u2019un groupe pour lequel il faudrait aller fouiner dans les bas-fonds du classement Fifa. Dans ce cas, pas d\u2019affiche all\u00e9chante sur le papier. De nombreux choix possibles pour composer le groupe le plus ais\u00e9.\u00a0<\/p>\n<p><strong>Les groupes (tr\u00e8s) abordables possibles pour les Bleus\u00a0: <\/strong>France, Iran, Panama, Nouvelle-Z\u00e9lande ou France, Australie, Afrique du Sud et Cura\u00e7ao ou France, Autriche, Ouzb\u00e9kistan et Jordanie.<\/p>\n<p class=\"fig-body-link\">\n            \u00c0 lire aussi<br \/>\n        <a class=\"fig-body-link__link\" href=\"http:\/\/www.lefigaro.fr\/sports\/football\/coupe-du-monde\/coupe-du-monde-2026-le-plus-facile-groupe-de-la-mort-francophonie-bout-du-monde-quel-tirage-pour-les-bleus-20251204\" data-fig-type=\"NewsFlash\" data-gtm-custom-categorie=\"navigation\" data-gtm-custom-action=\"crossclick\" data-gtm-custom-label=\"Contextuel\" data-gtm-event=\"customEventSPE\" data-fig-domain=\"LEFIGARO\" target=\"_blank\" rel=\"noopener\"><\/p>\n<p>        Coupe du monde 2026\u00a0: le plus facile, groupe de la mort, francophonie, bout du monde&#8230; Quel tirage pour les Bleus\u00a0?<br \/>\n    <\/a>\n<\/p>\n<p>\n        17:13\n            <\/p>\n<p class=\"fig-live-post__title\" role=\"heading\" aria-level=\"3\">Le pire tirage pour les Bleus serait&#8230;<\/p>\n<p class=\"fig-paragraph\">Demi-finaliste de la derni\u00e8re Coupe du monde, le Maroc d\u2019Achraf Hakimi fait partie des \u00e9quipes \u00e0 \u00e9viter dans le deuxi\u00e8me chapeau. S\u2019ils ont perdu de leur lustre pass\u00e9, les Uruguayens et les Colombiens ne seraient sans doute pas bons \u00e0 prendre non plus. Dans le troisi\u00e8me chapeau, la Norv\u00e8ge d\u2019Erling Haaland a d\u00e9montr\u00e9 en l\u2019emportant 4-1 \u00e0 Milan qu\u2019il faudra compter avec elle. Reste \u00e0 savoir si le groupe de la France serait plus compliqu\u00e9 avec la Norv\u00e8ge, issue du pot 3, ou potentiellement l\u2019Italie, qui pourrait venir du pot 4\u2026 en cas de qualification.\u00a0<\/p>\n<p><strong>Les \u00abgroupes de la mort\u00bb possibles pour les Bleus\u00a0:<\/strong> France, Uruguay\/Colombie, Norv\u00e8ge et Ghana ou France, Maroc, Paraguay et Italie ou France, Croatie, Paraguay, Ghana<\/p>\n<p>\n        17:09\n            <\/p>\n<p class=\"fig-live-post__title\" role=\"heading\" aria-level=\"3\">Didier Deschamps, son adjoint Guy St\u00e9phan et le pr\u00e9sident de la F\u00e9d\u00e9ration fran\u00e7aise de football Philippe Diallo sont arriv\u00e9s \u00e0 Washington<\/p>\n<p>    Didier Deschamps, son adjoint Guy St\u00e9phan et le pr\u00e9sident de la F\u00e9d\u00e9ration fran\u00e7aise de football Philippe Diallo.<br \/>\n                Brian Snyder \/ REUTERS<\/p>\n<p>\n        17:07\n            <\/p>\n<p class=\"fig-live-post__title\" role=\"heading\" aria-level=\"3\">Quel tirage au sort pour l\u2019\u00e9quipe de France ?<\/p>\n<p class=\"fig-paragraph\">Les Bleus vont conna\u00eetre, durant\u00a0<a href=\"http:\/\/www.lefigaro.fr\/sports\/football\/coupe-du-monde\/coupe-du-monde-2026-le-plus-facile-groupe-de-la-mort-francophonie-bout-du-monde-quel-tirage-pour-les-bleus-20251204\" data-fig-type=\"NewsFlash\" data-gtm-custom-categorie=\"navigation\" data-gtm-custom-action=\"crossclick\" data-gtm-custom-label=\"Contextuel\" data-gtm-event=\"customEventSPE\" data-fig-domain=\"LEFIGARO\" target=\"_blank\" rel=\"noopener\">ce tirage au sort<\/a>, leurs adversaires pour le premier tour de la Coupe du monde 2026 aux \u00c9tats-Unis, au Canada et au Mexique (11 juin-19 juillet). Rappelons que l\u2019on conna\u00eet, \u00e0 date, 42 des 48 qualifi\u00e9s pour le tournoi. 48 nations qui seront r\u00e9parties en 12 groupes de quatre. Pour ce qui est du calendrier, le lieu et les horaires des matchs, il faudra encore attendre 24 heures et en l\u2019occurrence samedi, \u00e0 partir de 18 heures.<\/p>\n<p class=\"fig-body-link\">\n            \u00c0 lire aussi<br \/>\n        <a class=\"fig-body-link__link\" href=\"http:\/\/www.lefigaro.fr\/sports\/football\/coupe-du-monde\/coupe-du-monde-2026-le-plus-facile-groupe-de-la-mort-francophonie-bout-du-monde-quel-tirage-pour-les-bleus-20251204\" data-fig-type=\"NewsFlash\" data-gtm-custom-categorie=\"navigation\" data-gtm-custom-action=\"crossclick\" data-gtm-custom-label=\"Contextuel\" data-gtm-event=\"customEventSPE\" data-fig-domain=\"LEFIGARO\" target=\"_blank\" rel=\"noopener\"><\/p>\n<p>        Coupe du monde 2026\u00a0: le plus facile, groupe de la mort, francophonie, bout du monde&#8230; Quel tirage pour les Bleus\u00a0?<br \/>\n    <\/a>\n<\/p>\n<p class=\"fig-paragraph\">Quelques r\u00e8gles \u00e0 avoir en t\u00eate avant le tirage qui va r\u00e9v\u00e9ler 12 groupes de quatre nations, r\u00e9parties par chapeaux (en fonction du classement FIFA). Il n\u2019y aura pas plus d\u2019une \u00e9quipe par conf\u00e9d\u00e9ration dans chaque groupe. Une exception pour l\u2019Europe, qui pr\u00e9sentera 16 \u00e9quipes sur la ligne de d\u00e9part, pas plus de deux par poule en provenance du Vieux continent. Les futurs qualifi\u00e9s via les barrages &#8211; m\u00eame s\u2019il s\u2019agit des favoris comme la Turquie, la Pologne, le Danemark et l\u2019Italie &#8211; int\u00e9greront le quatri\u00e8me pot.<\/p>\n<\/p>\n<p>\n        17:01\n            <\/p>\n<p class=\"fig-live-post__title\" role=\"heading\" aria-level=\"3\">Du tr\u00e8s beau monde sur le tapis rouge<\/p>\n<p class=\"fig-paragraph\">Iker Casillas, George Weah, Herv\u00e9 Renard, Marcel Desailly mais aussi l\u2019ex-star de la NBA, Shaquille O\u2019Neal, qui participera au tirage au sort ce soir, sont arriv\u00e9es sur le tapis rouge au John F. Kennedy Center de Washington.<\/p>\n<p>    Marcel Desailly (\u00e0 gauche) est \u00e0 Washington.<br \/>\n                Brian Snyder \/ REUTERS<\/p>\n<p>\n        16:58\n            <\/p>\n<p class=\"fig-live-post__title\" role=\"heading\" aria-level=\"3\">Il neige \u00e0 Washington<\/p>\n<p class=\"fig-paragraph\">Des temp\u00e9ratures n\u00e9gatives et des flocons accompagnent cette journ\u00e9e dans la capitale am\u00e9ricaine. La c\u00e9r\u00e9monie du tirage au sort devrait commencer \u00e0 partir de 12h heure locale, 18h en France.<\/p>\n<p>    La Maison Blanche sous la neige.<br \/>\n                Jonathan Ernst \/ REUTERS<\/p>\n<p>\n        16:52\n            <\/p>\n<p class=\"fig-live-post__title\" role=\"heading\" aria-level=\"3\">Bienvenue sur ce live !<\/p>\n<p class=\"fig-paragraph\">Bonjour \u00e0 toutes et \u00e0 tous et bienvenue sur le site du Figaro pour suivre en direct comment\u00e9 le tirage au sort de la Coupe du monde 2026 (11 juin-19 juillet) de football.<\/p>\n<p class=\"fig-paragraph\">L\u2019\u00e9v\u00e8nement, qui lance le Mondial nord-am\u00e9ricain, a lieu ce vendredi \u00e0 partir de 18 heures au John F. Kennedy Center de Washington.<\/p>\n<p>                Les publications appara\u00eetront ici<\/p>\n<p>        Fermer<\/p>\n","protected":false},"excerpt":{"rendered":"Vendredi 5 d\u00e9cembre 21:19 Fin de ce live ! Merci \u00e0 toutes et \u00e0 tous d\u2019avoir suivi le&hellip;\n","protected":false},"author":2,"featured_media":583522,"comment_status":"","ping_status":"","sticky":false,"template":"","format":"standard","meta":{"footnotes":""},"categories":[1587],"tags":[11,672,1804,1981,451,6714,18833,1805,1803,20532,814,75,20535,64,1777,674,63,27,1801,6477,955,12,28931,4589,1463,28930,1802,1980],"class_list":{"0":"post-583521","1":"post","2":"type-post","3":"status-publish","4":"format-standard","5":"has-post-thumbnail","7":"category-allemagne","8":"tag-actualites","9":"tag-allemagne","10":"tag-bundesrepublik-deutschland","11":"tag-classement","12":"tag-coupe-du-monde","13":"tag-coupe-du-monde-2022","14":"tag-coupe-du-monde-2026","15":"tag-de","16":"tag-deutschland","17":"tag-didier-deschamps","18":"tag-direct","19":"tag-donald-trump","20":"tag-eliminatoires","21":"tag-equipe-de-france","22":"tag-eu","23":"tag-europe","24":"tag-football","25":"tag-france","26":"tag-germany","27":"tag-kylian-mbappe","28":"tag-match","29":"tag-news","30":"tag-phase-de-groupes","31":"tag-phase-finale","32":"tag-qatar","33":"tag-qualif","34":"tag-republique-federale-dallemagne","35":"tag-resultats"},"share_on_mastodon":{"url":"https:\/\/pubeurope.com\/@fr\/115676471902044783","error":""},"_links":{"self":[{"href":"https:\/\/www.europesays.com\/fr\/wp-json\/wp\/v2\/posts\/583521","targetHints":{"allow":["GET"]}}],"collection":[{"href":"https:\/\/www.europesays.com\/fr\/wp-json\/wp\/v2\/posts"}],"about":[{"href":"https:\/\/www.europesays.com\/fr\/wp-json\/wp\/v2\/types\/post"}],"author":[{"embeddable":true,"href":"https:\/\/www.europesays.com\/fr\/wp-json\/wp\/v2\/users\/2"}],"replies":[{"embeddable":true,"href":"https:\/\/www.europesays.com\/fr\/wp-json\/wp\/v2\/comments?post=583521"}],"version-history":[{"count":0,"href":"https:\/\/www.europesays.com\/fr\/wp-json\/wp\/v2\/posts\/583521\/revisions"}],"wp:featuredmedia":[{"embeddable":true,"href":"https:\/\/www.europesays.com\/fr\/wp-json\/wp\/v2\/media\/583522"}],"wp:attachment":[{"href":"https:\/\/www.europesays.com\/fr\/wp-json\/wp\/v2\/media?parent=583521"}],"wp:term":[{"taxonomy":"category","embeddable":true,"href":"https:\/\/www.europesays.com\/fr\/wp-json\/wp\/v2\/categories?post=583521"},{"taxonomy":"post_tag","embeddable":true,"href":"https:\/\/www.europesays.com\/fr\/wp-json\/wp\/v2\/tags?post=583521"}],"curies":[{"name":"wp","href":"https:\/\/api.w.org\/{rel}","templated":true}]}}