{"id":583523,"date":"2025-12-07T04:47:21","date_gmt":"2025-12-07T04:47:21","guid":{"rendered":"https:\/\/www.europesays.com\/fr\/583523\/"},"modified":"2025-12-07T04:47:21","modified_gmt":"2025-12-07T04:47:21","slug":"ch-deurope-grousset-encore-en-or","status":"publish","type":"post","link":"https:\/\/www.europesays.com\/fr\/583523\/","title":{"rendered":"Ch. d&rsquo;Europe: Grousset encore en or"},"content":{"rendered":"<p><strong>Apr\u00e8s le titre europ\u00e9en sur le<br \/>\n100m papillon ce vendredi, Maxime Grousset a domin\u00e9 le 100m nage<br \/>\nlibre. B\u00e9ryl Gastadello a termin\u00e9 deuxi\u00e8me sur la m\u00eame distance<br \/>\nquand Mewen Tomac a manqu\u00e9 le podium sur le 200m quatre<br \/>\nnages.<\/strong><\/p>\n<p><strong>Maxime Grousset n\u2019\u00e9tait pas du tout rassasi\u00e9.<\/strong><br \/>\nApr\u00e8s avoir remport\u00e9 l\u2019argent sur le 100m quatre nages puis s\u2019\u00eatre<br \/>\noffert un premier titre europ\u00e9en ce vendredi sur le 100m papillon,<br \/>\n<strong>le natif de Noum\u00e9a n\u2019a laiss\u00e9 \u00e0 personne la m\u00e9daille d\u2019or<br \/>\nsur le 100m nage libre<\/strong>. Au terme d\u2019une finale qu\u2019il a<br \/>\ndomin\u00e9 de la t\u00eate et des \u00e9paules, le double champion du monde cette<br \/>\nann\u00e9e \u00e0 Singapour s\u2019est impos\u00e9 en 45\u2019\u201917, battant tr\u00e8s nettement<br \/>\nson record personnel sur la distance et repoussant la concurrence \u00e0<br \/>\nquasiment une demi-seconde. En effet, le Croate Jere Hribar a pris<br \/>\nla deuxi\u00e8me place en 45\u2019\u201964 devant le Britannique Matthew Richards<br \/>\n(45\u2019\u201982). Un palmar\u00e8s sur ces championnats d\u2019Europe organis\u00e9s \u00e0<br \/>\nLublin que le N\u00e9o-Cal\u00e9donien pourrait encore enrichir ce dimanche<br \/>\nlors de la derni\u00e8re journ\u00e9e. En effet, <strong>il a valid\u00e9 son<br \/>\nbillet pour la finale du 50m nage libre en signant le meilleur<br \/>\ntemps des demi-finales (20\u2019\u201983).<\/strong><\/p>\n<p>Si la Marseillaise a pu \u00eatre entendue pour Maxime Grousset,<br \/>\n<strong>B\u00e9ryl Gastaldello a manqu\u00e9 de peu l\u2019occasion de s\u2019offrir un<br \/>\ntitre europ\u00e9en<\/strong>. A l\u2019occasion de la finale du 100m nage<br \/>\nlibre f\u00e9minin, la native de Marseille n\u2019a rien pu faire face \u00e0<br \/>\nMarrit Steenbergen. Avec un nouveau record d\u2019Europe en 50\u2019\u201942, la<br \/>\nN\u00e9erlandaise a domin\u00e9 la course avec 18 centi\u00e8mes d\u2019avance sur la<br \/>\nTricolore (50\u2019\u201960) quand le podium est compl\u00e9t\u00e9 par l\u2019Italienne<br \/>\nSara Curtis (51\u2019\u201926). <strong>B\u00e9ryl Gastaldello aura \u00e9galement une<br \/>\nnouvelle opportunit\u00e9 de monter sur la plus haute marche du podium<br \/>\nce dimanche lors de la finale du 50m nage libre<\/strong>. Si elle a<br \/>\n\u00e9t\u00e9 battue par Katarzyna Wasick lors de sa demi-finale, la<br \/>\nMarseillaise a sign\u00e9 le troisi\u00e8me temps cumul\u00e9 en 23\u2019\u201967). Analia<br \/>\nPigr\u00e9e aura \u00e9galement l\u2019occasion de briller lors de la finale du<br \/>\n50m dos apr\u00e8s avoir sign\u00e9 le quatri\u00e8me temps des demi-finales<br \/>\n(26\u2019\u201933).<\/p>\n<p>Tomac manque une nouvelle<br \/>\nm\u00e9daille<\/p>\n<p>Apr\u00e8s l\u2019argent sur le 100m dos ce vendredi, Mewen Tomac pouvait<br \/>\ncroire \u00e0 une deuxi\u00e8me m\u00e9daille \u00e0 l\u2019occasion de la finale du 200m<br \/>\nquatre nages. <strong>Mais, s\u2019il a pu am\u00e9liorer son record<br \/>\npersonnel en 1\u201952\u2019\u201979, ce temps ne lui a valu qu\u2019une quatri\u00e8me<br \/>\nplace au terme du parcours<\/strong>. En effet, la m\u00e9daille d\u2019or est<br \/>\nrevenue \u00e0 l\u2019Espagnol Hugo Gonzalez en 1\u201951\u2019\u201939 devant l\u2019Italien<br \/>\nAlberto Razzetti (1\u201952\u2019\u201905) quand le Turc Berke Saka compl\u00e8te le<br \/>\npodium (1\u201952\u2019\u201925) une demi-seconde devant Mewen Tomac. Apr\u00e8s cette<br \/>\nd\u00e9ception, le natif d\u2019Evreux a trouv\u00e9 les ressources pour se<br \/>\nremobiliser en vue des demi-finales du 50m dos. <strong>Troisi\u00e8me<br \/>\nde sa course en 22\u2019\u201998, il a sign\u00e9 le cinqui\u00e8me temps au cumul mais<br \/>\nil ne sera pas le seul Tricolore lors de cette finale<\/strong>. En<br \/>\neffet, Lucien Vergnes a \u00e9galement pass\u00e9 le \u00ab cut \u00bb. Quatri\u00e8me de<br \/>\nl\u2019autre demi-finale en 23\u2019\u201908, il signe le huiti\u00e8me temps avec<br \/>\nseulement trois centi\u00e8mes de marge.<\/p>\n","protected":false},"excerpt":{"rendered":"Apr\u00e8s le titre europ\u00e9en sur le 100m papillon ce vendredi, Maxime Grousset a domin\u00e9 le 100m nage libre.&hellip;\n","protected":false},"author":2,"featured_media":583524,"comment_status":"","ping_status":"","sticky":false,"template":"","format":"standard","meta":{"footnotes":""},"categories":[1586],"tags":[11,2180,1777,674,1011,27,69695,68823,69696,5216,12,69697,25,57681,68825],"class_list":{"0":"post-583523","1":"post","2":"type-post","3":"status-publish","4":"format-standard","5":"has-post-thumbnail","7":"category-europe","8":"tag-actualites","9":"tag-championnats-deurope","10":"tag-eu","11":"tag-europe","12":"tag-fr","13":"tag-france","14":"tag-gastaldello","15":"tag-grousset","16":"tag-lublin","17":"tag-natation","18":"tag-news","19":"tag-petit-bassin","20":"tag-republique-francaise","21":"tag-sport365-fr","22":"tag-tomac"},"share_on_mastodon":{"url":"https:\/\/pubeurope.com\/@fr\/115676475906611126","error":""},"_links":{"self":[{"href":"https:\/\/www.europesays.com\/fr\/wp-json\/wp\/v2\/posts\/583523","targetHints":{"allow":["GET"]}}],"collection":[{"href":"https:\/\/www.europesays.com\/fr\/wp-json\/wp\/v2\/posts"}],"about":[{"href":"https:\/\/www.europesays.com\/fr\/wp-json\/wp\/v2\/types\/post"}],"author":[{"embeddable":true,"href":"https:\/\/www.europesays.com\/fr\/wp-json\/wp\/v2\/users\/2"}],"replies":[{"embeddable":true,"href":"https:\/\/www.europesays.com\/fr\/wp-json\/wp\/v2\/comments?post=583523"}],"version-history":[{"count":0,"href":"https:\/\/www.europesays.com\/fr\/wp-json\/wp\/v2\/posts\/583523\/revisions"}],"wp:featuredmedia":[{"embeddable":true,"href":"https:\/\/www.europesays.com\/fr\/wp-json\/wp\/v2\/media\/583524"}],"wp:attachment":[{"href":"https:\/\/www.europesays.com\/fr\/wp-json\/wp\/v2\/media?parent=583523"}],"wp:term":[{"taxonomy":"category","embeddable":true,"href":"https:\/\/www.europesays.com\/fr\/wp-json\/wp\/v2\/categories?post=583523"},{"taxonomy":"post_tag","embeddable":true,"href":"https:\/\/www.europesays.com\/fr\/wp-json\/wp\/v2\/tags?post=583523"}],"curies":[{"name":"wp","href":"https:\/\/api.w.org\/{rel}","templated":true}]}}