{"id":583525,"date":"2025-12-07T04:48:16","date_gmt":"2025-12-07T04:48:16","guid":{"rendered":"https:\/\/www.europesays.com\/fr\/583525\/"},"modified":"2025-12-07T04:48:16","modified_gmt":"2025-12-07T04:48:16","slug":"il-aurait-eu-cent-ans-jean-dormesson-publie-doutre-tombe","status":"publish","type":"post","link":"https:\/\/www.europesays.com\/fr\/583525\/","title":{"rendered":"Il aurait eu cent ans. Jean d\u2019Ormesson publie d\u2019outre-tombe"},"content":{"rendered":"<p>C&rsquo;est l&rsquo;un des premiers textes de <a class=\"Link\" href=\"https:\/\/www.lepoint.fr\/culture\/monsieur-jean-d-ormesson-08-12-2018-2277521_3.php\" title=\"\" data-gtm=\"click:capsule\" data-capsule=\"Lien\" target=\"_blank\" rel=\"noopener\">Jean d&rsquo;Ormesson<\/a>, \u00e9crit en 1958, jamais publi\u00e9. Le voil\u00e0 entre nos mains, huit ans apr\u00e8s sa mort, l&rsquo;ann\u00e9e o\u00f9 il aurait eu 100\u00a0ans. Le jeune journaliste n&rsquo;avait alors \u00e9crit qu&rsquo;un roman mais en avait lu des centaines, avec une passion pour ceux de celui qu&rsquo;il appelait l&rsquo;\u00ab\u00a0Enchanteur\u00a0\u00bb, g\u00e9nie entre tous que l&rsquo;on retrouvera dans ses livres\u00a0: Chateaubriand, son \u00ab\u00a0p\u00e8re spirituel\u00a0\u00bb.<\/p>\n<p>La newsletter culture<\/p>\n<p class=\"period\">Tous les mercredis \u00e0 16h<\/p>\n<p>Recevez l\u2019actualit\u00e9 culturelle de la semaine \u00e0 ne pas manquer ainsi que les Enqu\u00eates, d\u00e9cryptages, portraits, tendances\u2026<\/p>\n<p>Merci !<br \/>Votre inscription a bien \u00e9t\u00e9 prise en compte avec l&rsquo;adresse email :<\/p>\n<p>Pour d\u00e9couvrir toutes nos autres newsletters, rendez-vous ici : <a href=\"https:\/\/moncompte.lepoint.fr\/\" title=\"\" target=\"_blank\" rel=\"noopener\">MonCompte<\/a><\/p>\n<p>En vous inscrivant, vous acceptez les <a href=\"https:\/\/www.lepoint.fr\/html\/cgu\/\" title=\"Conditions g\u00e9n\u00e9rales d&#039;utilisation\" target=\"_blank\" rel=\"noopener\">conditions g\u00e9n\u00e9rales d\u2019utilisations<\/a> et notre <a href=\"https:\/\/www.lepoint.fr\/html\/politique-de-protection-donnees-personnelles\/\" title=\"Politique de confidentialit\u00e9\" target=\"_blank\" rel=\"noopener\">politique de confidentialit\u00e9<\/a>.<\/p>\n<p>Fascin\u00e9 par l&rsquo;\u0153uvre du m\u00e9morialiste breton, d&rsquo;abord, par son souffle, ses inspirations (la mer, les for\u00eats, Dieu), sa conversion, ses contradictions, Jean d&rsquo;O l&rsquo;\u00e9tait aussi par l&rsquo;homme, l&rsquo;\u00e9ternel nostalgique, l&rsquo;\u00e9picurien m\u00e9lancolique, l&rsquo;ermite mondain, le magouilleur loyal, le \u00ab\u00a0nageur entre deux rives\u00a0\u00bb, fou de vie, de femmes et de po\u00e9sie comme lui.<\/p>\n<p>\u00ab\u00a0Quelque chose de plus fort que la mort\u2026\u00a0\u00bb<\/p>\n<p>Sorte de chass\u00e9-crois\u00e9 de deux destins en forme de com\u00e8tes, portrait en miroir du ma\u00eetre par l&rsquo;\u00e9l\u00e8ve, salade d&rsquo;enchanteurs (qui enchante qui\u00a0?), ce livre est une passerelle de pages entre deux immortels et notre monde. Modeste et radieux, avec ses \u00e9clats et ses merveilleuses h\u00e9sitations. \u00ab\u00a0Nous avons pris le parti d&rsquo;\u00e9diter tr\u00e8s exactement le texte, en l&rsquo;\u00e9tat, pr\u00e9cise sa fille et \u00e9ditrice H\u00e9lo\u00efse d&rsquo;Ormesson en avertissement. Sans escamoter telle phrase au parfum d&rsquo;inach\u00e8vement, sans chercher \u00e0 clarifier une formulation \u00e9vasive.\u00a0\u00bb Quand l&rsquo;Enchanteur vint au monde rappelle qu&rsquo;il y a bel et bien \u00ab\u00a0quelque chose de plus fort que la mort\u00a0: c&rsquo;est la pr\u00e9sence des absents dans la m\u00e9moire des vivants\u00a0\u00bb. <\/p>\n<p>\n\u00c0 D\u00e9couvrir<br \/>\n<strong class=\"discover-kangourou__line\"><br \/>\n<img decoding=\"async\" class=\"discover-kangourou__img\" src=\"https:\/\/static.lpnt.fr\/static\/img\/kangourou\/kangourou_filled.svg\"\/><br \/>\n<strong class=\"discover-kangourou__txt\"><br \/>\n<strong>Le Kangourou du jour<\/strong><br \/>\n<a href=\"https:\/\/kangourou.lepoint.fr\" title=\"kangourou\" data-gtm-cta=\"kangourou_article\" class=\"discover-kangourou__lnk\" target=\"_blank\" rel=\"noopener\"><br \/>\nR\u00e9pondre<br \/>\n<\/a><br \/>\n<\/strong><br \/>\n<\/strong><br \/>\n\u00ab\u00a0Un jour, je m&rsquo;en irai sans en avoir tout dit\u00a0\u00bb, avait promis Jean d&rsquo;O (en 2013). En refermant son petit livre d&rsquo;aube et de cr\u00e9puscule, on a envie de lui dire merci de tenir ses promesses, m\u00eame d&rsquo;outre-tombe.<\/p>\n<p>\u00ab\u00a0Quand l&rsquo;Enchanteur vint au monde\u00a0\u00bb, de Jean d&rsquo;Ormesson (H\u00e9lo\u00efse d&rsquo;Ormesson, 192\u00a0p., 18,50\u00a0\u20ac).<\/p>\n<p>Toute l\u2019actualit\u00e9 \u00e0 1\u20ac le premier mois<\/p>\n<p><a href=\"https:\/\/abo.lepoint.fr\/?provenance=21EDI020098\" class=\"btn\" title=\"S&#039;abonner\" data-gtm=\"click:abo|display:abo\" data-campaign=\"paywall_maison\" target=\"_blank\" rel=\"noopener\">S&rsquo;abonner<\/a><\/p>\n<p>ou<\/p>\n","protected":false},"excerpt":{"rendered":"C&rsquo;est l&rsquo;un des premiers textes de Jean d&rsquo;Ormesson, \u00e9crit en 1958, jamais publi\u00e9. Le voil\u00e0 entre nos mains,&hellip;\n","protected":false},"author":2,"featured_media":583526,"comment_status":"","ping_status":"","sticky":false,"template":"","format":"standard","meta":{"footnotes":""},"categories":[1586],"tags":[11,1777,674,1779,1011,27,31396,12,25,1778,364],"class_list":{"0":"post-583525","1":"post","2":"type-post","3":"status-publish","4":"format-standard","5":"has-post-thumbnail","7":"category-europe","8":"tag-actualites","9":"tag-eu","10":"tag-europe","11":"tag-european-union","12":"tag-fr","13":"tag-france","14":"tag-jean-dormesson","15":"tag-news","16":"tag-republique-francaise","17":"tag-ue","18":"tag-union-europeenne"},"share_on_mastodon":{"url":"https:\/\/pubeurope.com\/@fr\/115676480879163030","error":""},"_links":{"self":[{"href":"https:\/\/www.europesays.com\/fr\/wp-json\/wp\/v2\/posts\/583525","targetHints":{"allow":["GET"]}}],"collection":[{"href":"https:\/\/www.europesays.com\/fr\/wp-json\/wp\/v2\/posts"}],"about":[{"href":"https:\/\/www.europesays.com\/fr\/wp-json\/wp\/v2\/types\/post"}],"author":[{"embeddable":true,"href":"https:\/\/www.europesays.com\/fr\/wp-json\/wp\/v2\/users\/2"}],"replies":[{"embeddable":true,"href":"https:\/\/www.europesays.com\/fr\/wp-json\/wp\/v2\/comments?post=583525"}],"version-history":[{"count":0,"href":"https:\/\/www.europesays.com\/fr\/wp-json\/wp\/v2\/posts\/583525\/revisions"}],"wp:featuredmedia":[{"embeddable":true,"href":"https:\/\/www.europesays.com\/fr\/wp-json\/wp\/v2\/media\/583526"}],"wp:attachment":[{"href":"https:\/\/www.europesays.com\/fr\/wp-json\/wp\/v2\/media?parent=583525"}],"wp:term":[{"taxonomy":"category","embeddable":true,"href":"https:\/\/www.europesays.com\/fr\/wp-json\/wp\/v2\/categories?post=583525"},{"taxonomy":"post_tag","embeddable":true,"href":"https:\/\/www.europesays.com\/fr\/wp-json\/wp\/v2\/tags?post=583525"}],"curies":[{"name":"wp","href":"https:\/\/api.w.org\/{rel}","templated":true}]}}