{"id":583533,"date":"2025-12-07T04:53:18","date_gmt":"2025-12-07T04:53:18","guid":{"rendered":"https:\/\/www.europesays.com\/fr\/583533\/"},"modified":"2025-12-07T04:53:18","modified_gmt":"2025-12-07T04:53:18","slug":"lalterna-stade-poitevin-en-rattrapage-dans-la-capitale","status":"publish","type":"post","link":"https:\/\/www.europesays.com\/fr\/583533\/","title":{"rendered":"l\u2019Alterna Stade Poitevin en rattrapage dans la capitale"},"content":{"rendered":"<p><strong>Paris\u00a0&#8211; Poitiers<\/strong><\/p>\n<p>Ce n\u2019est pas dans ses habitudes. Mardi, apr\u00e8s la d\u00e9faite de l\u2019Alterna Stade Poitevin face \u00e0 Toulouse (2-3), Dan Lewis avait l\u00e2ch\u00e9, en sortant du vestiaire o\u00f9 il avait r\u00e9uni ses joueurs d\u00e8s le dernier point\u00a0: \u00ab\u00a0Toutes les d\u00e9cisions doivent tourner autour du volley. Les gar\u00e7ons pensent \u00e0 trop de choses. Ils doivent choisir.\u00a0\u00bb<\/p>\n<p>Une remise en question de leur investissement\u00a0? Avec le recul, l\u2019entra\u00eeneur poitevin pr\u00e9cise sa pens\u00e9e. \ufeff\u00ab\u00a0La haute performance est quelque chose de vraiment difficile et lorsque l\u2019on est un joueur professionnel, on ne doit penser vraiment qu\u2019\u00e0 cela sans se laisser disperser par autre chose. On a perdu un peu de concentration et de pr\u00e9cision dans notre qualit\u00e9 d\u2019ex\u00e9cution. Lorsque cela arrive, si on n\u2019utilise pas notre t\u00eate, cela peut \u00eatre dangereux car on ne se relance pas.\u00a0\u00bb<\/p>\n","protected":false},"excerpt":{"rendered":"Paris\u00a0&#8211; Poitiers Ce n\u2019est pas dans ses habitudes. Mardi, apr\u00e8s la d\u00e9faite de l\u2019Alterna Stade Poitevin face \u00e0&hellip;\n","protected":false},"author":2,"featured_media":583534,"comment_status":"","ping_status":"","sticky":false,"template":"","format":"standard","meta":{"footnotes":""},"categories":[1417],"tags":[1392,1654,1011,27,1655,1653,60,1584,1470,1469],"class_list":{"0":"post-583533","1":"post","2":"type-post","3":"status-publish","4":"format-standard","5":"has-post-thumbnail","7":"category-volley","8":"tag-a-la-une-local","9":"tag-alterna-stade-poitevin-volley-ball","10":"tag-fr","11":"tag-france","12":"tag-ligue-a","13":"tag-poitiers","14":"tag-sports","15":"tag-vienne","16":"tag-volley","17":"tag-volleyball"},"share_on_mastodon":{"url":"https:\/\/pubeurope.com\/@fr\/115676499389210388","error":""},"_links":{"self":[{"href":"https:\/\/www.europesays.com\/fr\/wp-json\/wp\/v2\/posts\/583533","targetHints":{"allow":["GET"]}}],"collection":[{"href":"https:\/\/www.europesays.com\/fr\/wp-json\/wp\/v2\/posts"}],"about":[{"href":"https:\/\/www.europesays.com\/fr\/wp-json\/wp\/v2\/types\/post"}],"author":[{"embeddable":true,"href":"https:\/\/www.europesays.com\/fr\/wp-json\/wp\/v2\/users\/2"}],"replies":[{"embeddable":true,"href":"https:\/\/www.europesays.com\/fr\/wp-json\/wp\/v2\/comments?post=583533"}],"version-history":[{"count":0,"href":"https:\/\/www.europesays.com\/fr\/wp-json\/wp\/v2\/posts\/583533\/revisions"}],"wp:featuredmedia":[{"embeddable":true,"href":"https:\/\/www.europesays.com\/fr\/wp-json\/wp\/v2\/media\/583534"}],"wp:attachment":[{"href":"https:\/\/www.europesays.com\/fr\/wp-json\/wp\/v2\/media?parent=583533"}],"wp:term":[{"taxonomy":"category","embeddable":true,"href":"https:\/\/www.europesays.com\/fr\/wp-json\/wp\/v2\/categories?post=583533"},{"taxonomy":"post_tag","embeddable":true,"href":"https:\/\/www.europesays.com\/fr\/wp-json\/wp\/v2\/tags?post=583533"}],"curies":[{"name":"wp","href":"https:\/\/api.w.org\/{rel}","templated":true}]}}