{"id":583539,"date":"2025-12-07T04:59:12","date_gmt":"2025-12-07T04:59:12","guid":{"rendered":"https:\/\/www.europesays.com\/fr\/583539\/"},"modified":"2025-12-07T04:59:12","modified_gmt":"2025-12-07T04:59:12","slug":"felipe-orts-simpose-a-xativa-pour-la-copa-de-espana-2025","status":"publish","type":"post","link":"https:\/\/www.europesays.com\/fr\/583539\/","title":{"rendered":"Felipe Orts s\u2019impose \u00e0 X\u00e0tiva pour la Copa de Espa\u00f1a 2025"},"content":{"rendered":"<p>Felipe Orts Lloret a remport\u00e9 ce samedi 6 d\u00e9cembre 2025 le <strong><a href=\"https:\/\/www.velo-club.net\/category\/resultats\/resultats-cyclo-cross\/\" target=\"_blank\" rel=\"noopener\">cyclo-cross<\/a><\/strong> de <strong>X\u00e0tiva<\/strong>, manche <strong>C2 de la Copa de Espa\u00f1a<\/strong>, disput\u00e9 en Espagne. Le coureur espagnol s\u2019impose en <strong>1 h 00 min 52 s<\/strong>.<\/p>\n<p>Le Belge <strong>Yorben Lauryssen<\/strong> prend la deuxi\u00e8me place \u00e0 <strong>1 minute<\/strong>, tandis que l\u2019Espagnol <strong>Kevin Su\u00e1rez Fern\u00e1ndez<\/strong> compl\u00e8te le podium \u00e0 <strong>1 min 04 s<\/strong> du vainqueur. <strong>Ra\u00fal Mira<\/strong> termine au pied du podium avec le m\u00eame \u00e9cart.<\/p>\n<p>Derri\u00e8re, le classement reste tr\u00e8s resserr\u00e9 avec <strong>Kenay De Moyer<\/strong> cinqui\u00e8me \u00e0 1 min 10 s, suivi par <strong>Mario Junquera<\/strong>, <strong>Miguel D\u00edaz P\u00e9rez<\/strong> et <strong>Gonzalo Inguanzo<\/strong>. Le top 10 est compl\u00e9t\u00e9 par <strong>Miguel Rodr\u00edguez Novoa<\/strong> et <strong>Emilio Reinoso<\/strong>.<\/p>\n<p>Cette \u00e9preuve, class\u00e9e <strong>UCI C2<\/strong>, comptait comme manche officielle de la <strong>Copa de Espa\u00f1a 2025 de cyclo-cross<\/strong>, confirmant la domination de Felipe Orts sur la sc\u00e8ne nationale espagnole.<\/p>\n<p>Results powered by <a href=\"https:\/\/firstcycling.com\/race.php?r=7479&amp;y=2025\" title=\"FirstCycling.com\" target=\"_blank\" rel=\"noopener\">FirstCycling.com<\/a><\/p>\n","protected":false},"excerpt":{"rendered":"Felipe Orts Lloret a remport\u00e9 ce samedi 6 d\u00e9cembre 2025 le cyclo-cross de X\u00e0tiva, manche C2 de la&hellip;\n","protected":false},"author":2,"featured_media":583540,"comment_status":"","ping_status":"","sticky":false,"template":"","format":"standard","meta":{"footnotes":""},"categories":[1411],"tags":[1154,207,1011,27,60],"class_list":{"0":"post-583539","1":"post","2":"type-post","3":"status-publish","4":"format-standard","5":"has-post-thumbnail","7":"category-cyclisme","8":"tag-cycling","9":"tag-cyclisme","10":"tag-fr","11":"tag-france","12":"tag-sports"},"share_on_mastodon":{"url":"https:\/\/pubeurope.com\/@fr\/115676523250401050","error":""},"_links":{"self":[{"href":"https:\/\/www.europesays.com\/fr\/wp-json\/wp\/v2\/posts\/583539","targetHints":{"allow":["GET"]}}],"collection":[{"href":"https:\/\/www.europesays.com\/fr\/wp-json\/wp\/v2\/posts"}],"about":[{"href":"https:\/\/www.europesays.com\/fr\/wp-json\/wp\/v2\/types\/post"}],"author":[{"embeddable":true,"href":"https:\/\/www.europesays.com\/fr\/wp-json\/wp\/v2\/users\/2"}],"replies":[{"embeddable":true,"href":"https:\/\/www.europesays.com\/fr\/wp-json\/wp\/v2\/comments?post=583539"}],"version-history":[{"count":0,"href":"https:\/\/www.europesays.com\/fr\/wp-json\/wp\/v2\/posts\/583539\/revisions"}],"wp:featuredmedia":[{"embeddable":true,"href":"https:\/\/www.europesays.com\/fr\/wp-json\/wp\/v2\/media\/583540"}],"wp:attachment":[{"href":"https:\/\/www.europesays.com\/fr\/wp-json\/wp\/v2\/media?parent=583539"}],"wp:term":[{"taxonomy":"category","embeddable":true,"href":"https:\/\/www.europesays.com\/fr\/wp-json\/wp\/v2\/categories?post=583539"},{"taxonomy":"post_tag","embeddable":true,"href":"https:\/\/www.europesays.com\/fr\/wp-json\/wp\/v2\/tags?post=583539"}],"curies":[{"name":"wp","href":"https:\/\/api.w.org\/{rel}","templated":true}]}}