{"id":583541,"date":"2025-12-07T05:00:25","date_gmt":"2025-12-07T05:00:25","guid":{"rendered":"https:\/\/www.europesays.com\/fr\/583541\/"},"modified":"2025-12-07T05:00:25","modified_gmt":"2025-12-07T05:00:25","slug":"en-colere-contre-liverpool-et-arne-slot-mohamed-salah-evoque-un-potentiel-depart-premier-league-j15-leeds-liverpool-3-3","status":"publish","type":"post","link":"https:\/\/www.europesays.com\/fr\/583541\/","title":{"rendered":"En col\u00e8re contre Liverpool et Arne Slot, Mohamed Salah \u00e9voque un potentiel d\u00e9part &#8211; Premier League &#8211; J15 &#8211; Leeds-Liverpool (3-3)"},"content":{"rendered":"<p data-start=\"278\" data-end=\"718\">La col\u00e8re du Pharaon.<\/p>\n<p data-start=\"278\" data-end=\"718\">Liverpool ne parvient toujours pas \u00e0 sortir la t\u00eate de l\u2019eau. <a target=\"_blank\" href=\"https:\/\/www.sofoot.com\/breves\/premier-league-a-leeds-liverpool-ne-sen-sort-pas-malgre-un-double-dhugo-ekitike-marque-en-deux-minutes\" rel=\"noopener\">Accroch\u00e9s au buzzer par Leeds ce samedi<\/a> (3-3), les Reds pataugent \u00e0 une d\u00e9cevante huiti\u00e8me place en Premier League. Et dans cette spirale n\u00e9gative, un homme concentre particuli\u00e8rement l\u2019attention : Mohamed Salah. Avec seulement cinq buts en 19 matchs toutes comp\u00e9titions confondues, l\u2019\u00c9gyptien est rest\u00e9 sur le banc face aux Peacocks, comme lors des deux rencontres pr\u00e9c\u00e9dentes <a target=\"_blank\" href=\"https:\/\/www.sofoot.com\/articles\/arsenal-conserve-la-tete-liverpool-evite-le-pire-et-chelsea-chute-de-haut\" rel=\"noopener\">face \u00e0 Sunderland<\/a> (entr\u00e9e en jeu \u00e0 la mi-temps) <a target=\"_blank\" href=\"https:\/\/www.sofoot.com\/breves\/liverpool-met-fin-a-une-serie-de-trois-defaites-en-gagnant-a-west-ham\" rel=\"noopener\">et West Ham<\/a> (o\u00f9 il n\u2019avait pas \u00e9t\u00e9 utilis\u00e9).<\/p>\n<p>\u00ab\u202f\u202fQuelqu\u2019un ne veut plus de moi au club\u202f\u00bb<\/p>\n<p data-start=\"278\" data-end=\"718\">Des choix forts d\u2019Arne Slot qui contrarient fortement Salah, comme il l\u2019a expliqu\u00e9 \u00e0 TV 2 Sport dans la foul\u00e9e du match nul : \u00ab\u00a0Je suis tr\u00e8s d\u00e9\u00e7u, j\u2019ai tellement fait pour ce club. Tout le monde l\u2019a vu ces derni\u00e8res ann\u00e9es, surtout la saison derni\u00e8re. Je ne comprends pas pourquoi je suis sur le banc. N\u2019importe quel club prot\u00e9gerait son joueur. J\u2019ai l\u2019impression que le club me trahit, c\u2019est vraiment ce que je ressens.\u00a0\u00bb Le malaise semble d\u2019autant plus profond que <a target=\"_blank\" href=\"https:\/\/www.sofoot.com\/breves\/arne-slot-se-justifie-de-la-non-titularisation-de-mohamed-salah-contre-west-ham\" rel=\"noopener\">Salah n\u2019a pas h\u00e9sit\u00e9 \u00e0 \u00e9voquer sa relation d\u00e9sormais distendue avec son entra\u00eeneur<\/a> :\u00a0\u00ab\u00a0J\u2019ai dit \u00e0 maintes reprises que j\u2019entretenais de bonnes relations avec l\u2019entra\u00eeneur, mais soudain, ce n\u2019est plus le cas. Je ne sais pas pourquoi. On dirait que quelqu\u2019un ne veut plus de moi au club. Je n\u2019accepte pas cette situation.\u00a0\u00bb<\/p>\n<blockquote class=\"twitter-tweet-lazy\">\n<p dir=\"ltr\" lang=\"en\">\ud83d\udea8\ud83d\udca3 BREAKING! Mo Salah: \u201cIt\u2019s NOT acceptable to me, to be honest. I don\u2019t know why it happens to me\u201d.<\/p>\n<p>\u201cWe throw Mo under the bus\u2026 because he\u2019s the problem. I don\u2019t think I\u2019m the problem\u201d, told <a target=\"_blank\" href=\"https:\/\/twitter.com\/tv2sport?ref_src=twsrc%5Etfw\" rel=\"noopener\">@tv2sport<\/a>. <a target=\"_blank\" href=\"https:\/\/t.co\/kZ5N2Ui4zs\">pic.twitter.com\/kZ5N2Ui4zs<\/a><\/p>\n<p>\u2014 Fabrizio Romano (@FabrizioRomano) <a target=\"_blank\" href=\"https:\/\/twitter.com\/FabrizioRomano\/status\/1997411854474166314?ref_src=twsrc%5Etfw\" rel=\"noopener\">December 6, 2025<\/a><\/p>\n<\/blockquote>\n<p data-start=\"1431\" data-end=\"1799\">L\u2019ailier de 33 ans, <a target=\"_blank\" href=\"https:\/\/www.sofoot.com\/breves\/liverpool-annonce-la-prolongation-de-mohamed-salah\" rel=\"noopener\">prolong\u00e9 en fin de saison pass\u00e9e pour deux piges sur le bord de la Mersey<\/a>, est m\u00eame all\u00e9 plus loin, laissant planer le doute sur son avenir imm\u00e9diat en \u00e9voquant \u00e0 demi-mot une s\u00e9paration, peut-\u00eatre d\u00e8s son d\u00e9part \u00e0 la CAN en janvier prochain. \u00ab\u00a0\u00c0 Anfield (face \u00e0 Brighton, le 13 d\u00e9cembre prochain), je dirai\u00a0\u201cAu revoir\u201d\u00a0aux supporters, car je pars pour le Championnat d\u2019Afrique. Je ne sais pas ce qui se passera l\u00e0-bas.\u00a0\u00bb<\/p>\n<p data-start=\"1431\" data-end=\"1799\">L\u2019Arabie saoudite se tient pr\u00eate.<\/p>\n<p>\t\t\t\t\t\t\t\t\t\t<a class=\"lien-connexe\" href=\"https:\/\/www.sofoot.com\/breves\/premier-league-a-leeds-liverpool-ne-sen-sort-pas-malgre-un-double-dhugo-ekitike-marque-en-deux-minutes\" target=\"_blank\" rel=\"noopener\">Le doubl\u00e9 express sign\u00e9 Hugo Ekitik\u00e9&#8230; pour rien<\/a>\t\t\t\t\t<script async src=\"https:\/\/platform.twitter.com\/widgets.js\" charset=\"utf-8\"><\/script><\/p>\n","protected":false},"excerpt":{"rendered":"La col\u00e8re du Pharaon. Liverpool ne parvient toujours pas \u00e0 sortir la t\u00eate de l\u2019eau. Accroch\u00e9s au buzzer&hellip;\n","protected":false},"author":2,"featured_media":583542,"comment_status":"","ping_status":"","sticky":false,"template":"","format":"standard","meta":{"footnotes":""},"categories":[1410],"tags":[47,61,69,65,64,63,1011,27,68,66,62,70,67,60],"class_list":{"0":"post-583541","1":"post","2":"type-post","3":"status-publish","4":"format-standard","5":"has-post-thumbnail","7":"category-football","8":"tag-actualite","9":"tag-actus-football","10":"tag-bundesliga","11":"tag-championnats-europeens","12":"tag-equipe-de-france","13":"tag-football","14":"tag-fr","15":"tag-france","16":"tag-ligua","17":"tag-ligue-1","18":"tag-news-foot","19":"tag-premier-league","20":"tag-serie-a","21":"tag-sports"},"share_on_mastodon":{"url":"https:\/\/pubeurope.com\/@fr\/115676526888741110","error":""},"_links":{"self":[{"href":"https:\/\/www.europesays.com\/fr\/wp-json\/wp\/v2\/posts\/583541","targetHints":{"allow":["GET"]}}],"collection":[{"href":"https:\/\/www.europesays.com\/fr\/wp-json\/wp\/v2\/posts"}],"about":[{"href":"https:\/\/www.europesays.com\/fr\/wp-json\/wp\/v2\/types\/post"}],"author":[{"embeddable":true,"href":"https:\/\/www.europesays.com\/fr\/wp-json\/wp\/v2\/users\/2"}],"replies":[{"embeddable":true,"href":"https:\/\/www.europesays.com\/fr\/wp-json\/wp\/v2\/comments?post=583541"}],"version-history":[{"count":0,"href":"https:\/\/www.europesays.com\/fr\/wp-json\/wp\/v2\/posts\/583541\/revisions"}],"wp:featuredmedia":[{"embeddable":true,"href":"https:\/\/www.europesays.com\/fr\/wp-json\/wp\/v2\/media\/583542"}],"wp:attachment":[{"href":"https:\/\/www.europesays.com\/fr\/wp-json\/wp\/v2\/media?parent=583541"}],"wp:term":[{"taxonomy":"category","embeddable":true,"href":"https:\/\/www.europesays.com\/fr\/wp-json\/wp\/v2\/categories?post=583541"},{"taxonomy":"post_tag","embeddable":true,"href":"https:\/\/www.europesays.com\/fr\/wp-json\/wp\/v2\/tags?post=583541"}],"curies":[{"name":"wp","href":"https:\/\/api.w.org\/{rel}","templated":true}]}}