{"id":583543,"date":"2025-12-07T05:02:18","date_gmt":"2025-12-07T05:02:18","guid":{"rendered":"https:\/\/www.europesays.com\/fr\/583543\/"},"modified":"2025-12-07T05:02:18","modified_gmt":"2025-12-07T05:02:18","slug":"decouvrez-la-gagnante-et-le-classement-final-de-la-96eme-edition","status":"publish","type":"post","link":"https:\/\/www.europesays.com\/fr\/583543\/","title":{"rendered":"D\u00e9couvrez la gagnante et le classement final de la 96\u00e8me \u00e9dition"},"content":{"rendered":"<p>La <a href=\"https:\/\/www.20minutes.fr\/arts-stars\/television\/miss_france\/4190077-20251206-direct-miss-france-2026-ceremonie-suivre-20h50\" class=\"c-link c-link--is-underlined\" target=\"_blank\" rel=\"noopener\">grande soir\u00e9e Miss France 2026<\/a> a livr\u00e9 son verdict \u00e0 00.45 samedi soir au sein du Z\u00e9nith d&rsquo;Amiens. C&rsquo;est Hinaupoko Deveze, Miss Tahiti, \u00e2g\u00e9e de 23 ans, qui a \u00e9t\u00e9 couronn\u00e9e en direct sur TF1. Elle s&rsquo;est impos\u00e9e parmis les 30 miss r\u00e9gionales et succ\u00e8de \u00e0 Ang\u00e9lique Angarni-Filopon. <\/p>\n<p>Les DROM-COM tr\u00f4nent les premi\u00e8res places de Miss France 2026<\/p>\n<p>Les t\u00e9l\u00e9spectateurs et le jury (compos\u00e9 de la com\u00e9dienne Mich\u00e8le Bernier, de Miss France 2015 Camille Cerf, de la chanteuse lyrique Axelle Saint-Cirel, du journaliste <a href=\"https:\/\/www.20minutes.fr\/dossier\/bruce_toussaint\" class=\"c-link c-link--is-underlined\" target=\"_blank\" rel=\"noopener\">Bruce Toussaint<\/a>, de l&rsquo;influenceuse Sally, et des humoristes Philippe Caverivi\u00e8re et Tom Villa) ont d\u00e9cid\u00e9 d&rsquo;\u00e9lire <a href=\"https:\/\/www.20minutes.fr\/arts-stars\/television\/miss_france\/4190092-20251207-miss-france-2026-miss-tahiti-couronnee\" class=\"c-link c-link--is-underlined\" target=\"_blank\" rel=\"noopener\">Miss Tahiti comme Miss France 2026<\/a>.<\/p>\n<p>Lors de la traditionnelle question des finalistes, elle a d\u00fb prendre la parole sur : \u00ab Quelles valeurs fran\u00e7aises sont les plus importantes \u00e0 transmettre ? \u00bb. Elle a alors rappel\u00e9 l&rsquo;importance de la devise de la France : Libert\u00e9, \u00e9galit\u00e9, fraternit\u00e9. Engag\u00e9e, elle souhaite v\u00e9hiculer de belles valeurs comme la bienveillance, l\u2019empathie et promouvoir l\u2019\u00e9coute, l\u2019\u00e9ducation et l\u2019acc\u00e8s \u00e0 des ressources pour toutes et tous. Elle voit la France comme \u00ab un pays ouvert au monde \u00bb. Elle a fait des \u00e9tudes de droit et de psychologie, et a d\u00e9couvert le mannequinat. Elle a aussi particip\u00e9 \u00e0 un clip des rappeurs Koba LaD et Naps (la chanson Doudou) et dit s&rsquo;inspirer de&#8230; Rihanna !<\/p>\n<p class=\"mb-m@xs text-l@xs\">En cliquant sur\u00ab J\u2019accepte \u00bb, vous acceptez le d\u00e9p\u00f4t de cookies par des services externes et aurez ainsi acc\u00e8s aux contenus de nos partenaires.<\/p>\n<p class=\"mb-xl@xs text-s@xs\">Plus d\u2019informations sur la page<a href=\"https:\/\/www.20minutes.fr\/gestion-cookies\" class=\"mx-xxs@xs color-ultramarine\" target=\"_blank\" rel=\"noopener\">Politique de gestion des cookies<\/a><\/p>\n<p>J\u2019accepteLe classement final de Miss France 2026<\/p>\n<p>Les 12 demi-finalistes \u00e9taient les Miss Normandie, <a href=\"https:\/\/www.20minutes.fr\/dossier\/c_te_d_azur\" class=\"c-link c-link--is-underlined\" target=\"_blank\" rel=\"noopener\">C\u00f4te d&rsquo;Azur<\/a>, Limousin, Champagne-Ardenne, Nouvelle-Cal\u00e9donie, Roussillon, Guadeloupe, \u00cele-de-France, <a href=\"https:\/\/www.20minutes.fr\/dossier\/picardie\" class=\"c-link c-link--is-underlined\" target=\"_blank\" rel=\"noopener\">Picardie<\/a>, <a href=\"https:\/\/www.20minutes.fr\/dossier\/languedoc\" class=\"c-link c-link--is-underlined\" target=\"_blank\" rel=\"noopener\">Languedoc<\/a>, Tahiti et <a href=\"https:\/\/www.20minutes.fr\/dossier\/auvergne\" class=\"c-link c-link--is-underlined\" target=\"_blank\" rel=\"noopener\">Auvergne<\/a>. Puis, les 5 finalistes retenues ont \u00e9t\u00e9 Miss Roussillon, Nouvelle-Cal\u00e9donie, Guadeloupe, Tahiti et Normandie.<\/p>\n<p><img decoding=\"async\" alt=\"Les cinq finalistes.\" class=\"c-img\" loading=\"lazy\" fetchpriority=\"auto\" width=\"718\"  src=\"https:\/\/img.20mn.fr\/-CDGu4u0Qsm890X1W2AEmSk\/718x0\" \/>Les cinq finalistes.\u2002-\u00a0Sipa<\/p>\n<ul>\n<li>4e dauphine : Miss Roussillon, D\u00e9borah Adelin-Chabal<\/li>\n<li>3e dauphine : Miss <a href=\"https:\/\/www.20minutes.fr\/france\/guadeloupe\/\" class=\"c-link c-link--is-underlined\" target=\"_blank\" rel=\"noopener\">Guadeloupe<\/a>, Naomi Torrent<\/li>\n<li>2e dauphine : Miss <a href=\"https:\/\/www.20minutes.fr\/dossier\/normandie\" class=\"c-link c-link--is-underlined\" target=\"_blank\" rel=\"noopener\">Normandie<\/a>, Victoire Dupuis<\/li>\n<li>1re dauphine : Miss <a href=\"https:\/\/www.20minutes.fr\/dossier\/nouvelle-caledonie\" class=\"c-link c-link--is-underlined\" target=\"_blank\" rel=\"noopener\">Nouvelle-Cal\u00e9donie<\/a>, Juliette Collet<\/li>\n<li>Miss France : Miss Tahiti, Hinaupoko Deveze<\/li>\n<\/ul>\n","protected":false},"excerpt":{"rendered":"La grande soir\u00e9e Miss France 2026 a livr\u00e9 son verdict \u00e0 00.45 samedi soir au sein du Z\u00e9nith&hellip;\n","protected":false},"author":2,"featured_media":583544,"comment_status":"","ping_status":"","sticky":false,"template":"","format":"standard","meta":{"footnotes":""},"categories":[1359],"tags":[58,59,1011,27,9917,3034,973,252,199],"class_list":{"0":"post-583543","1":"post","2":"type-post","3":"status-publish","4":"format-standard","5":"has-post-thumbnail","7":"category-people","8":"tag-divertissement","9":"tag-entertainment","10":"tag-fr","11":"tag-france","12":"tag-jean-pierre-foucault","13":"tag-miss-france","14":"tag-people","15":"tag-television","16":"tag-tf1"},"share_on_mastodon":{"url":"https:\/\/pubeurope.com\/@fr\/115676535570459127","error":""},"_links":{"self":[{"href":"https:\/\/www.europesays.com\/fr\/wp-json\/wp\/v2\/posts\/583543","targetHints":{"allow":["GET"]}}],"collection":[{"href":"https:\/\/www.europesays.com\/fr\/wp-json\/wp\/v2\/posts"}],"about":[{"href":"https:\/\/www.europesays.com\/fr\/wp-json\/wp\/v2\/types\/post"}],"author":[{"embeddable":true,"href":"https:\/\/www.europesays.com\/fr\/wp-json\/wp\/v2\/users\/2"}],"replies":[{"embeddable":true,"href":"https:\/\/www.europesays.com\/fr\/wp-json\/wp\/v2\/comments?post=583543"}],"version-history":[{"count":0,"href":"https:\/\/www.europesays.com\/fr\/wp-json\/wp\/v2\/posts\/583543\/revisions"}],"wp:featuredmedia":[{"embeddable":true,"href":"https:\/\/www.europesays.com\/fr\/wp-json\/wp\/v2\/media\/583544"}],"wp:attachment":[{"href":"https:\/\/www.europesays.com\/fr\/wp-json\/wp\/v2\/media?parent=583543"}],"wp:term":[{"taxonomy":"category","embeddable":true,"href":"https:\/\/www.europesays.com\/fr\/wp-json\/wp\/v2\/categories?post=583543"},{"taxonomy":"post_tag","embeddable":true,"href":"https:\/\/www.europesays.com\/fr\/wp-json\/wp\/v2\/tags?post=583543"}],"curies":[{"name":"wp","href":"https:\/\/api.w.org\/{rel}","templated":true}]}}