{"id":583547,"date":"2025-12-07T05:05:18","date_gmt":"2025-12-07T05:05:18","guid":{"rendered":"https:\/\/www.europesays.com\/fr\/583547\/"},"modified":"2025-12-07T05:05:18","modified_gmt":"2025-12-07T05:05:18","slug":"linvite-la-facture-delectricite-est-en-train-de-detruire-leconomie-francaise","status":"publish","type":"post","link":"https:\/\/www.europesays.com\/fr\/583547\/","title":{"rendered":"[L\u2019INVIT\u00c9] \u00ab\u00a0La facture d&rsquo;\u00e9lectricit\u00e9 est en train de d\u00e9truire l&rsquo;\u00e9conomie fran\u00e7aise \u00bb"},"content":{"rendered":"<p>Avec le nucl\u00e9aire et l\u2019hydro-\u00e9lectricit\u00e9, la France disposait d\u2019une \u00e9nergie abondante pour un prix record, en Europe. Une p\u00e9riode b\u00e9nie lanc\u00e9e sous Pompidou et, d\u00e9sormais, r\u00e9volue sous l\u2019influence d\u2019\u00e9cologistes militants. En deux ans la facture \u00e9lectrique a augment\u00e9 de 35 %, rappelle Fabien Bougl\u00e9, pour qui \u00ab il y a donc bien une acc\u00e9l\u00e9ration de l\u2019augmentation de la facture \u00bb.<br \/>Expert en politique \u00e9nerg\u00e9tique, essayiste (<a href=\"https:\/\/www.amazon.fr\/Eoliennes-face-noire-transition-%C3%A9cologique\/dp\/226810270X\" target=\"_blank\" rel=\"noopener\">\u00c9oliennes. La face noire de la transition \u00e9cologique<\/a>, <a href=\"https:\/\/www.amazon.fr\/Nucl%C3%A9aire-v%C3%A9rit%C3%A9s-lillusion-%C3%A9nergies-renouvelables\/dp\/2268106241\" target=\"_blank\" rel=\"noopener\">Nucl\u00e9aire. Les v\u00e9rit\u00e9s cach\u00e9es<\/a> (\u00c9ditons du Rocher)), Fabien Bougl\u00e9 explique pour la premi\u00e8re fois avec la p\u00e9dagogie qu\u2019on lui conna\u00eet pourquoi ce n\u2019est pas fini ! Radiographie d\u2019un saccage national et d&rsquo;un d\u00e9sastre annonc\u00e9.<\/p>\n<\/p>\n<p>                    <a href=\"#\" rel=\"nofollow\" onclick=\"window.print(); pfTrackEvent('[L\u2019INVIT\u00c9] \u00ab\u00a0La facture d\u2019\u00e9lectricit\u00e9 est en train de d\u00e9truire l\u2019\u00e9conomie fran\u00e7aise \u00bb'); return false;\" title=\"Printer Friendly, PDF &amp; Email\"><br \/>\n                    <img decoding=\"async\" src=\"https:\/\/www.europesays.com\/fr\/wp-content\/uploads\/2025\/04\/printfriendly-icon-sm.png\" alt=\"Print Friendly, PDF &amp; Email\" class=\"pf-button-img\" style=\"width: 17px;height: 17px;\"\/>Imprimer, enregistrer en PDF cet article<br \/>\n                    <\/a><\/p>\n","protected":false},"excerpt":{"rendered":"Avec le nucl\u00e9aire et l\u2019hydro-\u00e9lectricit\u00e9, la France disposait d\u2019une \u00e9nergie abondante pour un prix record, en Europe. Une&hellip;\n","protected":false},"author":2,"featured_media":583548,"comment_status":"","ping_status":"","sticky":false,"template":"","format":"standard","meta":{"footnotes":""},"categories":[1356],"tags":[58,59,1011,27,252,1364],"class_list":{"0":"post-583547","1":"post","2":"type-post","3":"status-publish","4":"format-standard","5":"has-post-thumbnail","7":"category-television","8":"tag-divertissement","9":"tag-entertainment","10":"tag-fr","11":"tag-france","12":"tag-television","13":"tag-tv"},"share_on_mastodon":{"url":"https:\/\/pubeurope.com\/@fr\/115676547400616449","error":""},"_links":{"self":[{"href":"https:\/\/www.europesays.com\/fr\/wp-json\/wp\/v2\/posts\/583547","targetHints":{"allow":["GET"]}}],"collection":[{"href":"https:\/\/www.europesays.com\/fr\/wp-json\/wp\/v2\/posts"}],"about":[{"href":"https:\/\/www.europesays.com\/fr\/wp-json\/wp\/v2\/types\/post"}],"author":[{"embeddable":true,"href":"https:\/\/www.europesays.com\/fr\/wp-json\/wp\/v2\/users\/2"}],"replies":[{"embeddable":true,"href":"https:\/\/www.europesays.com\/fr\/wp-json\/wp\/v2\/comments?post=583547"}],"version-history":[{"count":0,"href":"https:\/\/www.europesays.com\/fr\/wp-json\/wp\/v2\/posts\/583547\/revisions"}],"wp:featuredmedia":[{"embeddable":true,"href":"https:\/\/www.europesays.com\/fr\/wp-json\/wp\/v2\/media\/583548"}],"wp:attachment":[{"href":"https:\/\/www.europesays.com\/fr\/wp-json\/wp\/v2\/media?parent=583547"}],"wp:term":[{"taxonomy":"category","embeddable":true,"href":"https:\/\/www.europesays.com\/fr\/wp-json\/wp\/v2\/categories?post=583547"},{"taxonomy":"post_tag","embeddable":true,"href":"https:\/\/www.europesays.com\/fr\/wp-json\/wp\/v2\/tags?post=583547"}],"curies":[{"name":"wp","href":"https:\/\/api.w.org\/{rel}","templated":true}]}}