{"id":583549,"date":"2025-12-07T05:06:17","date_gmt":"2025-12-07T05:06:17","guid":{"rendered":"https:\/\/www.europesays.com\/fr\/583549\/"},"modified":"2025-12-07T05:06:17","modified_gmt":"2025-12-07T05:06:17","slug":"kreator-rend-hommage-a-lhorreur-des-annees-80-dans-le-clip-de-satanic-anarchy","status":"publish","type":"post","link":"https:\/\/www.europesays.com\/fr\/583549\/","title":{"rendered":"Kreator rend hommage \u00e0 l&rsquo;horreur des ann\u00e9es 80 dans le clip de Satanic Anarchy"},"content":{"rendered":"<p><strong><a href=\"https:\/\/www.metalzone.fr\/kreator\/\" target=\"_blank\" rel=\"noopener\">Kreator<\/a> l\u00e8ve le voile sur un nouveau single percutant, Satanic Anarchy, qui annonce la sortie imminente de son seizi\u00e8me album studio, Krushers Of The World, attendu pour le 16 janvier 2026.<\/strong><\/p>\n<p>Un hommage \u00e0 l\u2019horreur des ann\u00e9es 80<\/p>\n<p>Le groupe allemand de <a href=\"https:\/\/www.metalzone.fr\/thrash-metal\/\" target=\"_blank\" rel=\"noopener\">thrash metal<\/a> poursuit la promotion de son prochain opus avec un clip inspir\u00e9 du film Hellraiser (1987) de Clive Barker. R\u00e9alis\u00e9 par J\u00f6rn Heitmann, le clip de Satanic Anarchy explore les fronti\u00e8res entre chaos et lib\u00e9ration. Comme l\u2019explique Mille Petrozza, leader du groupe : \u201cLes paroles parlent d\u2019une r\u00e9volte divine de l\u2019esprit : rompre le sort de l\u2019ob\u00e9issance, s\u2019unir contre la tyrannie et provoquer le changement l\u00e0 o\u00f9 r\u00e9gnait la peur.\u201d<\/p>\n<p>Un album tr\u00e8s travaill\u00e9, une tourn\u00e9e \u00e0 venir<\/p>\n<p>Ce nouveau morceau s\u2019inscrit dans la campagne de lancement de Krushers Of The World, enregistr\u00e9 en Su\u00e8de avec le producteur Jens Bogren, d\u00e9j\u00e0 aux manettes de Phantom Antichrist et Gods Of Violence. L\u2019album, d\u00e9crit par Petrozza comme le fruit d\u2019un long travail d\u2019\u00e9criture et de pr\u00e9production, m\u00eale intensit\u00e9 et pr\u00e9cision, avec une dynamique collective revendiqu\u00e9e : \u201cTout le monde a donn\u00e9 150 %, et \u00e7a s\u2019entend.\u201d<\/p>\n<p>Trois titres sont d\u00e9j\u00e0 disponibles : Seven Serpents, Tr\u00e4nenpalast \u2014 hommage au cin\u00e9ma de Dario Argento \u2014 et d\u00e9sormais Satanic Anarchy. Une tourn\u00e9e europ\u00e9enne de grande envergure d\u00e9butera en mars 2026, avec des concerts pr\u00e9vus \u00e0 Paris, Bruxelles, Zurich et Esch-sur-Alzette, en compagnie de <a href=\"https:\/\/www.metalzone.fr\/carcass\/\" target=\"_blank\" rel=\"noopener\">Carcass<\/a>, <a href=\"https:\/\/www.metalzone.fr\/exodus\/\" target=\"_blank\" rel=\"noopener\">Exodus<\/a> et Nails.<\/p>\n<p>Satanic Anarchy de Kreator :<\/p>\n","protected":false},"excerpt":{"rendered":"Kreator l\u00e8ve le voile sur un nouveau single percutant, Satanic Anarchy, qui annonce la sortie imminente de son&hellip;\n","protected":false},"author":2,"featured_media":583550,"comment_status":"","ping_status":"","sticky":false,"template":"","format":"standard","meta":{"footnotes":""},"categories":[1355],"tags":[58,59,1011,27,1361,873],"class_list":{"0":"post-583549","1":"post","2":"type-post","3":"status-publish","4":"format-standard","5":"has-post-thumbnail","7":"category-musique","8":"tag-divertissement","9":"tag-entertainment","10":"tag-fr","11":"tag-france","12":"tag-music","13":"tag-musique"},"share_on_mastodon":{"url":"https:\/\/pubeurope.com\/@fr\/115676551404576172","error":""},"_links":{"self":[{"href":"https:\/\/www.europesays.com\/fr\/wp-json\/wp\/v2\/posts\/583549","targetHints":{"allow":["GET"]}}],"collection":[{"href":"https:\/\/www.europesays.com\/fr\/wp-json\/wp\/v2\/posts"}],"about":[{"href":"https:\/\/www.europesays.com\/fr\/wp-json\/wp\/v2\/types\/post"}],"author":[{"embeddable":true,"href":"https:\/\/www.europesays.com\/fr\/wp-json\/wp\/v2\/users\/2"}],"replies":[{"embeddable":true,"href":"https:\/\/www.europesays.com\/fr\/wp-json\/wp\/v2\/comments?post=583549"}],"version-history":[{"count":0,"href":"https:\/\/www.europesays.com\/fr\/wp-json\/wp\/v2\/posts\/583549\/revisions"}],"wp:featuredmedia":[{"embeddable":true,"href":"https:\/\/www.europesays.com\/fr\/wp-json\/wp\/v2\/media\/583550"}],"wp:attachment":[{"href":"https:\/\/www.europesays.com\/fr\/wp-json\/wp\/v2\/media?parent=583549"}],"wp:term":[{"taxonomy":"category","embeddable":true,"href":"https:\/\/www.europesays.com\/fr\/wp-json\/wp\/v2\/categories?post=583549"},{"taxonomy":"post_tag","embeddable":true,"href":"https:\/\/www.europesays.com\/fr\/wp-json\/wp\/v2\/tags?post=583549"}],"curies":[{"name":"wp","href":"https:\/\/api.w.org\/{rel}","templated":true}]}}