{"id":583553,"date":"2025-12-07T05:08:23","date_gmt":"2025-12-07T05:08:23","guid":{"rendered":"https:\/\/www.europesays.com\/fr\/583553\/"},"modified":"2025-12-07T05:08:23","modified_gmt":"2025-12-07T05:08:23","slug":"jai-pris-le-tgv-en-pleine-face","status":"publish","type":"post","link":"https:\/\/www.europesays.com\/fr\/583553\/","title":{"rendered":"\u00ab\u00a0J&rsquo;ai pris le TGV en pleine face \u00bb"},"content":{"rendered":"<p>\u00ab Quand on m\u2019a annonc\u00e9 le diagnostic, j\u2019ai pris le TGV en pleine face \u00bb, confie Christine Bernard. \u00c0 61 ans, cette ancienne infirmi\u00e8re de bloc op\u00e9ratoire se souvient encore du choc de 2020.<\/p>\n<p>Pendant trois ans, elle a v\u00e9cu avec des douleurs dans la jambe, des fourmillements et une fatigue persistante. Les m\u00e9decins parlaient de d\u00e9pression, sans jamais trouver la cause. Jusqu\u2019\u00e0 ce qu\u2019un neurologue de Lyon pose enfin le mot redout\u00e9 : Parkinson.<\/p>\n<p>Le monde s\u2019\u00e9croule, mais Christine choisit de se battre : \u00ab J\u2019ai ressenti le besoin d\u2019en parler, de rencontrer d\u2019autres personnes vivant la m\u00eame chose que moi \u00bb, explique-t-elle. Elle rejoint alors France Parkinson Jura et s\u2019y investit pleinement. Aujourd\u2019hui secr\u00e9taire du comit\u00e9, elle r\u00e9dige les comptes rendus de r\u00e9union, repr\u00e9sente l\u2019association sur les forums, et pr\u00e9pare la cr\u00e9ation de la page web du groupe. Son moteur : aider et informer.<\/p>\n<p>  Une maladie qui touche aussi les jeunes<\/p>\n<p>Christine le r\u00e9p\u00e8te avec conviction, la maladie ne touche pas uniquement les personnes \u00e2g\u00e9es. \u00ab Elle atteint effectivement les seniors, mais malheureusement, de plus en plus de jeunes sont concern\u00e9s, parfois d\u00e8s la trentaine \u00bb, souligne-t-elle. Sur les r\u00e9seaux sociaux, elle suit de nombreux malades plus jeunes, actifs et engag\u00e9s. Une r\u00e9alit\u00e9 encore trop m\u00e9connue, qui rend l\u2019annonce du diagnostic d\u2019autant plus difficile. \u00ab Pour une personne jeune, c\u2019est un vrai bouleversement. Beaucoup ont peur pour leur avenir professionnel, familial, ou craignent le regard des autres. \u00bb<\/p>\n<p>  Trois leviers essentiels<\/p>\n<p>Christine s\u2019appuie sur les travaux de la chercheuse am\u00e9ricaine Laurie Mischley qui met en avant trois leviers essentiels : l\u2019activit\u00e9 physique, la vie sociale et une alimentation \u00e9quilibr\u00e9e. Elle-m\u00eame s\u2019y tient avec rigueur : \u00ab Je marche, je fais du v\u00e9lo, du ta\u00ef-chi, du Qi gong. Il y a des jours plus durs, bien s\u00fbr, mais l\u2019important c\u2019est de bouger, de ne pas s\u2019isoler. \u00bb Entour\u00e9e de sa famille, elle sait que le soutien moral est aussi vital que les traitements.<\/p>\n<p>Son regard se tourne vers l\u2019avenir : elle esp\u00e8re que la recherche permettra un jour de stopper la maladie et non plus seulement d\u2019en att\u00e9nuer les sympt\u00f4mes. En attendant, elle milite pour une meilleure prise en compte des malades plus jeunes avec la mise en place de groupes de parole, conseils juridiques, et d\u2019activit\u00e9s physiques adapt\u00e9es.<\/p>\n<p>\u00ab La vie continue, m\u00eame si elle est diff\u00e9rente \u00bb, conclut-elle avec douceur. \u00ab Il faut apprendre \u00e0 vivre avec la maladie sans la laisser tout diriger. \u00bb<\/p>\n<p class=\"note\">Contact : comite39@franceparkinson.fr T\u00e9l. : 07.83.60.15.11.<\/p>\n","protected":false},"excerpt":{"rendered":"\u00ab Quand on m\u2019a annonc\u00e9 le diagnostic, j\u2019ai pris le TGV en pleine face \u00bb, confie Christine Bernard.&hellip;\n","protected":false},"author":2,"featured_media":583554,"comment_status":"","ping_status":"","sticky":false,"template":"","format":"standard","meta":{"footnotes":""},"categories":[10],"tags":[2274,1057,107,1011,27,72,1826,3352,7874,71,273],"class_list":{"0":"post-583553","1":"post","2":"type-post","3":"status-publish","4":"format-standard","5":"has-post-thumbnail","7":"category-sante","8":"tag-edition-jura-sud","9":"tag-education","10":"tag-fil-info","11":"tag-fr","12":"tag-france","13":"tag-health","14":"tag-jura","15":"tag-lons-le-saunier","16":"tag-lons-le-saunier-ville","17":"tag-sante","18":"tag-selection-de-la-redaction"},"share_on_mastodon":{"url":"https:\/\/pubeurope.com\/@fr\/115676558411779025","error":""},"_links":{"self":[{"href":"https:\/\/www.europesays.com\/fr\/wp-json\/wp\/v2\/posts\/583553","targetHints":{"allow":["GET"]}}],"collection":[{"href":"https:\/\/www.europesays.com\/fr\/wp-json\/wp\/v2\/posts"}],"about":[{"href":"https:\/\/www.europesays.com\/fr\/wp-json\/wp\/v2\/types\/post"}],"author":[{"embeddable":true,"href":"https:\/\/www.europesays.com\/fr\/wp-json\/wp\/v2\/users\/2"}],"replies":[{"embeddable":true,"href":"https:\/\/www.europesays.com\/fr\/wp-json\/wp\/v2\/comments?post=583553"}],"version-history":[{"count":0,"href":"https:\/\/www.europesays.com\/fr\/wp-json\/wp\/v2\/posts\/583553\/revisions"}],"wp:featuredmedia":[{"embeddable":true,"href":"https:\/\/www.europesays.com\/fr\/wp-json\/wp\/v2\/media\/583554"}],"wp:attachment":[{"href":"https:\/\/www.europesays.com\/fr\/wp-json\/wp\/v2\/media?parent=583553"}],"wp:term":[{"taxonomy":"category","embeddable":true,"href":"https:\/\/www.europesays.com\/fr\/wp-json\/wp\/v2\/categories?post=583553"},{"taxonomy":"post_tag","embeddable":true,"href":"https:\/\/www.europesays.com\/fr\/wp-json\/wp\/v2\/tags?post=583553"}],"curies":[{"name":"wp","href":"https:\/\/api.w.org\/{rel}","templated":true}]}}