{"id":583557,"date":"2025-12-07T05:11:14","date_gmt":"2025-12-07T05:11:14","guid":{"rendered":"https:\/\/www.europesays.com\/fr\/583557\/"},"modified":"2025-12-07T05:11:14","modified_gmt":"2025-12-07T05:11:14","slug":"macbook-abordable-3-infos-cles-sur-le-modele-inedit-dapple-prevu-pour-2026","status":"publish","type":"post","link":"https:\/\/www.europesays.com\/fr\/583557\/","title":{"rendered":"MacBook abordable : 3 infos cl\u00e9s sur le mod\u00e8le in\u00e9dit d\u2019Apple pr\u00e9vu pour 2026"},"content":{"rendered":"<p class=\"ed__a-p ed__bdy__l\">Les MacBook s\u2019appr\u00eatent \u00e0 conna\u00eetre <a href=\"https:\/\/www.lesnumeriques.com\/ordinateur-portable\/3-nouveaux-macbook-debut-2026-apple-a-t-il-de-bonnes-raisons-de-vous-faire-patienter-n247332.html\" title=\"3 nouveaux MacBook d\u00e9but 2026\u00a0: Apple a-t-il de bonnes raisons de vous faire patienter\u00a0?\" target=\"_blank\" rel=\"noopener\">un chamboulement int\u00e9ressant en d\u00e9but d\u2019ann\u00e9e 2026<\/a> avec l\u2019introduction d\u2019un mod\u00e8le abordable qui pourrait s\u00e9duire davantage de clients. Un choix judicieux pour Apple, qui pourrait se positionner avec un vrai produit d\u2019appel, comme l\u2019est le Mac mini pour la gamme d\u2019ordinateurs de bureau. Voici les trois points \u00e0 retenir sur ce futur ordinateur portable in\u00e9dit de la firme \u00e0 la pomme\u00a0!<\/p>\n<p>Une puce d\u2019iPhone dans un MacBook, le choix malin d\u2019Apple<\/p>\n<p class=\"ed__a-p ed__bdy__l\">C\u00f4t\u00e9 puissance, Apple envisagerait d\u2019aller au plus simple en r\u00e9utilisant une ancienne g\u00e9n\u00e9ration de puces d\u2019iPhone\u00a0: l\u2019A18 Pro des <a href=\"https:\/\/www.lesnumeriques.com\/telephone-portable\/apple-iphone-16-pro-max-p75569\/test.html\" title=\"Apple iPhone 16 Pro Max\u00a0: la Pomme voit toujours plus grand, m\u00eame sans\u00a0IA\" target=\"_blank\" rel=\"noopener\">mod\u00e8les\u00a016 Pro<\/a>. Une mani\u00e8re de r\u00e9duire les co\u00fbts, tout en conservant une exp\u00e9rience tr\u00e8s fluide, comme c\u2019est le cas avec les puces Apple Silicon employ\u00e9es sur les MacBook depuis plusieurs ann\u00e9es.<\/p>\n<p class=\"ed__a-p ed__bdy__l\">Les tests de performances montrent en effet que le processeur serait proche de la M3\u00a0Ultra en single-core, voire d\u00e9passerait <a href=\"https:\/\/www.lesnumeriques.com\/ordinateur-portable\/apple-macbook-air-2020-m1-8-go-512-go-p62149\/test.html\" title=\"MacBook Air M1 : l&#039;ultraportable d&#039;Apple n&#039;a jamais \u00e9t\u00e9 aussi rapide\" target=\"_blank\" rel=\"noopener\">la puce\u00a0M1<\/a> en multi-core. De quoi offrir une exp\u00e9rience fluide et sans concessions \u00e0 bas prix au grand public. En prime, l\u2019A18 Pro est grav\u00e9e en 3\u00a0nm, ce qui lui conf\u00e8re une meilleure efficacit\u00e9 \u00e9nerg\u00e9tique que la gravure en 5\u00a0nm des Apple M2 et M3, se traduisant alors par une autonomie potentiellement plus \u00e9lev\u00e9e.<\/p>\n<p class=\"ed__a-p ed__bdy__l\">Apple se limiterait ensuite \u00e0 8\u00a0Go de RAM, soit le minimum syndical pour un usage bureautique l\u00e9ger\u2026 et Apple Intelligence. On esp\u00e8re au passage que l\u2019approvisionnement en m\u00e9moire vive est d\u00e9j\u00e0 assur\u00e9 par la firme de Cupertino. Celle-ci se fait effectivement rare \u00e0 cause de l\u2019app\u00e9tit des g\u00e9ants de la tech autour de l\u2019IA, promettant de <a href=\"https:\/\/www.lesnumeriques.com\/ordinateur-portable\/ordinateurs-pourquoi-attendre-2026-pour-changer-d-ordinateur-est-une-tres-mauvaise-idee-pour-votre-portefeuille-n247563.html\" title=\"Pourquoi attendre 2026 pour changer d&#039;ordinateur est une tr\u00e8s mauvaise id\u00e9e pour votre portefeuille\" target=\"_blank\" rel=\"noopener\">clairement faire augmenter le prix des PC<\/a> dans les mois \u00e0 venir.<\/p>\n<p>            Publicit\u00e9, votre contenu continue ci-dessous<\/p>\n<p>            Publicit\u00e9<\/p>\n<p>Un design plus compact et color\u00e9 pour faire la diff\u00e9rence<\/p>\n<p class=\"ed__a-p ed__bdy__l\">Afin de se diff\u00e9rencier des autres ordinateurs portables d\u2019Apple, ce MacBook abordable opterait pour un format plus compact. Les rumeurs \u00e9voquent ainsi une dalle LCD de seulement 13\u00a0pouces, l\u00e0 o\u00f9 le <a href=\"https:\/\/www.lesnumeriques.com\/ordinateur-portable\/apple-macbook-air-13-pouces-m4-p75174\/test.html\" title=\"Apple MacBook Air M4 13\u00a0pouces\u00a0: il ne reste rien aux PC portables sous Windows !\" target=\"_blank\" rel=\"noopener\">MacBook Air<\/a> et le <a href=\"https:\/\/www.lesnumeriques.com\/ordinateur-portable\/apple-macbook-pro-14-m5-p77249\/test.html\" title=\"Apple MacBook Pro\u00a014\u00a0: la polyvalence de la puce\u00a0M5 sublime une machine d\u00e9j\u00e0 presque parfaite\" target=\"_blank\" rel=\"noopener\">MacBook Pro<\/a> d\u00e9butent respectivement \u00e0 13,6\u00a0pouces et 14\u00a0pouces.<\/p>\n<p class=\"ed__a-p ed__bdy__l\">En prime, <a href=\"https:\/\/x.com\/mingchikuo\/status\/1939558413459177897 \" target=\"_blank\" rel=\"nofollow\">le divulg\u00e2cheur Ming-Chi Kuo estime<\/a> que cet ordinateur portable serait remarquable de par son design avec des coloris originaux, comme jadis l\u2019iMac G3 ou encore l\u2019embl\u00e9matique iBook Clamshel lanc\u00e9 en 1999. D\u2019apr\u00e8s l&rsquo;analyste, ce MacBook serait d\u00e9clin\u00e9 dans les teintes argent, bleu, rose et jaune.<\/p>\n<p class=\"ed__a-p ed__bdy__l\">Pour la connectique, l\u2019USB-C serait roi, comme c\u2019est d\u00e9j\u00e0 le cas sur les MacBook Air. La technologie Thunderbolt ne serait cependant pas de la partie, \u00e9tant donn\u00e9 qu\u2019elle n\u2019est pas prise en charge par l\u2019A18 Pro. Cela limiterait donc les d\u00e9bits \u00e0 10\u00a0Gbit\/s ou encore la prise en charge d\u2019un seul \u00e9cran externe. De petites concessions pour les clients vis\u00e9s par Apple, soit grand public peu demandeur sur ces deux points.<\/p>\n<p class=\"ed__a-p ed__bdy__l\">Simple et efficace, en \u00e9tant un peu tape \u00e0 l\u2019\u0153il, tel semble \u00eatre le design choisi pour ce MacBook abordable.<\/p>\n<p>Un prix d\u00e9fiant toute concurrence, similaire \u00e0 celui du Mac mini<\/p>\n<p class=\"ed__a-p ed__bdy__l\">Ces efforts permettraient ainsi \u00e0 Apple de proposer <a href=\"https:\/\/www.lesnumeriques.com\/ordinateur-portable\/macbook-low-cost-en-2026-le-plan-d-apple-pour-dynamiter-le-marche-de-l-ordinateur-portable-n244911.html\" title=\"MacBook &quot;low-cost&quot; en 2026 : le plan d&#039;Apple pour dynamiter le march\u00e9 de l&#039;ordinateur portable\" target=\"_blank\" rel=\"noopener\">un MacBook ultra-concurrentiel<\/a>.<\/p>\n<p class=\"ed__a-p ed__bdy__l\">D\u2019apr\u00e8s les rumeurs, le prix plancher envisag\u00e9 avoisinerait les 699\u00a0\u20ac, concordant ainsi avec celui du Mac mini dans sa configuration de base (M4, 16\u00a0Go de RAM et 256\u00a0Go de stockage). Une strat\u00e9gie qui permettrait de <a href=\"https:\/\/www.lesnumeriques.com\/ordinateur-portable\/macbook-low-cost-le-prix-du-premier-modele-ultra-abordable-d-apple-fuite-et-il-fait-rever-n240877.html\" title=\"MacBook low-cost : le prix du premier mod\u00e8le ultra-abordable d\u2019Apple fuite, et il fait r\u00eaver !\" target=\"_blank\" rel=\"noopener\">s\u2019attaquer sans souci aux mod\u00e8les des autres marques<\/a>, et surtout de drastiquement baisser le prix d\u2019entr\u00e9e de sa gamme d\u2019ordinateurs portables.<\/p>\n<p class=\"ed__a-p ed__bdy__l\">Effectivement, le MacBook Air 13\u00a0pouces est le mod\u00e8le actuel le moins cher d\u2019Apple. Son tarif de d\u00e9part est de 1099\u00a0\u20ac, soit 400\u00a0\u20ac plus cher que futur MacBook \u00e0 petit prix, attendu pour d\u00e9but 2026.<\/p>\n<p class=\"ed__a-p ed__bdy__l\">Cela serait ainsi l\u2019occasion pour la firme \u00e0 la pomme de toucher un public moins enclin \u00e0 d\u00e9bourser une somme \u00e0 quatre chiffres pour un ordinateur portable, rebutante aux premiers abords pour les consommateurs hors de l\u2019\u00e9cosyst\u00e8me Apple.<\/p>\n<p class=\"ed__a-p ed__bdy__l\">Si les rumeurs se confirment, Apple jouerait gros en optant pour la carte de l\u2019ordinateur portable accessible en 2026. Pour rappel, son lancement est attendu pour \u00e0 l&rsquo;aube de l&rsquo;ann\u00e9e 2026, potentiellement au mois de mars.<\/p>\n","protected":false},"excerpt":{"rendered":"Les MacBook s\u2019appr\u00eatent \u00e0 conna\u00eetre un chamboulement int\u00e9ressant en d\u00e9but d\u2019ann\u00e9e 2026 avec l\u2019introduction d\u2019un mod\u00e8le abordable qui&hellip;\n","protected":false},"author":2,"featured_media":583558,"comment_status":"","ping_status":"","sticky":false,"template":"","format":"standard","meta":{"footnotes":""},"categories":[7],"tags":[1011,27,43,40,41,39,42,44],"class_list":{"0":"post-583557","1":"post","2":"type-post","3":"status-publish","4":"format-standard","5":"has-post-thumbnail","7":"category-sciences-et-technologies","8":"tag-fr","9":"tag-france","10":"tag-science","11":"tag-science-and-technology","12":"tag-sciences","13":"tag-sciences-et-technologies","14":"tag-technologies","15":"tag-technology"},"share_on_mastodon":{"url":"https:\/\/pubeurope.com\/@fr\/115676570259575868","error":""},"_links":{"self":[{"href":"https:\/\/www.europesays.com\/fr\/wp-json\/wp\/v2\/posts\/583557","targetHints":{"allow":["GET"]}}],"collection":[{"href":"https:\/\/www.europesays.com\/fr\/wp-json\/wp\/v2\/posts"}],"about":[{"href":"https:\/\/www.europesays.com\/fr\/wp-json\/wp\/v2\/types\/post"}],"author":[{"embeddable":true,"href":"https:\/\/www.europesays.com\/fr\/wp-json\/wp\/v2\/users\/2"}],"replies":[{"embeddable":true,"href":"https:\/\/www.europesays.com\/fr\/wp-json\/wp\/v2\/comments?post=583557"}],"version-history":[{"count":0,"href":"https:\/\/www.europesays.com\/fr\/wp-json\/wp\/v2\/posts\/583557\/revisions"}],"wp:featuredmedia":[{"embeddable":true,"href":"https:\/\/www.europesays.com\/fr\/wp-json\/wp\/v2\/media\/583558"}],"wp:attachment":[{"href":"https:\/\/www.europesays.com\/fr\/wp-json\/wp\/v2\/media?parent=583557"}],"wp:term":[{"taxonomy":"category","embeddable":true,"href":"https:\/\/www.europesays.com\/fr\/wp-json\/wp\/v2\/categories?post=583557"},{"taxonomy":"post_tag","embeddable":true,"href":"https:\/\/www.europesays.com\/fr\/wp-json\/wp\/v2\/tags?post=583557"}],"curies":[{"name":"wp","href":"https:\/\/api.w.org\/{rel}","templated":true}]}}