{"id":583559,"date":"2025-12-07T05:12:16","date_gmt":"2025-12-07T05:12:16","guid":{"rendered":"https:\/\/www.europesays.com\/fr\/583559\/"},"modified":"2025-12-07T05:12:16","modified_gmt":"2025-12-07T05:12:16","slug":"vous-voulez-payer-moins-dimpots-en-2026-voici-les-gestes-simples-a-faire-avant-le-31-decembre","status":"publish","type":"post","link":"https:\/\/www.europesays.com\/fr\/583559\/","title":{"rendered":"Vous voulez payer moins d&rsquo;imp\u00f4ts en 2026 ? Voici les gestes simples \u00e0 faire avant le 31 d\u00e9cembre"},"content":{"rendered":"<p>Il est encore temps de r\u00e9duire votre imp\u00f4t 2026 gr\u00e2ce \u00e0 des dispositifs fiscaux accessibles avant le 31 d\u00e9cembre. <strong>L\u2019imp\u00f4t sur le revenu peut \u00eatre all\u00e9g\u00e9 en toute l\u00e9galit\u00e9 si vous effectuez certaines d\u00e9penses avant la fin de l\u2019ann\u00e9e.<\/strong> Il existe plusieurs moyens de <strong>d\u00e9fiscaliser<\/strong> en 2025, qu\u2019il s\u2019agisse de dons, d\u2019\u00e9pargne retraite ou d\u2019investissements immobiliers. Ces dispositifs ne sont pas r\u00e9serv\u00e9s aux plus ais\u00e9s et peuvent b\u00e9n\u00e9ficier \u00e0 tous les contribuables. Mais pour en profiter, il faut agir rapidement, car le <strong>calendrier fiscal<\/strong> impose une \u00e9ch\u00e9ance claire : le 31 d\u00e9cembre.<\/p>\n<p>R\u00e9duisez vos imp\u00f4ts avec des dons aux associations<\/p>\n<p>Faire un don \u00e0 une <strong>association d\u2019int\u00e9r\u00eat g\u00e9n\u00e9ral<\/strong> ouvre droit \u00e0 une <strong>r\u00e9duction d\u2019imp\u00f4t de 66 %<\/strong>, dans la limite de 20 % du revenu imposable. Ce taux peut m\u00eame atteindre <strong>75 % pour les organismes d\u2019aide aux personnes en difficult\u00e9<\/strong>, jusqu\u2019\u00e0 1000 euros de don. Cela concerne des structures comme les Restos du C\u0153ur ou Emma\u00fcs. Attention : vous devrez conserver un <strong>re\u00e7u fiscal<\/strong> pour justifier votre versement lors de votre prochaine d\u00e9claration.<\/p>\n<p>Le Plan \u00c9pargne Retraite : un outil puissant de d\u00e9duction<\/p>\n<p>Le <strong>Plan \u00c9pargne Retraite (PER)<\/strong> permet de <strong>d\u00e9duire de vos revenus imposables<\/strong> les sommes vers\u00e9es, dans la limite de 10 % de vos revenus. Plus votre <strong>taux d\u2019imposition<\/strong> est \u00e9lev\u00e9, plus l\u2019\u00e9conomie r\u00e9alis\u00e9e est importante. Par exemple, un versement de 1200 \u20ac peut vous faire \u00e9conomiser jusqu\u2019\u00e0 <strong>360 \u20ac d\u2019imp\u00f4t<\/strong> si vous \u00eates dans la tranche des 30 %. Ce produit reste attractif, d\u2019autant qu\u2019il combine <strong>\u00e9pargne \u00e0 long terme<\/strong> et <strong>avantage fiscal imm\u00e9diat<\/strong>. Retrouvez notre article sur les <a href=\"https:\/\/www.cesdefrance.fr\/actualite\/impots-une-simple-action-a-faire-avant-le-6-decembre-pour-eviter-une-baisse-de-salaire-en-2026\/\" target=\"_blank\" rel=\"noopener\">imp\u00f4ts\u00a0: une simple action \u00e0 faire avant le 6 d\u00e9cembre pour \u00e9viter une baisse de salaire en 2026.<\/a><\/p>\n<p>Immobilier : le Denormandie encore accessible<\/p>\n<p>Le <strong>dispositif Denormandie<\/strong> permet de r\u00e9duire vos imp\u00f4ts en achetant un bien ancien \u00e0 r\u00e9nover, puis en le louant. L\u2019avantage fiscal va jusqu\u2019\u00e0 <strong>21 % du montant investi<\/strong>, selon la dur\u00e9e de location (6, 9 ou 12 ans). L\u2019investissement est plafonn\u00e9 \u00e0 <strong>300 000 \u20ac<\/strong>. Pour \u00eatre \u00e9ligible, le logement doit \u00eatre situ\u00e9 dans certaines zones \u00e9ligibles. Attention : l\u2019achat et l\u2019engagement de travaux doivent \u00eatre act\u00e9s <strong>avant le 31 d\u00e9cembre<\/strong> pour entrer dans le calcul de l\u2019imp\u00f4t 2026.<\/p>\n<p>Loc\u2019Avantages : r\u00e9duction sans acheter<\/p>\n<p>Le dispositif <strong>Loc\u2019Avantages<\/strong> permet aux propri\u00e9taires de b\u00e9n\u00e9ficier d\u2019une <strong>r\u00e9duction d\u2019imp\u00f4t<\/strong> s\u2019ils louent leur bien \u00e0 un loyer inf\u00e9rieur au march\u00e9. Ce m\u00e9canisme ne n\u00e9cessite pas d\u2019investissement mais impose de signer une <strong>convention avec l\u2019Anah<\/strong>. Toutefois, les d\u00e9lais pour cette convention d\u00e9passent souvent un mois. Il est donc peu probable d\u2019en b\u00e9n\u00e9ficier pour l\u2019imp\u00f4t 2026, mais vous pouvez d\u00e9j\u00e0 vous organiser pour <strong>2027<\/strong> en anticipant vos d\u00e9marches d\u00e8s maintenant. Pour aller plus loin, d\u00e9couvrez \u00e9galement notre article sur l\u2019<a href=\"https:\/\/www.cesdefrance.fr\/actualite\/epargne-en-crise-ces-placements-que-les-francais-privilegient-face-a-la-chute-des-taux\/\" target=\"_blank\" rel=\"noopener\">\u00e9pargne en crise : ces placements que les Fran\u00e7ais privil\u00e9gient face \u00e0 la chute des taux.<\/a><\/p>\n<p>Conclusion<\/p>\n<p>Il existe encore plusieurs fa\u00e7ons <strong>simples et efficaces de r\u00e9duire votre imp\u00f4t<\/strong> avant la fin de l\u2019ann\u00e9e. Dons, \u00e9pargne retraite, investissement immobilier : \u00e0 chacun sa strat\u00e9gie. L\u2019important est d\u2019agir <strong>avant le 31 d\u00e9cembre<\/strong> pour que vos d\u00e9penses soient prises en compte dans la d\u00e9claration 2026. Et vous, avez-vous d\u00e9j\u00e0 utilis\u00e9 l\u2019un de ces dispositifs de d\u00e9fiscalisation ? <strong>Partagez vos astuces ou posez vos questions en commentaire !<\/strong><\/p>\n<p>En tant que jeune m\u00e9dia ind\u00e9pendant, CESdeFrance a besoin de votre aide. Soutenez-nous en nous suivant et en nous ajoutant \u00e0 vos favoris sur Google News. Merci !<\/p>\n<p><a href=\"https:\/\/news.google.com\/publications\/CAAqBwgKMNnPrAsw5trEAw?hl=fr&amp;gl=FR&amp;ceid=FR%3Afr\" target=\"_blank\" rel=\"external noopener\">Suivez-nous sur Google News <\/a><\/p>\n","protected":false},"excerpt":{"rendered":"Il est encore temps de r\u00e9duire votre imp\u00f4t 2026 gr\u00e2ce \u00e0 des dispositifs fiscaux accessibles avant le 31&hellip;\n","protected":false},"author":2,"featured_media":583560,"comment_status":"","ping_status":"","sticky":false,"template":"","format":"standard","meta":{"footnotes":""},"categories":[6],"tags":[35,33,34,1011,27],"class_list":{"0":"post-583559","1":"post","2":"type-post","3":"status-publish","4":"format-standard","5":"has-post-thumbnail","7":"category-economie","8":"tag-business","9":"tag-economie","10":"tag-economy","11":"tag-fr","12":"tag-france"},"share_on_mastodon":{"url":"https:\/\/pubeurope.com\/@fr\/115676574198007170","error":""},"_links":{"self":[{"href":"https:\/\/www.europesays.com\/fr\/wp-json\/wp\/v2\/posts\/583559","targetHints":{"allow":["GET"]}}],"collection":[{"href":"https:\/\/www.europesays.com\/fr\/wp-json\/wp\/v2\/posts"}],"about":[{"href":"https:\/\/www.europesays.com\/fr\/wp-json\/wp\/v2\/types\/post"}],"author":[{"embeddable":true,"href":"https:\/\/www.europesays.com\/fr\/wp-json\/wp\/v2\/users\/2"}],"replies":[{"embeddable":true,"href":"https:\/\/www.europesays.com\/fr\/wp-json\/wp\/v2\/comments?post=583559"}],"version-history":[{"count":0,"href":"https:\/\/www.europesays.com\/fr\/wp-json\/wp\/v2\/posts\/583559\/revisions"}],"wp:featuredmedia":[{"embeddable":true,"href":"https:\/\/www.europesays.com\/fr\/wp-json\/wp\/v2\/media\/583560"}],"wp:attachment":[{"href":"https:\/\/www.europesays.com\/fr\/wp-json\/wp\/v2\/media?parent=583559"}],"wp:term":[{"taxonomy":"category","embeddable":true,"href":"https:\/\/www.europesays.com\/fr\/wp-json\/wp\/v2\/categories?post=583559"},{"taxonomy":"post_tag","embeddable":true,"href":"https:\/\/www.europesays.com\/fr\/wp-json\/wp\/v2\/tags?post=583559"}],"curies":[{"name":"wp","href":"https:\/\/api.w.org\/{rel}","templated":true}]}}