{"id":583561,"date":"2025-12-07T05:13:12","date_gmt":"2025-12-07T05:13:12","guid":{"rendered":"https:\/\/www.europesays.com\/fr\/583561\/"},"modified":"2025-12-07T05:13:12","modified_gmt":"2025-12-07T05:13:12","slug":"14-morts-et-34-blesses-dans-un-accident-de-bus","status":"publish","type":"post","link":"https:\/\/www.europesays.com\/fr\/583561\/","title":{"rendered":"14 morts et 34 bless\u00e9s dans un accident de bus"},"content":{"rendered":"<p>\n    Le bus transportant des voyageurs a d\u00e9rap\u00e9 avant de se renverser alors qu\u2019il circulait sur une route nationale reliant Bechar \u00e0 Tindouf, dans l\u2019extr\u00eame sud de l\u2019Alg\u00e9rie.<\/p>\n<p class=\"fig-paragraph\">Quatorze personnes ont \u00e9t\u00e9 tu\u00e9es et 34 autres bless\u00e9es samedi lorsqu&rsquo;un autobus a d\u00e9rap\u00e9 et s&rsquo;est renvers\u00e9 dans le sud de l&rsquo;<a href=\"http:\/\/www.lefigaro.fr\/international\/dossier\/relations-entre-la-france-et-l-algerie-tout-comprendre-aux-tensions-diplomatiques\" data-fig-type=\"Topic\" data-gtm-custom-categorie=\"navigation\" data-gtm-custom-action=\"crossclick\" data-gtm-custom-label=\"Contextuel\" data-gtm-event=\"customEventSPE\" data-fig-domain=\"LEFIGARO\" target=\"_blank\" rel=\"noopener\">Alg\u00e9rie<\/a>, a indiqu\u00e9 la protection civile.<\/p>\n<p class=\"fig-paragraph\">Les photographies de sites des m\u00e9dias locaux montrent le bus renvers\u00e9 sur le toit au bord d&rsquo;une route, de la localit\u00e9 de Tebelballa, \u00e0 environ 400 km au sud de Bechar, dans le sud du pays.<\/p>\n<p>                                            <a class=\"fig-a11y-skip\" href=\"#fig-a11y-skip-main-inarticle\" data-module=\"a11y-skip\" data-context=\"was @visible\"><br \/>\n    Passer la publicit\u00e9<br \/>\n<\/a>            <\/p>\n<p class=\"fig-paragraph\">Le bus transportant des voyageurs a d\u00e9rap\u00e9 avant de se renverser alors qu&rsquo;il circulait sur une route nationale reliant Bechar \u00e0 Tindouf, dans l&rsquo;extr\u00eame sud de l&rsquo;Alg\u00e9rie.<\/p>\n<p class=\"fig-paragraph\">Le pr\u00e9sident Abdelmadjid Tebboune s&rsquo;est dit \u00abattrist\u00e9\u00bb par cet accident et a pr\u00e9sent\u00e9 ses condol\u00e9ances aux familles des victimes.<\/p>\n<p class=\"fig-paragraph\">C&rsquo;est l&rsquo;accident routier le plus meurtrier depuis le mois d&rsquo;ao\u00fbt lorsqu&rsquo;un autobus tranportant des voyageurs a chut\u00e9 dans un oued (rivi\u00e8re), pr\u00e8s d&rsquo;Alger, faisant 18 morts.<\/p>\n","protected":false},"excerpt":{"rendered":"Le bus transportant des voyageurs a d\u00e9rap\u00e9 avant de se renverser alors qu\u2019il circulait sur une route nationale&hellip;\n","protected":false},"author":2,"featured_media":583562,"comment_status":"","ping_status":"","sticky":false,"template":"","format":"standard","meta":{"footnotes":""},"categories":[5],"tags":[11,15,1011,27,14,12,28],"class_list":{"0":"post-583561","1":"post","2":"type-post","3":"status-publish","4":"format-standard","5":"has-post-thumbnail","7":"category-international","8":"tag-actualites","9":"tag-algerie","10":"tag-fr","11":"tag-france","12":"tag-international","13":"tag-news","14":"tag-world"},"share_on_mastodon":{"url":"https:\/\/pubeurope.com\/@fr\/115676578024164850","error":""},"_links":{"self":[{"href":"https:\/\/www.europesays.com\/fr\/wp-json\/wp\/v2\/posts\/583561","targetHints":{"allow":["GET"]}}],"collection":[{"href":"https:\/\/www.europesays.com\/fr\/wp-json\/wp\/v2\/posts"}],"about":[{"href":"https:\/\/www.europesays.com\/fr\/wp-json\/wp\/v2\/types\/post"}],"author":[{"embeddable":true,"href":"https:\/\/www.europesays.com\/fr\/wp-json\/wp\/v2\/users\/2"}],"replies":[{"embeddable":true,"href":"https:\/\/www.europesays.com\/fr\/wp-json\/wp\/v2\/comments?post=583561"}],"version-history":[{"count":0,"href":"https:\/\/www.europesays.com\/fr\/wp-json\/wp\/v2\/posts\/583561\/revisions"}],"wp:featuredmedia":[{"embeddable":true,"href":"https:\/\/www.europesays.com\/fr\/wp-json\/wp\/v2\/media\/583562"}],"wp:attachment":[{"href":"https:\/\/www.europesays.com\/fr\/wp-json\/wp\/v2\/media?parent=583561"}],"wp:term":[{"taxonomy":"category","embeddable":true,"href":"https:\/\/www.europesays.com\/fr\/wp-json\/wp\/v2\/categories?post=583561"},{"taxonomy":"post_tag","embeddable":true,"href":"https:\/\/www.europesays.com\/fr\/wp-json\/wp\/v2\/tags?post=583561"}],"curies":[{"name":"wp","href":"https:\/\/api.w.org\/{rel}","templated":true}]}}